{"id":99763,"date":"2022-10-03T14:20:51","date_gmt":"2022-10-03T13:20:51","guid":{"rendered":"https:\/\/middleeasttransparent.com\/?p=99763"},"modified":"2022-10-03T14:20:51","modified_gmt":"2022-10-03T13:20:51","slug":"un-president-dagonie-ou-de-convalescence","status":"publish","type":"post","link":"https:\/\/middleeasttransparent.com\/fr\/un-president-dagonie-ou-de-convalescence\/","title":{"rendered":"Un pr\u00e9sident d\u2019agonie ou de convalescence?"},"content":{"rendered":"<h3><span style=\"color: #666699;\">L\u2019\u00e9lection d\u2019un nouveau pr\u00e9sident ne mettra pas fin de sit\u00f4t \u00e0 la crise libanaise due, essentiellement, au rapt de la volont\u00e9 souveraine de l\u2019\u00c9tat qui n\u2019a aucune raison de prendre fin. Au milieu de la crise mondiale actuelle et des menaces nucl\u00e9aires qui se pr\u00e9cisent de plus en plus, il serait difficile d\u2019imaginer la mise en place d\u2019une tutelle internationale permettant de remettre sur pied le malade libanais au bord de l\u2019agonie. L\u2019\u00e9lection pr\u00e9sidentielle ne semble pas en mesure de changer la donne \u00e0 moins d\u2019entreprendre un long travail de convalescence.<\/span><\/h3>\n<p>&nbsp;<\/p>\n<p>&nbsp;<\/p>\n<p>Le monde suspend son souffle suite aux retomb\u00e9es du conflit en Ukraine. On craint la disette par manque de c\u00e9r\u00e9ales. On grelotte anticipativement \u00e0 la perspective de manquer de chauffage cet hiver. L\u2019Europe occidentale se d\u00e9bat avec son Euro par terre alors que le prix de la production d\u2019\u00e9nergie s\u2019envole. Elle observe, m\u00e9dus\u00e9e, la mont\u00e9e aux extr\u00eames, en son sein, des populismes postfascistes. La communaut\u00e9 internationale est \u00e9pouvant\u00e9e \u00e0 la seule id\u00e9e que la Russie de Poutine mettrait ses menaces nucl\u00e9aires \u00e0 ex\u00e9cution. Face \u00e0 tout cela, la campagne pr\u00e9sidentielle libanaise appara\u00eet comme un divertissement de luxe, \u00e0 peine amusant, pour gamins malappris se disputant dans une arri\u00e8re-cour d\u2019\u00e9cole primaire. L\u2019opinion publique libanaise n\u2019en finit pas de soupeser les chances de l\u2019un ou l\u2019autre membre du petit club de coqs de combat maronites, tous candidats pr\u00e9sidentiables, certains \u00e9tant m\u00eame d\u00e9clar\u00e9s \u00e0 leur propre insu.<\/p>\n<p>Le spectacle est d\u2019autant plus amusant qu\u2019inutile. Toute cette agitation ne m\u00e8nera probablement pas \u00e0 l\u2019\u00e9lection d\u2019un pr\u00e9sident pouvant s\u2019installer, avant le 31 octobre prochain, dans le fauteuil tant convoit\u00e9 du Palais de Baabda. \u00c0 supposer que, par miracle, les d\u00e9put\u00e9s parviennent \u00e0 \u00e9lire un chef d\u2019\u00c9tat, on se surprend \u00e0 poser la question na\u00efve : \u00a0\u00bb quel est cet \u00c9tat que cet homme, ou cette femme, va pouvoir diriger ? \u00ab\u00a0. \u00c0 quoi sert donc un pr\u00e9sident d\u2019une r\u00e9publique prise en \u00e9tau par le Hezbollah pour le compte de l\u2019Iran ? On vit les derniers jours d\u2019un mandat qui a pu b\u00e9n\u00e9ficier, gr\u00e2ce \u00e0 la bonne volont\u00e9 de l\u2019occupant, d\u2019une \u00e9troite marge de man\u0153uvre lui permettant, tout juste, de r\u00e9gler leurs comptes \u00e0 ses rivaux tant d\u00e9test\u00e9s, chr\u00e9tiens et sunnites. Rien ne changera tant que l\u2019\u00c9tat ne recouvre pas sa souverainet\u00e9 ainsi que le monopole de ses pouvoirs r\u00e9galiens. Le plus parfait des pr\u00e9sidentiables ne pourra rien faire tant que l\u2019hypoth\u00e8que iranienne du Hezbollah p\u00e8sera lourdement sur ses \u00e9paules.<\/p>\n<p>Soixante-trois bulletins blancs de vote lors de la premi\u00e8re s\u00e9ance \u00e9lectorale. Chiffre \u00f4 combien significatif. Il suffit que cette belle et blanche unanimit\u00e9 puisse s\u2019adjoindre deux bulletins suppl\u00e9mentaires et le tour sera jou\u00e9. \u00c0 la majorit\u00e9 absolue de 65 voix, un nouveau pr\u00e9sident sera donc \u00e9lu en un tour de main. Qui ? Le marchandage est en cours. On a vu comment, pour s\u2019installer dans le fameux fauteuil de Baabda, certains sont pr\u00eats \u00e0 tout sacrifier : veaux, vaches, cochons, couv\u00e9es, p\u00e2turages et patrie. Cependant, nombreux demeurent les pr\u00e9sidentiables dont le parcours est indemne de toute compromission sordide.<\/p>\n<p><strong>Un choix multis\u00e9culaire<\/strong><br \/>\nMais tout d\u00e9pend de l\u2019Iran tant le Hezbollah a sap\u00e9 les fondements du Liban. Une bonne partie de l\u2019opinion publique chr\u00e9tienne a accept\u00e9 de se renier elle-m\u00eame pour complaire \u00e0 la volont\u00e9 iranienne, contre l\u2019illusion vaine de satisfaire la volont\u00e9 de puissance. Les maronites ont, depuis le V\u00b0-VI\u00b0 si\u00e8cles, toujours fait le choix de regarder vers l\u2019Ouest, vers le monde m\u00e9diterran\u00e9en. Apr\u00e8s le Concile de Chalc\u00e9doine (451 EC), ils furent les seuls \u00a0\u00bb syriaques \u00a0\u00bb \u00e0 partager la foi de l\u2019Empereur romain, \u00e0 l\u2019instar de tous les \u00a0\u00bb melkites \u00ab\u00a0. Ils ont renouvel\u00e9 leur choix \u00a0\u00bb occidental \u00a0\u00bb en acceptant, au VII\u00b0 si\u00e8cle, le compromis monoth\u00e9lite de l\u2019empereur H\u00e9raclius, initi\u00e9 par le patriarche Serge de Constantinople (610-638 EC) et accept\u00e9 par le pape Honorius Ier de Rome (\u019a 638 EC). Cette formule, que condamnera le Concile de Constantinople III (681 EC), fut \u00e9labor\u00e9e afin de refaire l\u2019unit\u00e9 de l\u2019Orient romain face aux Perses Sassanides. Malgr\u00e9 leur maintien du monoth\u00e9lisme, les maronites renoueront avec la Rome latine au Moyen-\u00c2ge, fid\u00e8les en cela \u00e0 leur positionnement m\u00e9diterran\u00e9en de toujours. Cette constance remarquable ne sera rompue que par le funeste accord de Mar-Mikha\u00efl, conclu en 2006 par Hassan Nasrallah et Michel Aoun. Par cette alliance, la communaut\u00e9 maronite du Liban s\u2019est trouv\u00e9e \u00e9cartel\u00e9e entre deux axes g\u00e9ostrat\u00e9giques oppos\u00e9s : T\u00e9h\u00e9ran-Moscou-Damas d\u2019un c\u00f4t\u00e9 et Euro-Arabe de l\u2019autre. Cette fracture intra-chr\u00e9tienne n\u2019est pas pr\u00e8s de cicatriser. Il faudra des d\u00e9cennies pour \u00e9vacuer les effets d\u00e9vastateurs du \u00a0\u00bb aounisme \u00ab\u00a0, mouvement appartenant \u00e0 la cat\u00e9gorie du \u00a0\u00bb post-fascisme \u00a0\u00bb ou \u00a0\u00bb national-populisme \u00a0\u00bb qui d\u00e9ferle actuellement sur le monde entier.<\/p>\n<p><strong>Une tutelle internationale ou une ACIT ?<\/strong><br \/>\nUn nouveau pr\u00e9sident est-il en mesure de raccommoder le pays d\u00e9chiquet\u00e9 et refaire l\u2019unit\u00e9 politique ? Il est permis d\u2019en douter, non parce que nul homme ne s\u2019av\u00e8re \u00e0 la hauteur d\u2019une telle t\u00e2che mais parce que les r\u00e8gles du jeu sont pourries. Les d\u00e9s sont pip\u00e9s. La caste dirigeante, \u00e0 savoir le couple \u00a0\u00bb milice-mafia \u00ab\u00a0, d\u00e9tient tous les leviers de commande. On pourrait imaginer l\u2019\u00e9lection d\u2019un archange descendu du ciel au poste de chef du non-\u00c9tat libanais. Il est l\u00e9gitime d\u2019affirmer qu\u2019il pourrait bien se m\u00e9tamorphoser en ange d\u00e9chu du royaume des enfers. En d\u2019autres termes, c\u2019est tout le syst\u00e8me qui a besoin d\u2019un coup de balai. Tous les rouages du pays sont entre les mains de la m\u00eame bande depuis des lustres. Le pays a besoin d\u2019une phase transitoire de convalescence durant laquelle les mis\u00e9rables guerres pour des parcelles infimes de pouvoir doivent cesser. Tant que l\u2019actuelle association de malfaiteurs tient le pays, tout espoir semble vain.<\/p>\n<p>Que faire ? Comment organiser la convalescence ? On peut imaginer un coup de force militaire ou une r\u00e9volution sanglante. Nul ne semble dispos\u00e9 \u00e0 tenter de telles aventures. Une neutralisation du Liban serait la bienvenue mais comment y parvenir ? Amin Maalouf avait \u00e9voqu\u00e9, dans un entretien accord\u00e9 au Point (14\/08\/2022), le besoin de mettre le Liban sous tutelle internationale.<\/p>\n<p>La proposition est s\u00e9duisante. Cependant, fait observer le juriste Sagi Sinno, \u00a0\u00bb la tutelle internationale, au sens du Chapitre XIII de la Charte de l\u2019ONU, ne semble pas applicable aujourd\u2019hui pour le Liban. D\u2019ailleurs, plus aucun pays, \u00c9tat ou territoire ne sont actuellement plac\u00e9s sous tutelle internationale, et ce depuis l\u2019accession des Palaos \u00e0 l\u2019ind\u00e9pendance en 1994. Le Conseil de tutelle, lui-m\u00eame, avait suspendu ses activit\u00e9s au mois de novembre de la m\u00eame ann\u00e9e \u00ab\u00a0. Dans le cas du Liban, on pourrait envisager une administration civile internationale transitoire (ACIT), \u00e0 l\u2019image de celles mises en place au Kosovo et au Timor oriental. Mais, ajoute Sinno, \u00a0\u00bb il faudrait, pour cela, passer par une r\u00e9solution du Conseil de S\u00e9curit\u00e9 sur la base du Chapitre VII de la Charte de l\u2019ONU \u00ab\u00a0. On le voit, tout ce m\u00e9canisme juridique demeure tributaire de la volont\u00e9 politique de la communaut\u00e9 internationale, notamment celle des cinq grandes puissances qui d\u00e9tiennent un droit de veto au Conseil de S\u00e9curit\u00e9. On voit mal, dans ces conditions, la F\u00e9d\u00e9ration de Russie et la R\u00e9publique Populaire de Chine accepter sans sourciller l\u2019instauration d\u2019une ACIT au Liban, qui irait \u00e0 l\u2019encontre des int\u00e9r\u00eats de leur alli\u00e9 : l\u2019Iran des Mollahs.<\/p>\n<p>Et pourtant, une phase transitoire demeure indispensable. Phase de convalescence qui serait mise \u00e0 profit pour nettoyer les \u00e9curies d\u2019Augias, casser l\u2019h\u00e9g\u00e9monie de la bande milice-mafia, briser l\u2019\u00c9tat mafieux comme cela fut fait en Italie gr\u00e2ce \u00e0 la t\u00e9m\u00e9rit\u00e9 de juges int\u00e8gres comme Giovanni Falcone. C\u2019est pourquoi la seule vertu qu\u2019on exige d\u2019un nouveau chef de l\u2019\u00c9tat c\u2019est de faire le m\u00e9nage au sein de la magistrature en rendant aux juges leur libert\u00e9 vis-\u00e0-vis des forces politiques et leur dignit\u00e9 comme boucliers de la r\u00e8gle du droit. Ceci se r\u00e9alise par le respect rigoureux de la Constitution et non par les exercices d\u2019herm\u00e9neutique politicienne de son texte.<\/p>\n<footer class=\"article-footer hiba\"><\/footer>\n<p>&nbsp;<\/p>\n<div class=\"author-title\">\n<p><strong>Antoine Courban<\/strong>:\u00a0 Professeur d\u2019anatomie et d\u2019\u00e9pist\u00e9mologie \u00e0 l\u2019Universit\u00e9 Saint-Joseph depuis 1990, Antoine Courban est r\u00e9dacteur en chef de la revue de l\u2019USJ, \u00ab Travaux et Jours \u00bb, depuis 2016. Docteur en m\u00e9decine (1977) et sp\u00e9cialiste en chirurgie g\u00e9n\u00e9rale (1983) de l\u2019Universit\u00e9 de Li\u00e8ge, il est Inscrit \u00e0 l\u2019Ordre des m\u00e9decins de Belgique et de Beyrouth. Il est \u00e9galement membre du Conseil de l\u2019Enseignement Sup\u00e9rieur depuis 2019, membre du Conseil du Centre Georges Canguilhem d\u2019Histoire et Philosophie des Sciences depuis 1999 et auteur aux \u00e9ditions PUF et au MIT Press. Chroniqueur \u00e0 \u00ab L\u2019Orient-Le Jour \u00bb de 2005 \u00e0 2021, il est aujourd\u2019hui conseiller de la r\u00e9daction \u00e0 \u00ab Ici Beyrouth \u00bb.<\/p>\n<\/div>\n<p><a href=\"https:\/\/icibeyrouth.com\/liban\/132142\">Ici Beyrouth<\/a><\/p>\n","protected":false},"excerpt":{"rendered":"<p>L\u2019\u00e9lection d\u2019un nouveau pr\u00e9sident ne mettra pas fin de sit\u00f4t \u00e0 la crise libanaise due, essentiellement, au rapt de la volont\u00e9 souveraine de l\u2019\u00c9tat qui n\u2019a aucune raison de prendre fin. Au milieu de la crise mondiale actuelle et des menaces nucl\u00e9aires qui se pr\u00e9cisent de plus en plus, il serait difficile d\u2019imaginer la mise<\/p>\n","protected":false},"author":33,"featured_media":99768,"comment_status":"open","ping_status":"open","sticky":false,"template":"","format":"standard","meta":{"_uf_show_specific_survey":0,"_uf_disable_surveys":false,"footnotes":""},"categories":[37],"tags":[],"class_list":{"0":"post-99763","1":"post","2":"type-post","3":"status-publish","4":"format-standard","5":"has-post-thumbnail","7":"category-alaune-fr"},"aioseo_notices":[],"_links":{"self":[{"href":"https:\/\/middleeasttransparent.com\/fr\/wp-json\/wp\/v2\/posts\/99763","targetHints":{"allow":["GET"]}}],"collection":[{"href":"https:\/\/middleeasttransparent.com\/fr\/wp-json\/wp\/v2\/posts"}],"about":[{"href":"https:\/\/middleeasttransparent.com\/fr\/wp-json\/wp\/v2\/types\/post"}],"author":[{"embeddable":true,"href":"https:\/\/middleeasttransparent.com\/fr\/wp-json\/wp\/v2\/users\/33"}],"replies":[{"embeddable":true,"href":"https:\/\/middleeasttransparent.com\/fr\/wp-json\/wp\/v2\/comments?post=99763"}],"version-history":[{"count":0,"href":"https:\/\/middleeasttransparent.com\/fr\/wp-json\/wp\/v2\/posts\/99763\/revisions"}],"wp:featuredmedia":[{"embeddable":true,"href":"https:\/\/middleeasttransparent.com\/fr\/wp-json\/wp\/v2\/media\/99768"}],"wp:attachment":[{"href":"https:\/\/middleeasttransparent.com\/fr\/wp-json\/wp\/v2\/media?parent=99763"}],"wp:term":[{"taxonomy":"category","embeddable":true,"href":"https:\/\/middleeasttransparent.com\/fr\/wp-json\/wp\/v2\/categories?post=99763"},{"taxonomy":"post_tag","embeddable":true,"href":"https:\/\/middleeasttransparent.com\/fr\/wp-json\/wp\/v2\/tags?post=99763"}],"curies":[{"name":"wp","href":"https:\/\/api.w.org\/{rel}","templated":true}]}}