{"id":98972,"date":"2022-08-31T16:56:44","date_gmt":"2022-08-31T15:56:44","guid":{"rendered":"https:\/\/middleeasttransparent.com\/?p=98972"},"modified":"2022-08-31T16:56:44","modified_gmt":"2022-08-31T15:56:44","slug":"lirak-une-nouvelle-fois-au-bord-du-precipice","status":"publish","type":"post","link":"https:\/\/middleeasttransparent.com\/fr\/lirak-une-nouvelle-fois-au-bord-du-precipice\/","title":{"rendered":"L\u2019Irak une nouvelle fois au bord du pr\u00e9cipice"},"content":{"rendered":"<header class=\"header-article\">\n<figure>\n<div>\n<div><\/div>\n<\/div>\n<\/figure>\n<\/header>\n<section id=\"section-article\">\n<div id=\"section-articleContent\">\n<p class=\"article_element introduction firstParagraph \"><em>Les partisans du leader chiite Moqtada al-Sadr ont investi, lundi, la zone verte, o\u00f9 des affrontements avec l\u2019arm\u00e9e et les milices pro-Iran ont fait plus de 20 morts.<\/em><\/p>\n<\/div>\n<p>&nbsp;<\/p>\n<div id=\"section-articleContent\">\n<h3><span style=\"color: #666699;\">Moqtada al-Sadr a su, \u00e0 temps, \u00e9teindre l\u2019incendie qu\u2019il avait lui-m\u00eame allum\u00e9, cr\u00e9ant les conditions d\u2019un d\u00e9but d\u2019apaisement alors que l\u2019Irak \u00e9tait au bord de la guerre civile. Mardi en milieu de journ\u00e9e, ses partisans, qui occupaient la zone verte de Bagdad, si\u00e8ge des principaux centres du pouvoir et de plusieurs ambassades occidentales, ont commenc\u00e9 \u00e0 quitter les lieux apr\u00e8s vingt-quatre heures de violence entre groupes chiites.<\/span><\/h3>\n<\/div>\n<\/section>\n<p>&nbsp;<\/p>\n<section id=\"section-article\">\n<div id=\"section-articleContent\">\n<p>&nbsp;<\/p>\n<p class=\"article_element paragraph\">Peu avant, leur chef, aussi puissant qu\u2019impr\u00e9visible, avait donn\u00e9 \u00ab\u00a060 minutes\u00a0\u00bb \u00e0 ses combattants pour se retirer du secteur, faute de quoi il mena\u00e7ait de les \u00ab\u00a0d\u00e9savouer\u00a0\u00bb. L\u2019arm\u00e9e a, peu apr\u00e8s, lev\u00e9 le couvre-feu qu\u2019elle avait instaur\u00e9 lundi apr\u00e8s-midi sur la capitale irakienne, o\u00f9 l\u2019on recense plus de 20\u00a0morts et 300 bless\u00e9s, en majorit\u00e9 parmi les sadristes.<\/p>\n<p class=\"article_element paragraph\">\u00ab\u00a0Je pr\u00e9sente mes excuses au peuple irakien, seul affect\u00e9 par les \u00e9v\u00e9nements\u00a0\u00bb, a d\u00e9clar\u00e9 le leader chiite lors d\u2019une conf\u00e9rence de presse dans son fief de Nadjaf, la ville sainte chiite \u00e0 150\u00a0kilom\u00e8tres au sud de Bagdad.<\/p>\n<p class=\"article_element paragraph\">La capitale irakienne a tutoy\u00e9 pendant 24 heures la guerre civile. B\u00e2timents saccag\u00e9s ou br\u00fbl\u00e9s, obus de mortier, tirs d\u2019armes automatiques : depuis lundi apr\u00e8s-midi, la zone verte de Bagdad avait sombr\u00e9 dans un climat insurrectionnel. Les violences, qui avaient gagn\u00e9 des villes du sud de l\u2019Irak, ont oppos\u00e9 les sadristes, regroup\u00e9s au sein de <em>Brigades de la paix<\/em>, \u00e0 ses ennemis, chiites eux aussi, li\u00e9s aux milices soutenues par l\u2019Iran et \u00e0 des unit\u00e9s des forces sp\u00e9ciales de l\u2019arm\u00e9e. Il s\u2019agit des affrontements les plus violents depuis plusieurs ann\u00e9es. Mardi matin, apr\u00e8s une nuit d\u2019explosions, des obus de mortier continuaient d\u2019\u00eatre tir\u00e9s par les sadristes contre la Zone verte.<\/p>\n<p class=\"article_element paragraph\">Alors que depuis plus d\u2019un mois, Moqtada al-Sadr fait monter la pression en vue de peser sur le choix du premier ministre, la situation avait d\u00e9g\u00e9n\u00e9r\u00e9 lundi apr\u00e8s-midi lorsque des centaines de ses combattants avaient envahi le Palais de la R\u00e9publique, qui accueille le Conseil des ministres, dans la zone verte. Quelques instants auparavant, le fantasque dirigeant chiite annon\u00e7ait qu\u2019il se retirait \u00ab d\u00e9finitivement \u00bb de la vie politique, laissant ses partisans libres d\u2019agir comme ils l\u2019entendaient et nourrissant ainsi les risques d\u2019escalade. Ce n\u2019est pas la premi\u00e8re fois qu\u2019il faisait une telle annonce, g\u00e9n\u00e9ralement suivie d\u2019un recul. Lundi en fin d\u2019apr\u00e8s-midi, depuis son repaire de Koufa, pr\u00e8s de la ville sainte chiite de Nadjaf, \u00e0 150 km au sud de Bagdad, Sadr, h\u00e9ritier d\u2019une grande famille chiite influente parmi sa communaut\u00e9, annon\u00e7ait m\u00eame qu\u2019il se mettait en gr\u00e8ve de la faim.<\/p>\n<p class=\"article_element paragraph\">Sans premier ministre depuis les \u00e9lections l\u00e9gislatives d\u2019octobre 2021, l\u2019Irak s\u2019enfon\u00e7ait un peu plus dans le chaos. La bataille, sanglante comme souvent dans ce pays o\u00f9 depuis des d\u00e9cennies la violence est le mode de r\u00e8glement des tensions politiques, d\u00e9chire la \u00ab\u00a0maison chiite\u00a0\u00bb, la principale communaut\u00e9, pers\u00e9cut\u00e9e sous Saddam Hussein et qui d\u00e9tient, depuis la chute du dictateur en 2003, la r\u00e9alit\u00e9 du pouvoir, via le poste de premier ministre.<\/p>\n<p class=\"article_element paragraph\"><strong>Depuis un an bient\u00f4t, l\u2019Irak n\u2019a ni gouvernement, ni pr\u00e9sident de la R\u00e9publique<\/strong>, et les t\u00e9nors d\u2019un syst\u00e8me confessionnel \u00e0 bout de souffle n\u2019arrivent pas \u00e0 s\u2019entendre sur le nom du chef du gouvernement qui succ\u00e9dera \u00e0 Mustapha al-Kazemi, r\u00e9duit \u00e0 exp\u00e9dier les affaires courantes.<\/p>\n<p class=\"article_element paragraph\">Sortis vainqueurs des l\u00e9gislatives, les sadristes insistent pour dissoudre le Parlement, mais ses rivaux soutenus par l\u2019Iran et regroup\u00e9s au sein d\u2019une coalition appel\u00e9e <strong>Cadre de coordination<\/strong> &#8211; en fort recul aux derni\u00e8res l\u00e9gislatives\u00a0&#8211; veulent d\u2019abord nommer un gouvernement. M\u00eame si les deux camps s\u2019accordent sur la n\u00e9cessit\u00e9 d\u2019un scrutin l\u00e9gislatif anticip\u00e9, Sadr ne veut plus d\u2019un premier ministre de compromis entre factions chiites &#8211; comme c\u2019est le cas depuis 2003. <strong>Nationaliste, il tient \u00e0 le d\u00e9signer en s\u2019alliant aux sunnites et \u00e0 un parti kurde<\/strong>. Depuis un mois, ses sympathisants faisaient monter les ench\u00e8res en campant aux abords du Parlement, certains ayant m\u00eame bloqu\u00e9 bri\u00e8vement la plus haute instance judiciaire du pays.<\/p>\n<p class=\"article_element paragraph\"><strong>Selon certaines sources, l\u2019apaisement aurait \u00e9t\u00e9 arrach\u00e9 apr\u00e8s une m\u00e9diation d\u2019Ali Reza Sistani, le fils de l\u2019ayatollah Ali Sistani,<\/strong> la figure tut\u00e9laire des chiites d\u2019Irak, qui a entam\u00e9 des n\u00e9gociations entre les leaders du camp sadriste et ceux du cadre de la Coordination pour stopper l\u2019effusion de sang \u00e0 Bagdad. La m\u00e9diation a port\u00e9 ses fruits. Mais pour combien de temps\u00a0? La crise politico-institutionnelle est loin d\u2019avoir \u00e9t\u00e9 r\u00e9gl\u00e9e.<\/p>\n<p class=\"article_element paragraph\">M\u00eame s\u2019il a recul\u00e9, \u00ab\u00a0Sadr veut contr\u00f4ler la situation, affirme au Figaro un diplomate \u00e0 Bagdad. Il pense que c\u2019est maintenant ou jamais. Sadr se pr\u00e9sente comme le seul leader de la communaut\u00e9 chiite, et son ambition ne s\u2019arr\u00eate pas \u00e0 la sc\u00e8ne politique : il veut aussi \u00eatre le seul leader religieux chez les chiites, alors que la succession de l\u2019ayatollah Ali Sistani est ouverte.\u00a0\u00bb \u00c2g\u00e9 de 90 ans environ, Sistani est la plus haute figure spirituelle chiite d\u2019Irak. Moqtada al-Sadr est populaire dans une large partie de la communaut\u00e9 chiite pour avoir lutt\u00e9 contre l\u2019occupation am\u00e9ricaine du pays \u00e0 partir de 2003 et r\u00e9sist\u00e9 ensuite \u00e0 la domination iranienne sur l\u2019ancienne M\u00e9sopotamie.<\/p>\n<p class=\"article_element paragraph\"><strong>Apr\u00e8s s\u2019\u00eatre rapproch\u00e9, ces derni\u00e8res ann\u00e9es, des monarchies sunnites du Golfe,<\/strong> qui partagent avec lui le souci de faire rempart \u00e0 T\u00e9h\u00e9ran, il a montr\u00e9 une fois de plus qu\u2019il avait la capacit\u00e9 de mobiliser la rue. Mais face aux factions pro-Iran bien arm\u00e9es, le rapport de forces ne lui est pas forc\u00e9ment favorable.<\/p>\n<\/div>\n<p><a href=\"https:\/\/www.lefigaro.fr\/international\/l-irak-une-nouvelle-fois-au-bord-du-precipice-20220830\">LE FIGARO<\/a><\/p>\n<\/section>\n","protected":false},"excerpt":{"rendered":"<p>Les partisans du leader chiite Moqtada al-Sadr ont investi, lundi, la zone verte, o\u00f9 des affrontements avec l\u2019arm\u00e9e et les milices pro-Iran ont fait plus de 20 morts. &nbsp; Moqtada al-Sadr a su, \u00e0 temps, \u00e9teindre l\u2019incendie qu\u2019il avait lui-m\u00eame allum\u00e9, cr\u00e9ant les conditions d\u2019un d\u00e9but d\u2019apaisement alors que l\u2019Irak \u00e9tait au bord de la<\/p>\n","protected":false},"author":34,"featured_media":98978,"comment_status":"open","ping_status":"open","sticky":false,"template":"","format":"standard","meta":{"_uf_show_specific_survey":0,"_uf_disable_surveys":false,"footnotes":""},"categories":[37],"tags":[],"class_list":{"0":"post-98972","1":"post","2":"type-post","3":"status-publish","4":"format-standard","5":"has-post-thumbnail","7":"category-alaune-fr"},"aioseo_notices":[],"_links":{"self":[{"href":"https:\/\/middleeasttransparent.com\/fr\/wp-json\/wp\/v2\/posts\/98972","targetHints":{"allow":["GET"]}}],"collection":[{"href":"https:\/\/middleeasttransparent.com\/fr\/wp-json\/wp\/v2\/posts"}],"about":[{"href":"https:\/\/middleeasttransparent.com\/fr\/wp-json\/wp\/v2\/types\/post"}],"author":[{"embeddable":true,"href":"https:\/\/middleeasttransparent.com\/fr\/wp-json\/wp\/v2\/users\/34"}],"replies":[{"embeddable":true,"href":"https:\/\/middleeasttransparent.com\/fr\/wp-json\/wp\/v2\/comments?post=98972"}],"version-history":[{"count":0,"href":"https:\/\/middleeasttransparent.com\/fr\/wp-json\/wp\/v2\/posts\/98972\/revisions"}],"wp:featuredmedia":[{"embeddable":true,"href":"https:\/\/middleeasttransparent.com\/fr\/wp-json\/wp\/v2\/media\/98978"}],"wp:attachment":[{"href":"https:\/\/middleeasttransparent.com\/fr\/wp-json\/wp\/v2\/media?parent=98972"}],"wp:term":[{"taxonomy":"category","embeddable":true,"href":"https:\/\/middleeasttransparent.com\/fr\/wp-json\/wp\/v2\/categories?post=98972"},{"taxonomy":"post_tag","embeddable":true,"href":"https:\/\/middleeasttransparent.com\/fr\/wp-json\/wp\/v2\/tags?post=98972"}],"curies":[{"name":"wp","href":"https:\/\/api.w.org\/{rel}","templated":true}]}}