{"id":988,"date":"2015-05-21T13:16:34","date_gmt":"2015-05-21T12:16:34","guid":{"rendered":"http:\/\/vflw.io\/1\/?p=988"},"modified":"2015-05-21T13:16:34","modified_gmt":"2015-05-21T12:16:34","slug":"pour-conjurer-la-violence","status":"publish","type":"post","link":"https:\/\/middleeasttransparent.com\/fr\/pour-conjurer-la-violence\/","title":{"rendered":"Pour conjurer la violence"},"content":{"rendered":"<p><strong>Trois \u00e9v\u00e9nements vont marquer notre existence pour les d\u00e9cennies \u00e0 venir.<\/strong><\/p>\n<p>Le premier de ces \u00e9v\u00e9nements se d\u00e9roule \u00e0 notre fronti\u00e8re. Un pays, la Syrie, est en voie d\u2019\u00eatre ray\u00e9 de la carte. Le bilan des quatre derni\u00e8res ann\u00e9es est effroyable\u00a0: pr\u00e8s de 300 000 morts et plus de neuf millions de d\u00e9plac\u00e9s. De 2011 \u00e0 2015, l\u2019esp\u00e9rance de vie a baiss\u00e9 de vingt ans <a class=\"spip_out\" href=\"http:\/\/www.middleeasttransparent.com\/spip.php?page=article&amp;id_article=30781&amp;lang=ar\" rel=\"external\">et 83\u00a0% des lumi\u00e8res de Syrie se sont, durant la m\u00eame p\u00e9riode, \u00e9teintes<\/a>. Nul n\u2019est en mesure de pr\u00e9voir quand elles se rallumeront.<\/p>\n<p>Le deuxi\u00e8me \u00e9v\u00e9nement est l\u2019affrontement qui oppose aujourd\u2019hui, en Syrie, en Irak et au Y\u00e9men, sunnites et chiites, dans une nouvelle \u00ab\u00a0guerre de trente ans\u00a0\u00bb semblable \u00e0 celle qui avait oppos\u00e9, au XVIIe si\u00e8cle, protestants et catholiques, ravageant l\u2019Europe de la Baltique \u00e0 la M\u00e9diterran\u00e9e. Cet affrontement s\u2019est g\u00e9n\u00e9ralis\u00e9 avec la guerre du Y\u00e9men et engage d\u00e9sormais une grande partie du monde musulman.<\/p>\n<p>Le troisi\u00e8me \u00e9v\u00e9nement est l\u2019exode des chr\u00e9tiens de la r\u00e9gion, victimes de la guerre et d\u2019une politique d\u2019\u00e9puration religieuse, exode qui, s\u2019il se poursuit, risque de priver le monde arabe de la diversit\u00e9 n\u00e9cessaire \u00e0 son d\u00e9veloppement.<\/p>\n<p>Cette violence qui ravage notre r\u00e9gion n\u2019\u00e9pargne plus l\u2019Europe. L\u2019attrait exerc\u00e9 par les mouvements jihadistes sur les jeunes marginalis\u00e9s par une soci\u00e9t\u00e9 qui ne parvient plus \u00e0 leur offrir un horizon d\u2019esp\u00e9rance est consid\u00e9rable.<\/p>\n<p>Cette violence se greffe sur une crise plus g\u00e9n\u00e9rale \u2013 celle d\u2019un syst\u00e8me \u00e9conomique \u2013 marqu\u00e9e par la destruction environnementale et la mont\u00e9e brutale des in\u00e9galit\u00e9s sociales qui menace la coh\u00e9sion du tissu social et met fin au r\u00eave europ\u00e9en de la r\u00e9ussite pour tous. Cette crise se traduit au niveau politique par la mont\u00e9e dans la plupart des pays europ\u00e9ens de l\u2019extr\u00eame droite, qui recrute parmi les laiss\u00e9s-pour-compte de la mondialisation, menac\u00e9s par le ch\u00f4mage, le d\u00e9classement social et la perte des liens sociaux.<\/p>\n<p>Cette situation de crise g\u00e9n\u00e9ralis\u00e9e est porteuse de tous les dangers pour le Liban. Les ingr\u00e9dients pour une nouvelle bascule dans la violence sont l\u00e0\u00a0: tensions entre les communaut\u00e9s musulmanes, affaiblissement de l\u2019\u00c9tat, paralysie des institutions, crise \u00e9conomique aggrav\u00e9 par l\u2019afflux des r\u00e9fugi\u00e9s venant de Syrie&#8230;<\/p>\n<p>Or cette bascule n\u2019a pas eu lieu parce que les Libanais qui ont fait l\u2019exp\u00e9rience de la plus longue des guerres civiles qui ont marqu\u00e9 le si\u00e8cle pass\u00e9 refusent aujourd\u2019hui, dans leur \u00e9crasante majorit\u00e9, de jouer le jeu de la violence.<strong> Seule une minorit\u00e9 continue de croire \u00e0 la vertu des armes alors m\u00eame qu\u2019elle commence \u00e0 r\u00e9aliser que son projet ne peut plus aboutir.<\/strong><\/p>\n<p>La force de cette minorit\u00e9 ne r\u00e9side plus aujourd\u2019hui dans les armes qu\u2019elle poss\u00e8de et les appuis ext\u00e9rieurs dont elle b\u00e9n\u00e9ficie, mais dans l\u2019absence d\u2019un projet de paix face au projet de guerre perp\u00e9tuelle qu\u2019elle continue de d\u00e9fendre.<\/p>\n<p><strong>Il est temps aujourd\u2019hui, apr\u00e8s 40 ans de guerres, de jeter les bases d\u2019une autre culture, une culture de la paix et du vivre-ensemble dont la premi\u00e8re t\u00e2che devrait \u00eatre de r\u00e9habiliter le mod\u00e8le libanais<\/strong> du vivre-ensemble qui prend aujourd\u2019hui, avec la violence qui ravage notre r\u00e9gion et commence \u00e0 s\u2019\u00e9tendre \u00e0 l\u2019Europe et \u00e0 l\u2019Afrique, une importance consid\u00e9rable, et cela en mettant en \u00e9vidence l\u2019exceptionnalit\u00e9 de l\u2019exp\u00e9rience libanaise o\u00f9, fait unique dans le monde, chr\u00e9tiens et musulmans sont associ\u00e9s dans la gestion d\u2019un m\u00eame \u00c9tat et o\u00f9, fait unique dans le monde musulman, sunnites et chiites sont partenaires dans la gestion d\u2019un m\u00eame \u00c9tat.<\/p>\n<p>Il faut \u00e9galement sur la base de cette nouvelle culture r\u00e9habiliter la politique, jusque-l\u00e0 domin\u00e9e par les luttes pour le pouvoir entre des partis communautaires qui ont, depuis pr\u00e8s d\u2019un demi-si\u00e8cle, engag\u00e9 le pays dans une situation de guerre permanente, suscitant l\u2019intervention de forces \u00e9trang\u00e8res.<\/p>\n<p>Il serait peut-\u00eatre n\u00e9cessaire, \u00e0 ce stade, de faire preuve de maturit\u00e9 et de reconna\u00eetre que nous avons tous \u00e9t\u00e9, \u00e0 un moment ou \u00e0 un autre, s\u00e9duits par cette culture de la violence. La \u00ab\u00a0r\u00e9sistance\u00a0\u00bb du Hezbollah n\u2019est pas la premi\u00e8re dans la s\u00e9rie des \u00ab\u00a0r\u00e9sistances\u00a0\u00bb que le pays a connues depuis 1969, mais la derni\u00e8re. Avant elle, nous avons eu la \u00ab\u00a0r\u00e9sistance palestinienne\u00a0\u00bb, puis la \u00ab\u00a0r\u00e9sistance libanaise\u00a0\u00bb men\u00e9e par les partis chr\u00e9tiens, suivie de la \u00ab\u00a0r\u00e9sistance nationale\u00a0\u00bb islamo-progressiste, avant d\u2019arriver aujourd\u2019hui \u00e0 la \u00ab\u00a0r\u00e9sistance islamique\u00a0\u00bb.<\/p>\n<p><strong>R\u00e9habiliter la politique<\/strong> n\u00e9cessite donc de substituer \u00e0 la division des Libanais sur des bases communautaires une division de nature diff\u00e9rente, entre ceux qui ont tir\u00e9 les le\u00e7ons de la guerre et compris l\u2019importance du lien \u00e0 l\u2019autre, cet autre qui nous forme comme nous le formons, et ceux qui n\u2019ont pas quitt\u00e9 leurs \u00ab\u00a0ghettos\u00a0\u00bb communautaires et continuent de consid\u00e9rer l\u2019autre dans sa diff\u00e9rence comme une menace existentielle \u00e0 laquelle il faut faire face.<\/p>\n<p>Cette nouvelle division qui rel\u00e8ve de la culture permet de refonder la politique qui n\u2019a plus aujourd\u2019hui de prise sur le r\u00e9el sur des bases nouvelles et de mettre ensemble tous ceux qui, dans toutes les communaut\u00e9s et au sein de la soci\u00e9t\u00e9 civile, refusent la violence et sont pr\u00eats \u00e0 mener la bataille contre tous les extr\u00e9mismes.<\/p>\n<p><a class=\"spip_out\" href=\"http:\/\/www.lorientlejour.com\/article\/921936\/pour-conjurer-la-violence.html\" rel=\"external\">L\u2019Orient Le Jour<\/a><\/p>\n","protected":false},"excerpt":{"rendered":"<p>Trois \u00e9v\u00e9nements vont marquer notre existence pour les d\u00e9cennies \u00e0 venir. Le premier de ces \u00e9v\u00e9nements se d\u00e9roule \u00e0 notre fronti\u00e8re. Un pays, la Syrie, est en voie d\u2019\u00eatre ray\u00e9 de la carte. Le bilan des quatre derni\u00e8res ann\u00e9es est effroyable\u00a0: pr\u00e8s de 300 000 morts et plus de neuf millions de d\u00e9plac\u00e9s. De 2011<\/p>\n","protected":false},"author":83,"featured_media":989,"comment_status":"open","ping_status":"open","sticky":false,"template":"","format":"standard","meta":{"_uf_show_specific_survey":0,"_uf_disable_surveys":false,"footnotes":""},"categories":[22],"tags":[],"class_list":{"0":"post-988","1":"post","2":"type-post","3":"status-publish","4":"format-standard","5":"has-post-thumbnail","7":"category-actualites-fr"},"aioseo_notices":[],"_links":{"self":[{"href":"https:\/\/middleeasttransparent.com\/fr\/wp-json\/wp\/v2\/posts\/988","targetHints":{"allow":["GET"]}}],"collection":[{"href":"https:\/\/middleeasttransparent.com\/fr\/wp-json\/wp\/v2\/posts"}],"about":[{"href":"https:\/\/middleeasttransparent.com\/fr\/wp-json\/wp\/v2\/types\/post"}],"author":[{"embeddable":true,"href":"https:\/\/middleeasttransparent.com\/fr\/wp-json\/wp\/v2\/users\/83"}],"replies":[{"embeddable":true,"href":"https:\/\/middleeasttransparent.com\/fr\/wp-json\/wp\/v2\/comments?post=988"}],"version-history":[{"count":0,"href":"https:\/\/middleeasttransparent.com\/fr\/wp-json\/wp\/v2\/posts\/988\/revisions"}],"wp:featuredmedia":[{"embeddable":true,"href":"https:\/\/middleeasttransparent.com\/fr\/wp-json\/wp\/v2\/media\/989"}],"wp:attachment":[{"href":"https:\/\/middleeasttransparent.com\/fr\/wp-json\/wp\/v2\/media?parent=988"}],"wp:term":[{"taxonomy":"category","embeddable":true,"href":"https:\/\/middleeasttransparent.com\/fr\/wp-json\/wp\/v2\/categories?post=988"},{"taxonomy":"post_tag","embeddable":true,"href":"https:\/\/middleeasttransparent.com\/fr\/wp-json\/wp\/v2\/tags?post=988"}],"curies":[{"name":"wp","href":"https:\/\/api.w.org\/{rel}","templated":true}]}}