{"id":98248,"date":"2022-08-07T22:11:15","date_gmt":"2022-08-07T21:11:15","guid":{"rendered":"https:\/\/middleeasttransparent.com\/?p=98248"},"modified":"2022-08-07T22:15:43","modified_gmt":"2022-08-07T21:15:43","slug":"souhaid-definit-lenjeu-de-lelection-presidentielle","status":"publish","type":"post","link":"https:\/\/middleeasttransparent.com\/fr\/souhaid-definit-lenjeu-de-lelection-presidentielle\/","title":{"rendered":"Souhaid d\u00e9finit l\u2019enjeu de l\u2019\u00e9lection pr\u00e9sidentielle"},"content":{"rendered":"<div class=\"single-headeris-center\"><\/div>\n<div class=\"entry post-content entry-content single-entry iframe-loaded\">\n<h3><span style=\"color: #666699;\">Dans une interview \u00e0 l\u2019agence al-Markaziya ax\u00e9e sur le profil du prochain pr\u00e9sident de la R\u00e9publique, l\u2019ancien d\u00e9put\u00e9 Far\u00e8s Souhaid a d\u00e9clar\u00e9 qu\u2019il existe un \u00ab\u00a0conflit entre deux projets\u00a0\u00bb.<\/span><\/h3>\n<p>&nbsp;<\/p>\n<p>Le premier projet vise \u00e0 \u00ab\u00a0accomplir les int\u00e9r\u00eats de l\u2019Iran au Liban et implique que le pr\u00e9sident maronite \u00e0 venir soit soutenu par le Hezbollah et qu\u2019il visite la banlieue-sud pour pr\u00e9senter ses lettres de cr\u00e9ance au secr\u00e9taire g\u00e9n\u00e9ral du parti, Hassan Nasrallah\u00a0\u00bb. Quant \u00e0 la seconde option, privil\u00e9gi\u00e9e par M. Souhaid, elle correspond \u00e0 l\u2019\u00e9lection d\u2019un pr\u00e9sident souverainiste qui r\u00e9pond aux qualit\u00e9s pos\u00e9es par le patriarche maronite B\u00e9chara el-Ra\u00ef.<\/p>\n<p>D\u00e9taillant les caract\u00e9ristiques essentielles du prochain chef de l\u2019\u00c9tat, M. Souhaid estime en substance que le pr\u00e9sident \u00e0 venir doit respecter la lettre et l\u2019esprit des accords de Ta\u00ebf, privil\u00e9gier clairement l\u2019int\u00e9r\u00eat des pays arabes \u00e0 celui de tout autre \u00c9tat, et enfin veiller \u00e0 l\u2019application \u00a0des d\u00e9cisions \u00e9manant de la l\u00e9galit\u00e9 internationale, en particulier celles relatives au Liban.<\/p>\n<p>R\u00e9pondant \u00e0 une question, M. Souhaid a affirm\u00e9 que \u00ab\u00a0l\u2019arriv\u00e9e d\u2019un pr\u00e9sident gravitant dans l\u2019orbite du Hezbollah reviendrait \u00e0 la poursuite des tentatives d\u2019affaiblissement des chr\u00e9tiens et de l\u2019\u00c9glise, que ce camp tente de diaboliser en l\u2019accusant m\u00eame de trahison, et ce apr\u00e8s avoir r\u00e9ussi \u00e0 affaiblir nos fr\u00e8res sunnites en les accusant de corruption et de terrorisme\u00a0\u00bb.<\/p>\n<p>Enfin, M. Souhaid a soulign\u00e9 que \u00ab\u00a0la d\u00e9limitation des fronti\u00e8res avec Isra\u00ebl d\u00e9passe la question g\u00e9ographique et correspond \u00e0 la pose des jalons d\u2019une collaboration \u00e9conomique future entre le Liban et Isra\u00ebl sous la protection du Hezbollah, un \u00e9l\u00e9ment qui est beaucoup plus dangereux que les accords dits du 17 mai (1983)\u00a0\u00bb. Cet accord libano-isra\u00e9lien sign\u00e9 lors de la pr\u00e9sidence d\u2019Amine Gemayel mettait fin \u00e0 l\u2019\u00e9tat de bellig\u00e9rance entre ces deux protagonistes. Il avait \u00e9t\u00e9 ratifi\u00e9 par le Parlement puis annul\u00e9 par le gouvernement et n\u2019avait donc pas abouti.<\/p>\n<p><a href=\"https:\/\/icibeyrouth.com\/liban\/108620\">Ici Beyrouth<\/a><\/p>\n<\/div>\n","protected":false},"excerpt":{"rendered":"<p>Dans une interview \u00e0 l\u2019agence al-Markaziya ax\u00e9e sur le profil du prochain pr\u00e9sident de la R\u00e9publique, l\u2019ancien d\u00e9put\u00e9 Far\u00e8s Souhaid a d\u00e9clar\u00e9 qu\u2019il existe un \u00ab\u00a0conflit entre deux projets\u00a0\u00bb. &nbsp; Le premier projet vise \u00e0 \u00ab\u00a0accomplir les int\u00e9r\u00eats de l\u2019Iran au Liban et implique que le pr\u00e9sident maronite \u00e0 venir soit soutenu par le Hezbollah<\/p>\n","protected":false},"author":924,"featured_media":98252,"comment_status":"open","ping_status":"open","sticky":false,"template":"","format":"standard","meta":{"_uf_show_specific_survey":0,"_uf_disable_surveys":false,"footnotes":""},"categories":[37],"tags":[],"class_list":{"0":"post-98248","1":"post","2":"type-post","3":"status-publish","4":"format-standard","5":"has-post-thumbnail","7":"category-alaune-fr"},"aioseo_notices":[],"_links":{"self":[{"href":"https:\/\/middleeasttransparent.com\/fr\/wp-json\/wp\/v2\/posts\/98248","targetHints":{"allow":["GET"]}}],"collection":[{"href":"https:\/\/middleeasttransparent.com\/fr\/wp-json\/wp\/v2\/posts"}],"about":[{"href":"https:\/\/middleeasttransparent.com\/fr\/wp-json\/wp\/v2\/types\/post"}],"author":[{"embeddable":true,"href":"https:\/\/middleeasttransparent.com\/fr\/wp-json\/wp\/v2\/users\/924"}],"replies":[{"embeddable":true,"href":"https:\/\/middleeasttransparent.com\/fr\/wp-json\/wp\/v2\/comments?post=98248"}],"version-history":[{"count":0,"href":"https:\/\/middleeasttransparent.com\/fr\/wp-json\/wp\/v2\/posts\/98248\/revisions"}],"wp:featuredmedia":[{"embeddable":true,"href":"https:\/\/middleeasttransparent.com\/fr\/wp-json\/wp\/v2\/media\/98252"}],"wp:attachment":[{"href":"https:\/\/middleeasttransparent.com\/fr\/wp-json\/wp\/v2\/media?parent=98248"}],"wp:term":[{"taxonomy":"category","embeddable":true,"href":"https:\/\/middleeasttransparent.com\/fr\/wp-json\/wp\/v2\/categories?post=98248"},{"taxonomy":"post_tag","embeddable":true,"href":"https:\/\/middleeasttransparent.com\/fr\/wp-json\/wp\/v2\/tags?post=98248"}],"curies":[{"name":"wp","href":"https:\/\/api.w.org\/{rel}","templated":true}]}}