{"id":9776,"date":"2016-02-28T23:10:44","date_gmt":"2016-02-28T22:10:44","guid":{"rendered":"http:\/\/middleeasttransparent.com\/?p=9776"},"modified":"2016-02-28T23:10:44","modified_gmt":"2016-02-28T22:10:44","slug":"exclusif-blatter-ecrit-a-infantino-prepare-toi-bien-mais-sois-vigilant","status":"publish","type":"post","link":"https:\/\/middleeasttransparent.com\/fr\/exclusif-blatter-ecrit-a-infantino-prepare-toi-bien-mais-sois-vigilant\/","title":{"rendered":"EXCLUSIF &#8211; Blatter \u00e9crit \u00e0 Infantino : \u00ab\u00a0Pr\u00e9pare-toi bien mais sois\u00a0vigilant\u00a0\u00bb"},"content":{"rendered":"<div id=\"article-header\">\n<h3><strong>TRIBUNE &#8211; L&rsquo;ancien pr\u00e9sident de la Fifa\u00a0Sepp Blatter, finalement d\u00e9tr\u00f4n\u00e9\u00a0par le scandale qui a frapp\u00e9 l&rsquo;organisation, adresse par l&rsquo;entremise du <i>JDD<\/i> une lettre \u00e0 son successeur Gianni Infantino.<\/strong><\/h3>\n<\/div>\n<div id=\"article-body\">\n<div id=\"article-photo\">\n<h3><img decoding=\"async\" class=\"ico i-zoom\" src=\"http:\/\/cdn2-lejdd.ladmedia.fr\/design\/lejdd\/images\/blank.gif\" alt=\"\" width=\"13\" height=\"13\" align=\"Agrandir la photo\" \/>L&rsquo;ancien pr\u00e9sident de la Fifa Sepp Blatter adresse par l&rsquo;entremise du JDD une lettre \u00e0 son successeur Gianni Infantino. (Reuters)<\/h3>\n<p>&nbsp;<\/p>\n<\/div>\n<p class=\"text-left size-10\">Cher Gianni, mon pr\u00e9sident,<\/p>\n<p class=\"text-left size-10\">Notre premi\u00e8re rencontre remonte \u00e0 si longtemps. Tu venais d\u2019entrer comme juriste au Centre international d\u2019\u00e9tude du sport qu\u2019on avait cr\u00e9\u00e9 \u00e0 mon initiative \u00e0 Neuch\u00e2tel.<\/p>\n<p class=\"text-left size-10\"><b>Lire aussi :\u00a0<a href=\"http:\/\/www.lejdd.fr\/Sport\/Football\/Gianni-Infantino-elu-president-de-la-Fifa-774559\" target=\"_self\">Gianni Infantino\u00a0\u00e9lu pr\u00e9sident de la Fifa<\/a>\u00a0<\/b><\/p>\n<h2 class=\" text-left\">\u00ab\u00a0Tu m\u2019avais dit : &lsquo;Je vais gagner&rsquo;. Quel r\u00e9alisme!\u00a0\u00bb<\/h2>\n<p class=\"text-left size-10\">Tu \u00e9tais un jeune avocat plein de vie, d\u2019id\u00e9es et, \u00e0 l\u2019\u00e9poque, avec des cheveux! Plus de vingt ans plus tard, te voil\u00e0 pr\u00e9sident de la Fifa. \u00c0 No\u00ebl dernier, on s\u2019\u00e9tait rencontr\u00e9s chez moi \u00e0 Vi\u00e8ge. Tu venais d\u2019entamer ta mini-campagne pr\u00e9sidentielle et tu m\u2019avais dit : \u00ab\u00a0Je vais gagner\u00a0\u00bb. Quel r\u00e9alisme!<\/p>\n<p class=\"text-left size-10\"><strong class=\"relate fl\">\u00abTu as gagn\u00e9 et je suis content. Parce que tu es un homme bien, un homme jeune et un voisin.\u00bb<\/strong><\/p>\n<p class=\"text-left size-10\">Vendredi, cela en a surpris beaucoup de te voir en t\u00eate au premier tour du scrutin. Moi, pas trop. Sans intervenir directement <a href=\"http:\/\/www.lejdd.fr\/Sport\/Football\/Election-a-la-Fifa-Isoloir-transparent-droits-de-l-homme-et-FBI-773831\" target=\"_self\">dans l\u2019\u00e9lection<\/a>, je suivais ces derniers jours ce qui se passait entre les diff\u00e9rents candidats qui lorgnaient <a href=\"http:\/\/www.lejdd.fr\/Sport\/Football\/Fifa-finalement-Sepp-Blatter-demissionne-735702\" target=\"_self\">mon fauteuil \u00e0 la Fifa<\/a>. J\u2019avais constat\u00e9 que les directives officielles des conf\u00e9d\u00e9rations n\u2019\u00e9taient pas totalement suivies par leurs membres, c\u2019est le moins qu\u2019on puisse dire. La veille de l\u2019\u00e9lection, ayant re\u00e7u des informations que certaines conf\u00e9d\u00e9rations seraient en de\u00e7\u00e0 des pronostics\u00a0esp\u00e9r\u00e9s par leurs pr\u00e9sidents respectifs, je me suis dit que tu allais gagner. Comme tu me l\u2019avais annonc\u00e9.<\/p>\n<p class=\"text-left size-10\">Tu as gagn\u00e9 et je suis content. Parce que tu es un homme bien, un homme jeune et un voisin. Comme moi tu viens de cette partie un peu perdue de la Suisse, ce Haut-Valais qui nous rend fiers. Tu es de Brigue, \u00e0 dix kilom\u00e8tres de chez moi. Brigue est plus grand que Vi\u00e8ge, mais je n\u2019oublie pas qu\u2019on a toujours \u00e9t\u00e9 meilleurs au football.<\/p>\n<h2>\u00ab\u00a0Sache qu\u2019une fois dans le fauteuil de pr\u00e9sident les amis deviennent rares\u00a0\u00bb<\/h2>\n<p><strong>Lire aussi :\u00a0<a href=\"http:\/\/www.lejdd.fr\/Sport\/Football\/Gianni-Infantino-Je-remercie-Platini-bien-sur-774587\" target=\"_self\">Gianni Infantino\u00a0: \u00ab\u00a0Je remercie Platini, bien s\u00fbr\u00a0\u00bb<\/a><\/strong><\/p>\n<p class=\"text-left size-10\">Si d\u2019aventure, tu veux un avis ou un conseil, n\u2019h\u00e9site pas. Pour le moment, reste calme. Tu as deux mois pour mettre en application les d\u00e9cisions prises. Pour cela, tu as la chance d\u2019avoir un congr\u00e8s ordinaire en mai au Mexique. Pr\u00e9pare-toi bien mais sois\u00a0vigilant. M\u00eame si tout le monde te soutient et te dit des mots agr\u00e9ables, sache qu\u2019une fois dans le fauteuil de pr\u00e9sident les amis deviennent rares.<\/p>\n<h2 class=\" text-left\">\u00ab\u00a0N\u2019oublie pas une chose : le pr\u00e9sident \u00e9lu, c\u2019est toi!\u00a0\u00bb<\/h2>\n<p class=\"text-left size-10\">Tu vas trouver une Fifa bien organis\u00e9e et solide, qui a toujours fonctionn\u00e9 ces derniers mois malgr\u00e9 ce que d\u2019aucuns ont appel\u00e9 <a href=\"http:\/\/www.lejdd.fr\/Sport\/Football\/La-Fifa-superpuissance-planetaire-dans-la-tourmente-736040\" target=\"_self\">le scandale<\/a>. Il y aura un nouveau comit\u00e9 qui s\u2019appelle d\u00e9sormais conseil.\u00a0Tu vas devoir aussi choisir un secr\u00e9taire g\u00e9n\u00e9ral qui aura un r\u00f4le accru. Sois prudent et n\u2019oublie pas une chose : le pr\u00e9sident \u00e9lu, c\u2019est toi!<\/p>\n<p class=\"text-left size-10\">\u00a0<strong class=\"relate fl\">\u00abJe ne suis plus pr\u00e9sident. Mais j\u2019accepte\u00a0volontiers le syst\u00e8me fran\u00e7ais qui fait que, lorsqu&rsquo;on\u00a0a \u00e9t\u00e9 pr\u00e9sident, on reste pr\u00e9sident pour toujours!\u00bb<\/strong><\/p>\n<p class=\"text-left size-10\">J\u2019ai not\u00e9 que Fran\u00e7ois Carrard, le pr\u00e9sident de la commission des r\u00e9formes, a rappel\u00e9 que j\u2019avais mis en route cette commission. Je n\u2019attendais pas n\u00e9cessairement que les candidats prononcent mon nom, cela aurait donn\u00e9 lieu \u00e0 des interpr\u00e9tations alors que j\u2019\u00e9tais totalement neutre. J\u00e9r\u00f4me Champagne et Tokyo Sexwale m\u2019ont cit\u00e9 dans leur discours. Pas toi mais je le comprends, d\u2019autant que tu \u00e9tais visiblement tr\u00e8s \u00e9mu. J\u2019attendais plut\u00f4t que le pr\u00e9sident par int\u00e9rim Issa Hayatou le fasse.<\/p>\n<p class=\"text-left size-10\">\u00c0 18h01 vendredi, quand tu as \u00e9t\u00e9 \u00e9lu, mes \u00e9paules se sont all\u00e9g\u00e9es d\u2019un poids. J\u2019ai d\u00e9sormais moins\u00a0de responsabilit\u00e9s et plus de temps pour m\u2019occuper\u00a0de ma vie. Je ne suis plus pr\u00e9sident. Mais j\u2019accepte\u00a0volontiers le syst\u00e8me fran\u00e7ais qui fait que, lorsqu&rsquo;on\u00a0a \u00e9t\u00e9 pr\u00e9sident, on reste pr\u00e9sident pour toujours!<\/p>\n<p class=\"text-left size-10\">Voila, bon courage, mon ami Gianni. Mais je ne m\u2019inqui\u00e8te pas, tu r\u00e9ussiras.<\/p>\n<div id=\"article-author\">\n<p><strong>Joseph S. Blatter<\/strong><\/p>\n<p class=\"date\">samedi 27 f\u00e9vrier 2016<\/p>\n<\/div>\n<div class=\"sharebox\">\n<div id=\"fb-root\"><a href=\"http:\/\/www.lejdd.fr\/Sport\/Football\/EXCLUSIF-Blatter-ecrit-a-Infantino-Prepare-toi-bien-mais-sois-vigilant-774793\">Le JDD<\/a><\/div>\n<\/div>\n<\/div>\n","protected":false},"excerpt":{"rendered":"<p>TRIBUNE &#8211; L&rsquo;ancien pr\u00e9sident de la Fifa\u00a0Sepp Blatter, finalement d\u00e9tr\u00f4n\u00e9\u00a0par le scandale qui a frapp\u00e9 l&rsquo;organisation, adresse par l&rsquo;entremise du JDD une lettre \u00e0 son successeur Gianni Infantino. L&rsquo;ancien pr\u00e9sident de la Fifa Sepp Blatter adresse par l&rsquo;entremise du JDD une lettre \u00e0 son successeur Gianni Infantino. (Reuters) &nbsp; Cher Gianni, mon pr\u00e9sident, Notre premi\u00e8re<\/p>\n","protected":false},"author":88,"featured_media":9779,"comment_status":"open","ping_status":"open","sticky":false,"template":"","format":"standard","meta":{"_uf_show_specific_survey":0,"_uf_disable_surveys":false,"footnotes":""},"categories":[361],"tags":[],"class_list":{"0":"post-9776","1":"post","2":"type-post","3":"status-publish","4":"format-standard","5":"has-post-thumbnail","7":"category-sport-international"},"aioseo_notices":[],"_links":{"self":[{"href":"https:\/\/middleeasttransparent.com\/fr\/wp-json\/wp\/v2\/posts\/9776","targetHints":{"allow":["GET"]}}],"collection":[{"href":"https:\/\/middleeasttransparent.com\/fr\/wp-json\/wp\/v2\/posts"}],"about":[{"href":"https:\/\/middleeasttransparent.com\/fr\/wp-json\/wp\/v2\/types\/post"}],"author":[{"embeddable":true,"href":"https:\/\/middleeasttransparent.com\/fr\/wp-json\/wp\/v2\/users\/88"}],"replies":[{"embeddable":true,"href":"https:\/\/middleeasttransparent.com\/fr\/wp-json\/wp\/v2\/comments?post=9776"}],"version-history":[{"count":0,"href":"https:\/\/middleeasttransparent.com\/fr\/wp-json\/wp\/v2\/posts\/9776\/revisions"}],"wp:featuredmedia":[{"embeddable":true,"href":"https:\/\/middleeasttransparent.com\/fr\/wp-json\/wp\/v2\/media\/9779"}],"wp:attachment":[{"href":"https:\/\/middleeasttransparent.com\/fr\/wp-json\/wp\/v2\/media?parent=9776"}],"wp:term":[{"taxonomy":"category","embeddable":true,"href":"https:\/\/middleeasttransparent.com\/fr\/wp-json\/wp\/v2\/categories?post=9776"},{"taxonomy":"post_tag","embeddable":true,"href":"https:\/\/middleeasttransparent.com\/fr\/wp-json\/wp\/v2\/tags?post=9776"}],"curies":[{"name":"wp","href":"https:\/\/api.w.org\/{rel}","templated":true}]}}