{"id":97263,"date":"2022-07-12T09:55:53","date_gmt":"2022-07-12T08:55:53","guid":{"rendered":"https:\/\/middleeasttransparent.com\/?p=97263"},"modified":"2022-07-12T09:55:53","modified_gmt":"2022-07-12T08:55:53","slug":"iran-brics-occident-et-eurasies","status":"publish","type":"post","link":"https:\/\/middleeasttransparent.com\/fr\/iran-brics-occident-et-eurasies\/","title":{"rendered":"Iran, BRIC(S), Occident et Eurasie(s)"},"content":{"rendered":"<div class=\"entry post-content entry-content single-entry iframe-loaded\">\n<p>&nbsp;<\/p>\n<h3><span style=\"color: #666699;\">Durant l\u2019hom\u00e9lie de la f\u00eate de l\u2019Adha, le Mufti Jaafarite Supr\u00eame de la communaut\u00e9 chiite, cheikh Ahmad Kabalan, a d\u00e9nonc\u00e9 la situation du pays et demand\u00e9 la formation urgente d\u2019un gouvernement non inf\u00e9od\u00e9 \u00e0 l\u2019Occident et d\u00e9termin\u00e9 \u00e0 prendre l\u2019option strat\u00e9gique tant souhait\u00e9e par le Hezbollah et ses alli\u00e9s, \u00e0 savoir rejoindre l\u2019axe \u00e9conomique Chine-Russie-Iran des BRICS.<\/span><\/h3>\n<p>&nbsp;<\/p>\n<p>&nbsp;<\/p>\n<p style=\"text-align: left;\">\u00c0 \u00e9couter le Mufti Jaafarite, l\u2019affaire serait entendue. Tous les maux du Liban viennent de l\u2019axe du mal, ennemi de T\u00e9h\u00e9ran, \u00e0 savoir la triade USA-Union europ\u00e9enne- Pays arabes (certains). En soi, il n\u2019y a rien de nouveau sous le soleil. Cheikh Ahmad Kabalan ne fait que reprendre le discours classique de la propagande de T\u00e9h\u00e9ran, d\u00e9finissant l\u2019ennemi comme \u00e9tant situ\u00e9 \u00ab\u00a0en Occident\u00a0\u00bb, c\u2019est-\u00e0-dire \u00e0 l\u2019Ouest de l\u2019Euphrate. Dans la logique de la g\u00e9ostrat\u00e9gie traditionnelle perse, l\u2019Euphrate est la ligne de d\u00e9marcation entre Orient et Occident. Les contr\u00e9es situ\u00e9es entre l\u2019Euphrate et la M\u00e9diterran\u00e9e sont \u00ab\u00a0\u00e0 l\u2019Ouest\u00a0\u00bb. La R\u00e9publique islamique d\u2019Iran souhaite, pour son projet h\u00e9g\u00e9monique imp\u00e9rial, int\u00e9grer ces \u00ab\u00a0confins\u00a0\u00bb occidentaux levantins dans son Orient qui inclut la Chine, la Russie et l\u2019Inde. Cet Occident, ennemi d\u00e9clar\u00e9 de T\u00e9h\u00e9ran, comprend Isra\u00ebl, les pays du golfe Arabique qui ont entam\u00e9 un processus de normalisation avec lui, l\u2019Europe occidentale et les \u00c9tats-Unis d\u2019Am\u00e9rique. C\u2019est cet Occident-l\u00e0 que d\u00e9nonce Cheikh Ahmad Kabalan dans son hom\u00e9lie du 10 juillet, en insistant sur le d\u00e9sastre que constitue, \u00e0 ses yeux, la guerre en Ukraine pour l\u2019Union europ\u00e9enne et l\u2019Otan.<\/p>\n<p>&nbsp;<\/p>\n<p>Toute traditionnelle que soit cette hom\u00e9lie, elle survient dans la foul\u00e9e d\u2019un \u00e9v\u00e9nement sur lequel les analystes ne se sont pas beaucoup pench\u00e9s, \u00e0 savoir le quatorzi\u00e8me sommet des BRICS tenu \u00e0 P\u00e9kin les 23 et 24 juin dernier, en pr\u00e9sence de Xi Jinping et de Vladimir Poutine. Le discours inaugural du pr\u00e9sident chinois laissait transpara\u00eetre un soutien au pr\u00e9sident russe, notamment dans sa guerre en Ukraine. D\u00e8s le 27 juin, l\u2019Iran annonce, par le biais du porte-parole de son minist\u00e8re des Affaires \u00e9trang\u00e8res, avoir d\u00e9pos\u00e9 sa candidature pour int\u00e9grer les BRICS.<\/p>\n<p>Parall\u00e8lement, le porte-parole du minist\u00e8re russe des Affaires \u00e9trang\u00e8res annonce \u00e0 son tour que l\u2019Argentine avait \u00e9galement demand\u00e9 \u00e0 rejoindre ce groupe. C\u2019est dans un tel contexte g\u00e9opolitique qu\u2019il y a lieu de situer l\u2019hom\u00e9lie du Cheikh Kabalan comme refl\u00e9tant l\u2019option g\u00e9ostrat\u00e9gique de T\u00e9h\u00e9ran. L\u2019\u00c9tat libanais est pri\u00e9, ou somm\u00e9, de faire cap vers l\u2019Orient de l\u2019Euphrate, par les BRICS interpos\u00e9s, et d\u2019oublier ses alliances traditionnelles m\u00e9diterran\u00e9ennes et occidentales qui lui seraient n\u00e9fastes selon le haut dignitaire chiite.<\/p>\n<p><strong>BRICS: une br\u00e8ve histoire \u00e0 succ\u00e8s?<\/strong><\/p>\n<p>En 2001, Jim O\u2019Neill, expert chez Goldman Sachs, affirme de mani\u00e8re visionnaire que les \u00e9conomies du Br\u00e9sil, de la Russie, de l\u2019Inde et de la Chine sont appel\u00e9es \u00e0 conna\u00eetre une croissance rapide, d\u2019o\u00f9 l\u2019acronyme\u00a0<strong>\u00ab\u00a0BRIC\u00a0\u00bb<\/strong>\u00a0qui s\u2019enrichira de la lettre\u00a0<strong>\u00ab\u00a0S\u00a0\u00bb<\/strong>\u00a0suite \u00e0 l\u2019adh\u00e9sion de l\u2019Afrique du Sud en 2011. Les faits lui donneront raison, ces pays conna\u00eetront une ascension fulgurante dans l\u2019\u00e9conomie mondiale. On laissera aux sp\u00e9cialistes le soin de d\u00e9cortiquer les chiffres disponibles sur la croissance de ces pays. On sait, d\u2019apr\u00e8s le FMI, que leur poids dans le PIB mondial est pass\u00e9 de 10% en 1990 \u00e0 plus de 25% en 2018. La Chine se pla\u00e7ait \u00e0 la deuxi\u00e8me place derri\u00e8re les \u00c9tats-Unis, avant le Japon et l\u2019Allemagne. La Russie, quant \u00e0 elle, se situe loin derri\u00e8re, \u00e0 la douzi\u00e8me place. En 2016, le m\u00eame Jim O\u2019Neill d\u00e9clarait que ces pays (dits \u00e9mergents) connaissaient une croissance plus importante que pr\u00e9vue, mais que leur acronyme BRICS pouvait se r\u00e9duire au seul\u00a0<strong>\u00ab\u00a0C\u00a0\u00bb<\/strong>\u00a0de la Chine.<\/p>\n<p>\u00c0 la lumi\u00e8re de la guerre en Ukraine, se pose donc la question de savoir si les BRICS, en d\u00e9pit de leurs diversit\u00e9s \u00e9conomiques et de la volatilit\u00e9 de leurs indices boursiers, sont \u00e0 m\u00eame de constituer un bloc g\u00e9opolitique homog\u00e8ne de premi\u00e8re importance sur l\u2019\u00e9chiquier mondial. Le monde, apr\u00e8s l\u2019Ukraine, sera-t-il bipolaire, tripolaire, multipolaire\u00a0? Dans un tel contexte, o\u00f9 se situent l\u2019Union europ\u00e9enne et les pays de la M\u00e9diterran\u00e9e?<\/p>\n<p><strong>OTAN v\/s BRICS?<\/strong><\/p>\n<p>L\u2019offensive de Moscou en Ukraine est en train de bouleverser la face de notre monde. L\u2019Otan, qu\u2019on croyait en \u00e9tat de l\u00e9thargie, se r\u00e9veille avec grand bruit contre le danger que constituerait la Russie de Poutine. Mais un monde bipolaire, ne signifie plus aujourd\u2019hui un face-\u00e0-face entre Washington et Moscou et leurs alli\u00e9s respectifs comme Paris, Londres, Berlin, Moscou etc. Qui dit Otan dit Washington; mais qui dit BRICS dit P\u00e9kin. Plus de quatre mois apr\u00e8s l\u2019invasion de l\u2019Ukraine, on se retrouve face \u00e0 une situation in\u00e9dite. L\u2019approvisionnement en c\u00e9r\u00e9ales, en combustibles et autres mati\u00e8res de premi\u00e8re n\u00e9cessit\u00e9, conna\u00eet un manque qui risque de mener \u00e0 la famine dans les pays endett\u00e9s ou en faillite, comme le Liban, sans oublier les difficult\u00e9s dont ne manqueront pas de souffrir les peuples de l\u2019Union europ\u00e9enne (UE).<\/p>\n<p>Mais au-del\u00e0 de ces consid\u00e9rations vitales, la configuration g\u00e9opolitique est en train de changer. Le dollar est en pleine forme. Le rouble, malgr\u00e9 les sanctions am\u00e9ricaines, se porte tr\u00e8s bien. L\u2019euro par contre vacille dangereusement. Les pays de l\u2019UE redoutent l\u2019hiver qui s\u2019annonce tant le manque en combustibles risque d\u2019aggraver la crise sociale.<\/p>\n<p>L\u2019Europe occidentale semble se chercher, elle s\u2019agite de mani\u00e8re d\u00e9sordonn\u00e9e. Le couple franco-allemand, pierre angulaire de la paix en Europe, est \u00e9branl\u00e9. Depuis De Gaulle et Adenauer on se r\u00e9partissait les r\u00f4les: \u00e0 l\u2019Allemagne l\u2019\u00e9conomie, \u00e0 la France la politique. Aujourd\u2019hui, cet \u00e9quilibre risque de se renverser. L\u2019Allemagne se r\u00e9arme et n\u2019h\u00e9site pas \u00e0 utiliser un langage de \u00ab\u00a0puissance centrale\u00a0\u00bb. La France, quant \u00e0 elle, se trouve d\u00e9stabilis\u00e9e dans deux de ses constantes g\u00e9ostrat\u00e9giques. D\u2019une part, la sp\u00e9cificit\u00e9 de ses relations avec Moscou qui remontent \u00e0 l\u2019\u00e9poque de De Gaulle et l\u2019URSS. D\u2019autre part, l\u2019autonomie de sa s\u00e9curit\u00e9 qu\u2019elle a su prot\u00e9ger d\u2019une vassalisation totale vis-\u00e0-vis de l\u2019Otan.<\/p>\n<p>Emmanuel Macron peut-il encore infl\u00e9chir les choses, dans l\u2019int\u00e9r\u00eat de Paris, comme l\u2019avait fait jadis Fran\u00e7ois 1<sup>er<\/sup>\u00a0qui s\u2019\u00e9tait d\u00e9p\u00each\u00e9 de n\u00e9gocier en 1536 les fructueux\u00a0<em>Trait\u00e9s des capitulations<\/em>\u00a0avec le sultan ottoman Soliman le Magnifique face \u00e0 une Europe mobilis\u00e9e contre ce dernier et scandalis\u00e9e par une telle \u00ab\u00a0alliance impie\u00a0\u00bb? Quoi qu\u2019il en soit, rien ne pourrait se faire aujourd\u2019hui, tant que Vladimir Poutine est au pouvoir \u00e0 Moscou.<\/p>\n<p><strong>Le troisi\u00e8me bloc et les diff\u00e9rentes Eurasies<\/strong><\/p>\n<p>Ce survol rapide permet de poser la question de l\u2019Europe occidentale apr\u00e8s la guerre d\u2019Ukraine, au cas o\u00f9 ce dernier pays n\u2019est pas vite neutralis\u00e9 pour devenir un tampon garantissant la s\u00e9curit\u00e9 europ\u00e9enne.<\/p>\n<ul>\n<li>L\u2019UE serait-elle une t\u00eate de pont atlantique face \u00e0 la toute-puissance continentale des BRICS sous la direction de P\u00e9kin?<\/li>\n<li>L\u2019UE est-elle en mesure de constituer un troisi\u00e8me bloc, comme celui des non-align\u00e9s apparu en 1955 apr\u00e8s la conf\u00e9rence de Bandung, au temps de la guerre froide? Ceci ne serait possible que dans le contexte d\u2019un revirement g\u00e9opolitique prenant en consid\u00e9ration l\u2019Europe ou l\u2019Eurasie du G\u00e9n\u00e9ral De Gaulle allant \u00ab\u00a0de l\u2019Atlantique \u00e0 l\u2019Oural\u00a0\u00bb. Aujourd\u2019hui, une telle \u00e9ventualit\u00e9 ne semble pas r\u00e9aliste.<\/li>\n<li>La Chine serait-elle dispos\u00e9e \u00e0 appuyer la vision des id\u00e9ologues de Moscou sur la construction d\u2019une Eurasie ayant pour pivots les peuples slaves et les diff\u00e9rents peuples turciques? Cela \u00e9galement para\u00eet utopique. C\u2019est ce point pr\u00e9cis qui constitue le talon d\u2019Achille de l\u2019Eurasie dont r\u00eave Alexandre Douguine.<\/li>\n<\/ul>\n<p><strong>Pour conclure<\/strong><\/p>\n<p>Si une conclusion doit \u00eatre tir\u00e9e des quatre mois de guerre en Ukraine, la plus r\u00e9aliste serait de faire le p\u00e9nible et douloureux constat des victimes de ce terrible conflit, \u00e0 savoir le peuple ukrainien lui-m\u00eame ainsi que l\u2019Europe occidentale, berceau et perle de la civilisation moderne. De quoi demain sera-t-il fait? Nous ne le savons pas encore, mais il n\u2019est pas impossible de voir \u00e9merger, au bout du compte, trois blocs g\u00e9opolitiques:<\/p>\n<ul>\n<li>Un puissant bloc am\u00e9ricain entre les rives occidentales de l\u2019Atlantique et orientales du Pacifique.<\/li>\n<li>Un bloc chinois ou\u00a0<strong>BRICS<\/strong>, sur les rives occidentales du Pacifique et celles de l\u2019oc\u00e9an Indien.<\/li>\n<li>Un bloc interm\u00e9diaire multipolaire allant de l\u2019Atlantique \u00e0 l\u2019Oural si tant est qu\u2019il soit possible de r\u00e9cup\u00e9rer la Russie sans Poutine.<\/li>\n<\/ul>\n<p><a href=\"https:\/\/icibeyrouth.com\/liban\/96166\">Ici Beyrouth<\/a><\/p>\n<\/div>\n","protected":false},"excerpt":{"rendered":"<p>&nbsp; Durant l\u2019hom\u00e9lie de la f\u00eate de l\u2019Adha, le Mufti Jaafarite Supr\u00eame de la communaut\u00e9 chiite, cheikh Ahmad Kabalan, a d\u00e9nonc\u00e9 la situation du pays et demand\u00e9 la formation urgente d\u2019un gouvernement non inf\u00e9od\u00e9 \u00e0 l\u2019Occident et d\u00e9termin\u00e9 \u00e0 prendre l\u2019option strat\u00e9gique tant souhait\u00e9e par le Hezbollah et ses alli\u00e9s, \u00e0 savoir rejoindre l\u2019axe \u00e9conomique<\/p>\n","protected":false},"author":33,"featured_media":97269,"comment_status":"open","ping_status":"open","sticky":false,"template":"","format":"standard","meta":{"_uf_show_specific_survey":0,"_uf_disable_surveys":false,"footnotes":""},"categories":[37],"tags":[],"class_list":{"0":"post-97263","1":"post","2":"type-post","3":"status-publish","4":"format-standard","5":"has-post-thumbnail","7":"category-alaune-fr"},"aioseo_notices":[],"_links":{"self":[{"href":"https:\/\/middleeasttransparent.com\/fr\/wp-json\/wp\/v2\/posts\/97263","targetHints":{"allow":["GET"]}}],"collection":[{"href":"https:\/\/middleeasttransparent.com\/fr\/wp-json\/wp\/v2\/posts"}],"about":[{"href":"https:\/\/middleeasttransparent.com\/fr\/wp-json\/wp\/v2\/types\/post"}],"author":[{"embeddable":true,"href":"https:\/\/middleeasttransparent.com\/fr\/wp-json\/wp\/v2\/users\/33"}],"replies":[{"embeddable":true,"href":"https:\/\/middleeasttransparent.com\/fr\/wp-json\/wp\/v2\/comments?post=97263"}],"version-history":[{"count":0,"href":"https:\/\/middleeasttransparent.com\/fr\/wp-json\/wp\/v2\/posts\/97263\/revisions"}],"wp:featuredmedia":[{"embeddable":true,"href":"https:\/\/middleeasttransparent.com\/fr\/wp-json\/wp\/v2\/media\/97269"}],"wp:attachment":[{"href":"https:\/\/middleeasttransparent.com\/fr\/wp-json\/wp\/v2\/media?parent=97263"}],"wp:term":[{"taxonomy":"category","embeddable":true,"href":"https:\/\/middleeasttransparent.com\/fr\/wp-json\/wp\/v2\/categories?post=97263"},{"taxonomy":"post_tag","embeddable":true,"href":"https:\/\/middleeasttransparent.com\/fr\/wp-json\/wp\/v2\/tags?post=97263"}],"curies":[{"name":"wp","href":"https:\/\/api.w.org\/{rel}","templated":true}]}}