{"id":97258,"date":"2022-07-11T21:57:01","date_gmt":"2022-07-11T20:57:01","guid":{"rendered":"https:\/\/middleeasttransparent.com\/?p=97258"},"modified":"2022-07-11T21:57:01","modified_gmt":"2022-07-11T20:57:01","slug":"saydet-el-jabal-appelle-a-une-presidentielle-contre-loccupation-iranienne","status":"publish","type":"post","link":"https:\/\/middleeasttransparent.com\/fr\/saydet-el-jabal-appelle-a-une-presidentielle-contre-loccupation-iranienne\/","title":{"rendered":"Saydet el-Jabal appelle \u00e0\u00a0une pr\u00e9sidentielle contre l\u2019occupation iranienne"},"content":{"rendered":"<p>&nbsp;<\/p>\n<div class=\"entry post-content entry-content single-entry iframe-loaded\">\n<h3><span style=\"color: #666699;\">Le rassemblement de <a style=\"color: #666699;\" href=\"https:\/\/icibeyrouth.com\/?s=Saydet+el-Jabal\">Saydet el-Jabal<\/a>\u00a0a d\u00e9plor\u00e9 le fait que les promesses des parties politiques aux Libanais trahissent une politique de fuite en avant que ces parties croient pouvoir utiliser pour se d\u00e9douaner de toute responsabilit\u00e9 alors que (ces fausses promesses) ne font qu\u2019aggraver la responsabilit\u00e9 qui leur incombe \u00ab\u00a0. Et cela vaut aussi pour \u00a0\u00bb\u00a0les parties souverainistes\u00a0\u00a0\u00bb que le rassemblement a appel\u00e9 \u00e0 se f\u00e9d\u00e9rer lors de la prochaine pr\u00e9sidentielle, \u00a0\u00bb\u00a0contre l\u2019occupation iranienne du Liban\u00a0\u00ab\u00a0.<\/span><\/h3>\n<p>&nbsp;<\/p>\n<p>&nbsp;<\/p>\n<p>Le rassemblement a d\u00e9nonc\u00e9 les fausses promesses de \u00a0\u00bb\u00a0l\u00e9gislatives porteuses d\u2019un changement retentissant \u00e0 m\u00eame de faire passer le Liban de l\u2019effondrement au redressement\u00a0\u00ab\u00a0, selon un communiqu\u00e9 du rassemblement de Saydet el-Jabal publi\u00e9 \u00e0 l\u2019issue de sa r\u00e9union hebdomadaire via zoom. Or les r\u00e9sultats des l\u00e9gislatives n\u2019ont fait que \u00a0\u00bb\u00a0consacrer l\u2019\u00e9quilibre des forces existant et r\u00e9\u00e9diter les compromis entre les parties au pouvoir\u00a0\u00ab\u00a0, a not\u00e9 le rassemblement. Dans ce contexte, \u00a0\u00bb\u00a0la soif d\u2019influence chez les gens du pouvoir paralyse la formation du nouveau cabinet et avec elle tout espoir d\u2019entamer les r\u00e9formes exig\u00e9es par les communaut\u00e9s internationale et arabe comme condition d\u2019appui au Liban\u00a0\u00ab\u00a0.<\/p>\n<p>Ces fausses promesses valent aussi pour la pr\u00e9sidentielle, qu\u2019utilisent les forces politiques pour \u00a0\u00bb cr\u00e9er artificiellement chez les Libanais l\u2019espoir que l\u2019\u00e9lection d\u2019un nouveau pr\u00e9sident de la R\u00e9publique est la cl\u00e9 de la solution \u00e0 la crise libanaise\u00a0\u00ab\u00a0, selon le texte.<\/p>\n<p>C\u2019est dans ce cadre que le rassemblement s\u2019est adress\u00e9 aux forces souverainistes et celles qui \u00a0\u00bb\u00a0se soucient de l\u2019int\u00e9r\u00eat du Liban\u00a0\u00ab\u00a0. \u00a0\u00a0\u00bb\u00a0Sachant que le rassemblement de Saydet el-Jabal respecte les d\u00e9lais constitutionnels pour l\u2019\u00e9lection d\u2019un nouveau pr\u00e9sident de la R\u00e9publique et appelle \u00e0 les respecter, le rassemblement appelle en contrepartie les parties politiques soucieuses de l\u2019int\u00e9r\u00eat du Liban \u00e0 op\u00e9rer une relecture critique globale de leurs prises de position au cours de la p\u00e9riode pass\u00e9e et \u00e0 s\u2019unir autour d\u2019un seul th\u00e8me pour la bataille de la pr\u00e9sidentielle, celui de la lutte contre l\u2019occupation iranienne du Liban\u00a0\u00ab\u00a0, peut-on lire dans le communiqu\u00e9.<\/p>\n<p>\u00a0\u00bb\u00a0Une f\u00e9d\u00e9ration de ces forces politiques autour d\u2019un seul objectif, celui de la fin de l\u2019occupation iranienne du Liban est le seul moyen de mener la bataille de la pr\u00e9sidentielle sur des bases politiques saines \u00e0 m\u00eame de recomposer un terrain politique porteur d\u2019un projet national (et) garant (\u2026) d\u2019une victoire \u00e9lectorale\u00a0\u00a0\u00bb r\u00e9elle. En revanche, \u00a0\u00bb\u00a0se retrouver autour d\u2019int\u00e9r\u00eats \u00e9lectoraux ne produira ni coalition ni orientation politique nationale\u00a0\u00ab\u00a0, a ajout\u00e9 le texte.<\/p>\n<div class=\"clearfix\"><a href=\"https:\/\/icibeyrouth.com\/liban\/96487\">ICI Beyrouth<\/a><\/div>\n<footer class=\"article-footer hiba\"><\/footer>\n<\/div>\n","protected":false},"excerpt":{"rendered":"<p>&nbsp; Le rassemblement de Saydet el-Jabal\u00a0a d\u00e9plor\u00e9 le fait que les promesses des parties politiques aux Libanais trahissent une politique de fuite en avant que ces parties croient pouvoir utiliser pour se d\u00e9douaner de toute responsabilit\u00e9 alors que (ces fausses promesses) ne font qu\u2019aggraver la responsabilit\u00e9 qui leur incombe \u00ab\u00a0. Et cela vaut aussi pour<\/p>\n","protected":false},"author":833,"featured_media":97261,"comment_status":"open","ping_status":"open","sticky":false,"template":"","format":"standard","meta":{"_uf_show_specific_survey":0,"_uf_disable_surveys":false,"footnotes":""},"categories":[22],"tags":[],"class_list":{"0":"post-97258","1":"post","2":"type-post","3":"status-publish","4":"format-standard","5":"has-post-thumbnail","7":"category-actualites-fr"},"aioseo_notices":[],"_links":{"self":[{"href":"https:\/\/middleeasttransparent.com\/fr\/wp-json\/wp\/v2\/posts\/97258","targetHints":{"allow":["GET"]}}],"collection":[{"href":"https:\/\/middleeasttransparent.com\/fr\/wp-json\/wp\/v2\/posts"}],"about":[{"href":"https:\/\/middleeasttransparent.com\/fr\/wp-json\/wp\/v2\/types\/post"}],"author":[{"embeddable":true,"href":"https:\/\/middleeasttransparent.com\/fr\/wp-json\/wp\/v2\/users\/833"}],"replies":[{"embeddable":true,"href":"https:\/\/middleeasttransparent.com\/fr\/wp-json\/wp\/v2\/comments?post=97258"}],"version-history":[{"count":0,"href":"https:\/\/middleeasttransparent.com\/fr\/wp-json\/wp\/v2\/posts\/97258\/revisions"}],"wp:featuredmedia":[{"embeddable":true,"href":"https:\/\/middleeasttransparent.com\/fr\/wp-json\/wp\/v2\/media\/97261"}],"wp:attachment":[{"href":"https:\/\/middleeasttransparent.com\/fr\/wp-json\/wp\/v2\/media?parent=97258"}],"wp:term":[{"taxonomy":"category","embeddable":true,"href":"https:\/\/middleeasttransparent.com\/fr\/wp-json\/wp\/v2\/categories?post=97258"},{"taxonomy":"post_tag","embeddable":true,"href":"https:\/\/middleeasttransparent.com\/fr\/wp-json\/wp\/v2\/tags?post=97258"}],"curies":[{"name":"wp","href":"https:\/\/api.w.org\/{rel}","templated":true}]}}