{"id":96929,"date":"2022-06-29T21:42:25","date_gmt":"2022-06-29T20:42:25","guid":{"rendered":"https:\/\/middleeasttransparent.com\/?p=96929"},"modified":"2022-06-29T22:17:07","modified_gmt":"2022-06-29T21:17:07","slug":"liran-arrete-un-general-des-gardiens-de-la-revolution-accuse-despionnage-pour-le-compte-disra","status":"publish","type":"post","link":"https:\/\/middleeasttransparent.com\/fr\/liran-arrete-un-general-des-gardiens-de-la-revolution-accuse-despionnage-pour-le-compte-disra\/","title":{"rendered":"L&rsquo;Iran arr\u00eate un g\u00e9n\u00e9ral des Gardiens de la R\u00e9volution accus\u00e9 d&rsquo;espionnage pour le compte d&rsquo;Isra\u00ebl"},"content":{"rendered":"<h2 class=\"content-excerpt\"><strong>Cette arrestation est la derni\u00e8re manifestation du climat de m\u00e9fiance qui r\u00e8gne \u00e0 T\u00e9h\u00e9ran<\/strong><\/h2>\n<p>&nbsp;<\/p>\n<div class=\"components\" data-min-tv-running=\"true\">\n<p class=\"\" data-is=\"component-paragraph\">Les autorit\u00e9s iraniennes ont arr\u00eat\u00e9 un g\u00e9n\u00e9ral du Corps des gardiens de la r\u00e9volution islamique au d\u00e9but du mois, le soup\u00e7onnant d&rsquo;espionnage au profit d&rsquo;Isra\u00ebl, ont d\u00e9clar\u00e9 des m\u00e9dias iraniens.<\/p>\n<p class=\"\" data-is=\"component-paragraph\">Cette arrestation est la derni\u00e8re manifestation du climat de m\u00e9fiance qui r\u00e8gne \u00e0 T\u00e9h\u00e9ran apr\u00e8s plusieurs attaques contre des cibles militaires et nucl\u00e9aires attribu\u00e9es \u00e0 Isra\u00ebl.<\/p>\n<p class=\"\" data-is=\"component-paragraph\">L&rsquo;arrestation du g\u00e9n\u00e9ral de brigade\u00a0<a class=\"link\" title=\"https:\/\/www.i24news.tv\/fr\/actu\/international\/moyen-orient\/1656502026-nos-capacites-de-renseignement-ont-ete-sapees-suite-aux-activites-d-israel-responsable-iranien\" href=\"https:\/\/www.i24news.tv\/fr\/actu\/international\/moyen-orient\/1656502026-nos-capacites-de-renseignement-ont-ete-sapees-suite-aux-activites-d-israel-responsable-iranien\" target=\"\" rel=\"noopener\" data-is=\"component-link\">Ali Nasiri\u00a0 (photo) est intervenue deux mois<\/a>\u00a0apr\u00e8s l&rsquo;arrestation de plusieurs dizaines d&#8217;employ\u00e9s du programme de d\u00e9fense antimissile du minist\u00e8re iranien de la d\u00e9fense pour avoir divulgu\u00e9 des renseignements militaires classifi\u00e9s, notamment des plans de missiles \u00e0 Isra\u00ebl, a d\u00e9clar\u00e9 un responsable iranien au\u00a0<i class=\"\" data-is=\"component-italic\">New York Times<\/i>.<\/p>\n<p class=\"\" data-is=\"component-paragraph\">Nasiri \u00e9tait un commandant sup\u00e9rieur de l&rsquo;unit\u00e9 de protection de l&rsquo;information du Corps des gardiens de la r\u00e9volution, selon le\u00a0<i class=\"\" data-is=\"component-italic\">New York Times<\/i>.<\/p>\n<p class=\"\" data-is=\"component-paragraph\">Son arrestation a \u00e9branl\u00e9 les dirigeants de T\u00e9h\u00e9ran, ont indiqu\u00e9 des responsables iraniens au quotidien am\u00e9ricain, et certains ont demand\u00e9 le retrait du chef du renseignement, Hossein Taeb, qui a demand\u00e9 une ann\u00e9e suppl\u00e9mentaire pour am\u00e9liorer son statut, mais a \u00e9t\u00e9 remplac\u00e9 quelques jours plus tard.<\/p>\n<p data-is=\"component-paragraph\">I24<\/p>\n<\/div>\n","protected":false},"excerpt":{"rendered":"<p>Cette arrestation est la derni\u00e8re manifestation du climat de m\u00e9fiance qui r\u00e8gne \u00e0 T\u00e9h\u00e9ran &nbsp; Les autorit\u00e9s iraniennes ont arr\u00eat\u00e9 un g\u00e9n\u00e9ral du Corps des gardiens de la r\u00e9volution islamique au d\u00e9but du mois, le soup\u00e7onnant d&rsquo;espionnage au profit d&rsquo;Isra\u00ebl, ont d\u00e9clar\u00e9 des m\u00e9dias iraniens. Cette arrestation est la derni\u00e8re manifestation du climat de m\u00e9fiance<\/p>\n","protected":false},"author":757,"featured_media":96932,"comment_status":"open","ping_status":"open","sticky":false,"template":"","format":"standard","meta":{"_uf_show_specific_survey":0,"_uf_disable_surveys":false,"footnotes":""},"categories":[37],"tags":[],"class_list":{"0":"post-96929","1":"post","2":"type-post","3":"status-publish","4":"format-standard","5":"has-post-thumbnail","7":"category-alaune-fr"},"aioseo_notices":[],"_links":{"self":[{"href":"https:\/\/middleeasttransparent.com\/fr\/wp-json\/wp\/v2\/posts\/96929","targetHints":{"allow":["GET"]}}],"collection":[{"href":"https:\/\/middleeasttransparent.com\/fr\/wp-json\/wp\/v2\/posts"}],"about":[{"href":"https:\/\/middleeasttransparent.com\/fr\/wp-json\/wp\/v2\/types\/post"}],"author":[{"embeddable":true,"href":"https:\/\/middleeasttransparent.com\/fr\/wp-json\/wp\/v2\/users\/757"}],"replies":[{"embeddable":true,"href":"https:\/\/middleeasttransparent.com\/fr\/wp-json\/wp\/v2\/comments?post=96929"}],"version-history":[{"count":0,"href":"https:\/\/middleeasttransparent.com\/fr\/wp-json\/wp\/v2\/posts\/96929\/revisions"}],"wp:featuredmedia":[{"embeddable":true,"href":"https:\/\/middleeasttransparent.com\/fr\/wp-json\/wp\/v2\/media\/96932"}],"wp:attachment":[{"href":"https:\/\/middleeasttransparent.com\/fr\/wp-json\/wp\/v2\/media?parent=96929"}],"wp:term":[{"taxonomy":"category","embeddable":true,"href":"https:\/\/middleeasttransparent.com\/fr\/wp-json\/wp\/v2\/categories?post=96929"},{"taxonomy":"post_tag","embeddable":true,"href":"https:\/\/middleeasttransparent.com\/fr\/wp-json\/wp\/v2\/tags?post=96929"}],"curies":[{"name":"wp","href":"https:\/\/api.w.org\/{rel}","templated":true}]}}