{"id":96818,"date":"2022-06-26T16:40:54","date_gmt":"2022-06-26T15:40:54","guid":{"rendered":"https:\/\/middleeasttransparent.com\/?p=96818"},"modified":"2022-06-26T16:40:54","modified_gmt":"2022-06-26T15:40:54","slug":"reunion-secrete-entre-le-chef-detat-major-de-tsahal-et-de-hauts-grades-des-pays-arabes-au-sujet-de-liran","status":"publish","type":"post","link":"https:\/\/middleeasttransparent.com\/fr\/reunion-secrete-entre-le-chef-detat-major-de-tsahal-et-de-hauts-grades-des-pays-arabes-au-sujet-de-liran\/","title":{"rendered":"R\u00e9union secr\u00e8te entre le chef d&rsquo;\u00e9tat-major de Tsahal et de hauts grad\u00e9s des pays arabes au sujet de l&rsquo;Iran"},"content":{"rendered":"<h2><strong>La r\u00e9union s&rsquo;est d\u00e9roul\u00e9e sous l&rsquo;\u00e9gide des \u00c9tats-Unis<\/strong><\/h2>\n<p>&nbsp;<\/p>\n<p>&nbsp;<\/p>\n<h3><span style=\"color: #666699;\">Le chef d&rsquo;\u00e9tat-major de l&rsquo;arm\u00e9e isra\u00e9lienne, le lieutenant-g\u00e9n\u00e9ral Aviv Kohavi, a rencontr\u00e9 de hauts responsables militaires arabes, dont le chef d&rsquo;\u00e9tat-major saoudien, le g\u00e9n\u00e9ral Fayyadh bin Hamed Al Ruwaili, \u00e0 Charm el-Cheikh en mars dernier pour discuter de la lutte contre les menaces r\u00e9gionales pos\u00e9es par l&rsquo;Iran.<\/span><\/h3>\n<p>&nbsp;<\/p>\n<p>Selon un rapport du\u00a0Wall Street Journal, la r\u00e9union s&rsquo;est d\u00e9roul\u00e9e sous les auspices des \u00c9tats-Unis repr\u00e9sent\u00e9s par le g\u00e9n\u00e9ral Frank McKenzie, alors chef du Commandement central, et a r\u00e9uni les principaux commandants militaires d&rsquo;Isra\u00ebl, d&rsquo;Arabie saoudite, du Qatar, d&rsquo;\u00c9gypte et de la Jordanie.<\/p>\n<p>Les \u00c9mirats arabes unis et Bahre\u00efn ont \u00e9galement envoy\u00e9 des officiers, mais pas leurs dirigeants militaires, selon le rapport.<\/p>\n<p>Citant des sources proches des pourparlers, le journal am\u00e9ricain affirme que les responsables \u00ab\u00a0sont parvenus, \u00e0 l&rsquo;issue des discussions, \u00e0 un accord de principe sur les proc\u00e9dures de notification rapide lorsque des menaces a\u00e9riennes sont d\u00e9tect\u00e9es\u00a0\u00bb.<\/p>\n<p>Alors que les attaques de roquettes et de drones par l&rsquo;Iran se sont multipli\u00e9es, ces pourparlers ont eu lieu entre Isra\u00ebl et plusieurs \u00c9tats du Golfe afin d&rsquo;\u00e9laborer des r\u00e9ponses pertinentes face \u00e0 ces menaces.<\/p>\n<p>R\u00e9cemment,\u00a0de hauts responsables de Tsahal ont par ailleurs tenu une r\u00e9union strat\u00e9gique et op\u00e9rationnelle de trois jours avec une d\u00e9l\u00e9gation de hauts responsables du CENTCOM (Commandement central de l&rsquo;arm\u00e9e am\u00e9ricaine).<\/p>\n<p>Les r\u00e9unions se sont concentr\u00e9es sur un \u00ab\u00a0exercice conjoint, sur les d\u00e9fis de s\u00e9curit\u00e9 r\u00e9gionaux partag\u00e9s et les pr\u00e9parations conjointes de sc\u00e9narios d&rsquo;escalade r\u00e9gionale\u00a0\u00bb, a d\u00e9clar\u00e9 le porte-parole de Tsahal dans un communiqu\u00e9.<\/p>\n<p>La rencontre entre les responsables a eu lieu alors qu&rsquo;Isra\u00ebl cimente son r\u00f4le dans le CENTCOM apr\u00e8s avoir \u00e9t\u00e9 retir\u00e9 de la responsabilit\u00e9 de l&rsquo;EUCOM (Commandement europ\u00e9en) en janvier dernier.<\/p>\n<p>Le passage au CENTCOM est cens\u00e9 non seulement simplifier la coop\u00e9ration avec les troupes am\u00e9ricaines dans la r\u00e9gion, mais pourrait \u00e9galement favoriser la cr\u00e9ation d&rsquo;une coalition r\u00e9gionale avec les pays arabes qui ont normalis\u00e9 leurs relations avec Isra\u00ebl contre les menaces pos\u00e9es par l&rsquo;Iran.<\/p>\n<p>Le rapport du\u00a0Wall Street Journal\u00a0intervient une semaine apr\u00e8s que le ministre de la D\u00e9fense\u00a0Benny Gantz a d\u00e9clar\u00e9 qu&rsquo;Isra\u00ebl \u00e9tait en train de mettre en place une \u00ab\u00a0alliance de d\u00e9fense a\u00e9rienne du Moyen-Orient\u00a0\u00bb\u00a0parrain\u00e9e par les \u00c9tats-Unis, \u00ab\u00a0qui renforcera la coop\u00e9ration entre Isra\u00ebl et les pays de la r\u00e9gion\u00a0\u00bb.<\/p>\n<p><a href=\"https:\/\/www.i24news.tv\/fr\/actu\/international\/europe\/1656251516-turquie-des-dizaines-d-arrestations-lors-de-la-marche-des-fiertes-a-istanbul\">I24<\/a><\/p>\n","protected":false},"excerpt":{"rendered":"<p>La r\u00e9union s&rsquo;est d\u00e9roul\u00e9e sous l&rsquo;\u00e9gide des \u00c9tats-Unis &nbsp; &nbsp; Le chef d&rsquo;\u00e9tat-major de l&rsquo;arm\u00e9e isra\u00e9lienne, le lieutenant-g\u00e9n\u00e9ral Aviv Kohavi, a rencontr\u00e9 de hauts responsables militaires arabes, dont le chef d&rsquo;\u00e9tat-major saoudien, le g\u00e9n\u00e9ral Fayyadh bin Hamed Al Ruwaili, \u00e0 Charm el-Cheikh en mars dernier pour discuter de la lutte contre les menaces r\u00e9gionales pos\u00e9es<\/p>\n","protected":false},"author":757,"featured_media":96822,"comment_status":"open","ping_status":"open","sticky":false,"template":"","format":"standard","meta":{"_uf_show_specific_survey":0,"_uf_disable_surveys":false,"footnotes":""},"categories":[37],"tags":[],"class_list":{"0":"post-96818","1":"post","2":"type-post","3":"status-publish","4":"format-standard","5":"has-post-thumbnail","7":"category-alaune-fr"},"aioseo_notices":[],"_links":{"self":[{"href":"https:\/\/middleeasttransparent.com\/fr\/wp-json\/wp\/v2\/posts\/96818","targetHints":{"allow":["GET"]}}],"collection":[{"href":"https:\/\/middleeasttransparent.com\/fr\/wp-json\/wp\/v2\/posts"}],"about":[{"href":"https:\/\/middleeasttransparent.com\/fr\/wp-json\/wp\/v2\/types\/post"}],"author":[{"embeddable":true,"href":"https:\/\/middleeasttransparent.com\/fr\/wp-json\/wp\/v2\/users\/757"}],"replies":[{"embeddable":true,"href":"https:\/\/middleeasttransparent.com\/fr\/wp-json\/wp\/v2\/comments?post=96818"}],"version-history":[{"count":0,"href":"https:\/\/middleeasttransparent.com\/fr\/wp-json\/wp\/v2\/posts\/96818\/revisions"}],"wp:featuredmedia":[{"embeddable":true,"href":"https:\/\/middleeasttransparent.com\/fr\/wp-json\/wp\/v2\/media\/96822"}],"wp:attachment":[{"href":"https:\/\/middleeasttransparent.com\/fr\/wp-json\/wp\/v2\/media?parent=96818"}],"wp:term":[{"taxonomy":"category","embeddable":true,"href":"https:\/\/middleeasttransparent.com\/fr\/wp-json\/wp\/v2\/categories?post=96818"},{"taxonomy":"post_tag","embeddable":true,"href":"https:\/\/middleeasttransparent.com\/fr\/wp-json\/wp\/v2\/tags?post=96818"}],"curies":[{"name":"wp","href":"https:\/\/api.w.org\/{rel}","templated":true}]}}