{"id":96494,"date":"2022-06-16T20:55:43","date_gmt":"2022-06-16T19:55:43","guid":{"rendered":"https:\/\/middleeasttransparent.com\/?p=96494"},"modified":"2022-06-16T20:55:43","modified_gmt":"2022-06-16T19:55:43","slug":"les-eveques-de-france-prets-a-un-big-bang-de-leglise","status":"publish","type":"post","link":"https:\/\/middleeasttransparent.com\/fr\/les-eveques-de-france-prets-a-un-big-bang-de-leglise\/","title":{"rendered":"Les \u00e9v\u00eaques de France pr\u00eats \u00e0 un big bang de l\u2019\u00c9glise"},"content":{"rendered":"<header class=\"header-article\">\n<figure>\n<div>\n<div><\/div>\n<\/div><figcaption id=\"figcaption\">\n<h2 class=\"h2 title\"><strong>Mariage des pr\u00eatres, ordination des femmes, r\u00e9vision de la liturgie\u2026 Leurs propositions de r\u00e9forme sont aussi in\u00e9dites que radicales.<\/strong><\/h2>\n<\/figcaption><\/figure>\n<\/header>\n<p>&nbsp;<\/p>\n<p>&nbsp;<\/p>\n<header class=\"header-article\">Mariage des pr\u00eatres, femmes diacres ou pr\u00eatres, transparence dans les d\u00e9cisions paroissiales, r\u00e9vision de la liturgie\u2026 Les propositions issues des dioc\u00e8ses de France pour \u00ab le synode sur la synodalit\u00e9 \u00bb, voulu par le pape, pourraient bouleverser l\u2019ordre \u00e9tabli dans le sacerdoce des pr\u00eatres. \u00ab Une r\u00e9elle reconnaissance \u00bb envers eux est pourtant soulign\u00e9e. Elles ont \u00e9t\u00e9 valid\u00e9es, mercredi \u00e0 Lyon, par les \u00e9v\u00eaques, puis transmises \u00ab telles quelles \u00bb \u00e0 Rome, accompagn\u00e9es d\u2019une lettre qui les justifie et les met en perspective. Jamais l\u2019\u00c9glise de France n\u2019avait vot\u00e9 et assum\u00e9 un texte aussi radicalement r\u00e9formateur, en particulier sur le sacerdoce.S\u2019ach\u00e8ve ainsi la premi\u00e8re phase d\u2019un synode mondial sur la gouvernance de l\u2019\u00c9glise, convoqu\u00e9 en\u00a02021 par le pape Fran\u00e7ois. \u00c0 Rome, d\u2019ici \u00e0 d\u00e9cembre 2022, s\u2019ouvrira une seconde phase qui va rassembler l\u2019ensemble de ces propositions nationales pour pr\u00e9parer la tenue effective de ce synode au Vatican, en octobre 2023.Le document fran\u00e7ais s\u2019intitule \u00ab\u00a0Collecte des synth\u00e8ses synodales\u00a0\u00bb. Ces derni\u00e8res ont \u00e9t\u00e9 vot\u00e9es par la centaine de dioc\u00e8ses de France depuis septembre dernier, puis par l\u2019assembl\u00e9e des \u00e9v\u00eaques de France, r\u00e9unie \u00e0 huis clos. Elles ont \u00e9t\u00e9 pr\u00e9sent\u00e9es \u00e0 la presse par Mgr\u00a0\u00c9ric de Moulins-Beaufort, pr\u00e9sident de la Conf\u00e9rence des \u00e9v\u00eaques de France (CEF), par Mgr\u00a0Alexandre Joly, \u00e9v\u00eaque de Troyes en charge de ce dossier ainsi que par une jeune m\u00e8re de famille, Lucie Lafleur.<\/header>\n<header class=\"header-article\">\n<h3><\/h3>\n<h3>Un diagnostic s\u00e9v\u00e8re<\/h3>\n<p>&nbsp;<\/p>\n<p>Les dix propositions posent un diagnostic s\u00e9v\u00e8re sur l\u2019exercice actuel du sacerdoce catholique\u00a0: \u00ab\u00a0autoritarisme, difficult\u00e9s dans les relations avec les femmes, attitude surplombante plus que fraternelle\u00a0\u00bb.<\/p>\n<p><span style=\"color: #666699;\">Les \u00e9v\u00eaques proposent donc \u00ab\u00a0que le c\u00e9libat des pr\u00eatres soit laiss\u00e9 au libre choix de ceux-ci, de sorte que l\u2019ordination presbyt\u00e9rale et le mariage soient compatibles\u00a0\u00bb.<\/span><\/p>\n<p>Autre grief, la \u00ab\u00a0criante disproportion entre le nombre de femmes engag\u00e9es\u00a0\u00bb et celles \u00ab\u00a0qui sont en situation de d\u00e9cider\u00a0\u00bb. Ce qui engendre \u00ab\u00a0d\u2019innombrables blessures\u00a0\u00bb, une \u00ab\u00a0attente criante\u00a0\u00bb, une \u00ab\u00a0r\u00e9volte\u00a0\u00bb. D\u2019o\u00f9 \u00ab\u00a0de nombreuses demandes pour que les femmes puissent recevoir l\u2019ordination diaconale\u00a0\u00bb et qu\u2019elles puissent \u00eatre charg\u00e9es de \u00ab\u00a0la pr\u00e9dication\u00a0\u00bb. Ce qui serait un \u00ab\u00a0premier pas\u00a0\u00bb. Certains voudraient qu\u2019elles \u00ab\u00a0puissent \u00eatre ordonn\u00e9es pr\u00eatres\u00a0\u00bb.<\/p>\n<p>Les \u00e9v\u00eaques appellent aussi \u00e0 une \u00ab\u00a0diversification des liturgies au profit des c\u00e9l\u00e9brations de la parole\u00a0\u00bb, avec une \u00ab\u00a0place centrale pour la m\u00e9ditation des \u00e9critures\u00a0\u00bb. Selon eux, l\u2019eucharistie est certes \u00ab\u00a0essentielle\u00a0\u00bb, mais sa liturgie peut \u00eatre un \u00ab\u00a0lieu de tension\u00a0\u00bb : tant pour \u00ab\u00a0l\u2019irrecevabilit\u00e9 du langage\u00a0\u00bb de l\u2019\u00c9glise &#8211; trop complexe pour les fid\u00e8les -, que pour les \u00ab\u00a0exclus des sacrements (personnes homosexuelles, divorc\u00e9s remari\u00e9s)\u00a0\u00bb.<\/p>\n<p><strong>150\u00a0000 catholiques ont \u00e9labor\u00e9 ces cahiers de dol\u00e9ances, soit 10\u00a0% des pratiquants, mais \u00ab\u00a0peu de jeunes et de jeunes adultes\u00a0\u00bb,<\/strong> reconna\u00eet l\u2019\u00e9piscopat, qui note aussi \u00ab\u00a0la difficult\u00e9 pour beaucoup de pr\u00eatres \u00e0 reconna\u00eetre l\u2019int\u00e9r\u00eat de ce synode\u00a0\u00bb. Mgr\u00a0Joly admet\u00a0: \u00ab\u00a0toutes les sensibilit\u00e9s ne se sont pas exprim\u00e9es et il nous manque une g\u00e9n\u00e9ration, les 25-45\u00a0ans.\u00a0\u00bb<\/p>\n<\/header>\n<section class=\"section-article\">\n<div id=\"content_article\">\n<div class=\"i-amphtml-fill-content i-amphtml-replaced-content\" role=\"list\">\n<div role=\"listitem\"><\/div>\n<\/div>\n<div class=\"i-amphtml-fill-content i-amphtml-replaced-content\" role=\"list\">\n<div class=\"article_element paragraph\" role=\"listitem\"><a href=\"https:\/\/www.lefigaro.fr\/actualite-france\/les-eveques-de-france-prets-a-un-big-bang-de-l-eglise-20220615#:~:text=D%C3%89CRYPTAGE%20%2D%20Mariage%20des%20pr%C3%AAtres%2C%20ordination,sont%20aussi%20in%C3%A9dites%20que%20radicales.\">Le Figaro<\/a><\/div>\n<\/div>\n<\/div>\n<\/section>\n","protected":false},"excerpt":{"rendered":"<p>Mariage des pr\u00eatres, ordination des femmes, r\u00e9vision de la liturgie\u2026 Leurs propositions de r\u00e9forme sont aussi in\u00e9dites que radicales. &nbsp; &nbsp; Mariage des pr\u00eatres, femmes diacres ou pr\u00eatres, transparence dans les d\u00e9cisions paroissiales, r\u00e9vision de la liturgie\u2026 Les propositions issues des dioc\u00e8ses de France pour \u00ab le synode sur la synodalit\u00e9 \u00bb, voulu par le<\/p>\n","protected":false},"author":499,"featured_media":96500,"comment_status":"open","ping_status":"open","sticky":false,"template":"","format":"standard","meta":{"_uf_show_specific_survey":0,"_uf_disable_surveys":false,"footnotes":""},"categories":[37],"tags":[],"class_list":{"0":"post-96494","1":"post","2":"type-post","3":"status-publish","4":"format-standard","5":"has-post-thumbnail","7":"category-alaune-fr"},"aioseo_notices":[],"_links":{"self":[{"href":"https:\/\/middleeasttransparent.com\/fr\/wp-json\/wp\/v2\/posts\/96494","targetHints":{"allow":["GET"]}}],"collection":[{"href":"https:\/\/middleeasttransparent.com\/fr\/wp-json\/wp\/v2\/posts"}],"about":[{"href":"https:\/\/middleeasttransparent.com\/fr\/wp-json\/wp\/v2\/types\/post"}],"author":[{"embeddable":true,"href":"https:\/\/middleeasttransparent.com\/fr\/wp-json\/wp\/v2\/users\/499"}],"replies":[{"embeddable":true,"href":"https:\/\/middleeasttransparent.com\/fr\/wp-json\/wp\/v2\/comments?post=96494"}],"version-history":[{"count":0,"href":"https:\/\/middleeasttransparent.com\/fr\/wp-json\/wp\/v2\/posts\/96494\/revisions"}],"wp:featuredmedia":[{"embeddable":true,"href":"https:\/\/middleeasttransparent.com\/fr\/wp-json\/wp\/v2\/media\/96500"}],"wp:attachment":[{"href":"https:\/\/middleeasttransparent.com\/fr\/wp-json\/wp\/v2\/media?parent=96494"}],"wp:term":[{"taxonomy":"category","embeddable":true,"href":"https:\/\/middleeasttransparent.com\/fr\/wp-json\/wp\/v2\/categories?post=96494"},{"taxonomy":"post_tag","embeddable":true,"href":"https:\/\/middleeasttransparent.com\/fr\/wp-json\/wp\/v2\/tags?post=96494"}],"curies":[{"name":"wp","href":"https:\/\/api.w.org\/{rel}","templated":true}]}}