{"id":9649,"date":"2016-02-23T11:00:06","date_gmt":"2016-02-23T10:00:06","guid":{"rendered":"http:\/\/middleeasttransparent.com\/?p=9649"},"modified":"2016-02-23T11:03:12","modified_gmt":"2016-02-23T10:03:12","slug":"fifa-ma-conscience-et-dieu-sont-mes-seuls-juges","status":"publish","type":"post","link":"https:\/\/middleeasttransparent.com\/fr\/fifa-ma-conscience-et-dieu-sont-mes-seuls-juges\/","title":{"rendered":"FIFA : \u00ab\u00a0Ma conscience et Dieu sont mes seuls juges\u00a0\u00bb"},"content":{"rendered":"<p class=\"tt2\"><strong><span class=\"signature_article\">Propos recueillis par <span class=\"auteur txt2_120\"><a class=\"auteur\" href=\"http:\/\/www.lemonde.fr\/journaliste\/remi-dupre\/\" target=\"_blank\">R\u00e9mi Dupr\u00e9<\/a><\/span><\/span><\/strong><\/p>\n<div class=\"toolbar\">\n<div class=\"conteneur_barre_outils\">\n<div class=\"barre_outils\">\n<p class=\"partage\"><strong>Pr\u00e9sident int\u00e9rimaire de la F\u00e9d\u00e9ration internationale de football (FIFA) depuis le 8\u200aoctobre\u200a2015 et la suspension pour huit ans de Sepp Blatter, Issa Hayatou dirigera le congr\u00e8s extraordinaire de l\u2019instance, le 26\u200af\u00e9vrier, \u00e0 Zurich. Patron de la Conf\u00e9d\u00e9ration africaine de <a class=\"lien_interne rub\" title=\"Toute l\u2019actualit\u00e9 football\" href=\"http:\/\/www.lemonde.fr\/football\/\">football<\/a> (CAF) depuis 1988 et membre du gouvernement du foot mondial depuis plus d\u2019un quart de si\u00e8cle, le Camerounais va <a class=\"lien_interne conjug\" title=\"Conjugaison du verbe superviser\" href=\"http:\/\/conjugaison.lemonde.fr\/conjugaison\/premier-groupe\/superviser\/\" target=\"_blank\">superviser<\/a> l\u2019\u00e9lection du nouveau pr\u00e9sident de la <a class=\"lien_interne rub\" title=\"Toute l\u2019actualit\u00e9 FIFA\" href=\"http:\/\/www.lemonde.fr\/corruption-a-la-fifa\/\">FIFA<\/a>, \u00e0 laquelle il n\u2019est pas candidat. Le dirigeant de 69\u00a0ans semble <a class=\"lien_interne conjug\" title=\"Conjugaison du verbe aborder\" href=\"http:\/\/conjugaison.lemonde.fr\/conjugaison\/premier-groupe\/aborder\/\" target=\"_blank\">aborder<\/a> avec s\u00e9r\u00e9nit\u00e9 cette \u00e9ch\u00e9ance capitale pour l\u2019avenir de la f\u00e9d\u00e9ration, min\u00e9e par les scandales de corruption.<\/strong><\/p>\n<\/div>\n<\/div>\n<\/div>\n<div id=\"articleBody\" class=\"contenu_article js_article_body\">\n<p class=\"lire\">Lire notre entretien : \u00a0 <a href=\"http:\/\/www.lemonde.fr\/football\/article\/2015\/12\/22\/joseph-blatter-avec-platini-on-etait-trop-forts-on-veut-nous-enlever-tous-les-deux_4836740_1616938.html\">Joseph Blatter : \u00ab Beaucoup pensent que je ne suis pas un mauvais gars \u00bb<\/a><\/p>\n<p class=\"question\"><strong>Quel bilan tirez-<a class=\"lien_interne rub\" title=\"Toute l\u2019actualit\u00e9 vous\" href=\"http:\/\/www.lemonde.fr\/vous\/\">vous<\/a> de vos cinq mois pass\u00e9s \u00e0 la pr\u00e9sidence int\u00e9rimaire de la FIFA\u200a?<\/strong><\/p>\n<p>Il faut d\u2019embl\u00e9e <a class=\"lien_interne conjug\" title=\"Conjugaison du verbe indiquer\" href=\"http:\/\/conjugaison.lemonde.fr\/conjugaison\/premier-groupe\/indiquer\/\" target=\"_blank\">indiquer<\/a> que le fait d\u2019\u00eatre pr\u00e9sident int\u00e9rimaire impose des limites. Je ne fais rien par int\u00e9r\u00eat personnel. Le football est un <a class=\"lien_interne rub\" title=\"Toute l\u2019actualit\u00e9 sport\" href=\"http:\/\/www.lemonde.fr\/sport\/\">sport<\/a> collectif o\u00f9 l\u2019on gagne et perd en \u00e9quipe, avec des r\u00e8gles du jeu qui doivent s\u2019appliquer \u00e0 tous. Ceci a toujours \u00e9t\u00e9 ma perception de la mani\u00e8re dont la CAF, la FIFA ou toute autre organisation du m\u00eame type doit <a class=\"lien_interne conjug\" title=\"Conjugaison du verbe \u00eatre\" href=\"http:\/\/conjugaison.lemonde.fr\/conjugaison\/auxiliaire\/%C3%AAtre\/\" target=\"_blank\">\u00eatre<\/a> dirig\u00e9e.<\/p>\n<p>Ces derniers mois, le processus de r\u00e9formes de la FIFA a suivi son cours, le calendrier a \u00e9t\u00e9 respect\u00e9 et nos engagements vis-\u00e0-vis de nos associations membres et partenaires ont \u00e9t\u00e9 respect\u00e9s.<\/p>\n<p class=\"question\"><strong>Un changement culturel est-il n\u00e9cessaire \u00e0 la FIFA, min\u00e9e \u00adpar les affaires de corruption\u200a?<\/strong><\/p>\n<p>Comme toute organisation digne de ce nom, la FIFA ne peut qu\u2019\u00eatre dynamique et doit <a class=\"lien_interne conjug\" title=\"Conjugaison du verbe veiller\" href=\"http:\/\/conjugaison.lemonde.fr\/conjugaison\/premier-groupe\/veiller\/\" target=\"_blank\">veiller<\/a>, en tant que centenaire, \u00e0 <a class=\"lien_interne conjug\" title=\"Conjugaison du verbe rester\" href=\"http:\/\/conjugaison.lemonde.fr\/conjugaison\/premier-groupe\/rester\/\" target=\"_blank\">rester<\/a> en phase avec la marche du <a class=\"lien_interne rub\" title=\"Toute l\u2019actualit\u00e9 monde\" href=\"http:\/\/www.lemonde.fr\/afrique-monde\/\">monde<\/a> et les r\u00e9alit\u00e9s de son temps. Si elle a r\u00e9ussi \u00e0 <a class=\"lien_interne conjug\" title=\"Conjugaison du verbe prosp\u00e9rer\" href=\"http:\/\/conjugaison.lemonde.fr\/conjugaison\/premier-groupe\/prosp%C3%A9rer\/\" target=\"_blank\">prosp\u00e9rer<\/a> pendant plus de cent ans, c\u2019est qu\u2019elle a su s\u2019adapter. Pour <a class=\"lien_interne conjug\" title=\"Conjugaison du verbe continuer\" href=\"http:\/\/conjugaison.lemonde.fr\/conjugaison\/premier-groupe\/continuer\/\" target=\"_blank\">continuer<\/a> \u00e0 se <a class=\"lien_interne conjug\" title=\"Conjugaison du verbe renouveler\" href=\"http:\/\/conjugaison.lemonde.fr\/conjugaison\/premier-groupe\/renouveler\/\" target=\"_blank\">renouveler<\/a> et <a class=\"lien_interne conjug\" title=\"Conjugaison du verbe consolider\" href=\"http:\/\/conjugaison.lemonde.fr\/conjugaison\/premier-groupe\/consolider\/\" target=\"_blank\">consolider<\/a> ses acquis, la FIFA doit \u00e0 l\u2019avenir <a class=\"lien_interne conjug\" title=\"Conjugaison du verbe effectuer\" href=\"http:\/\/conjugaison.lemonde.fr\/conjugaison\/premier-groupe\/effectuer\/\" target=\"_blank\">effectuer<\/a> une remise en cause permanente.<\/p>\n<p class=\"question\"><strong>Pourquoi le prochain congr\u00e8s \u00e9lectif est-il crucial pour le <a class=\"lien_interne conjug\" title=\"Conjugaison du verbe devenir\" href=\"http:\/\/conjugaison.lemonde.fr\/conjugaison\/troisieme-groupe\/devenir\/\" target=\"_blank\">devenir<\/a> de la \u00adFIFA\u200a?<\/strong><\/p>\n<p>Ce congr\u00e8s est d\u00e9terminant parce qu\u2019il devra <a class=\"lien_interne conjug\" title=\"Conjugaison du verbe r\u00e9pondre\" href=\"http:\/\/conjugaison.lemonde.fr\/conjugaison\/troisieme-groupe\/r%C3%A9pondre\/\" target=\"_blank\">r\u00e9pondre<\/a> aux nombreuses attentes des uns et des autres et <a class=\"lien_interne conjug\" title=\"Conjugaison du verbe d\u00e9cider\" href=\"http:\/\/conjugaison.lemonde.fr\/conjugaison\/premier-groupe\/d%C3%A9cider\/\" target=\"_blank\">d\u00e9cider<\/a> de deux choses importantes. Tout d\u2019abord, nous allons effectuer un vote sur les r\u00e9formes propos\u00e9es par la commission, dont le travail a d\u00e9j\u00e0 \u00e9t\u00e9 discut\u00e9 et valid\u00e9 par le comit\u00e9 ex\u00e9cutif. Ensuite, il nous faudra <a class=\"lien_interne conjug\" title=\"Conjugaison du verbe proc\u00e9der\" href=\"http:\/\/conjugaison.lemonde.fr\/conjugaison\/premier-groupe\/proc%C3%A9der\/\" target=\"_blank\">proc\u00e9der<\/a> \u00e0 l\u2019\u00e9lection du pr\u00e9sident \u00e0 qui reviendra la responsabilit\u00e9 de <a class=\"lien_interne conjug\" title=\"Conjugaison du verbe mener\" href=\"http:\/\/conjugaison.lemonde.fr\/conjugaison\/premier-groupe\/mener\/\" target=\"_blank\">mener<\/a> \u00e0 bien ces r\u00e9formes.<\/p>\n<p class=\"question\"><strong>Le comit\u00e9 ex\u00e9cutif de la CAF a d\u00e9cid\u00e9 \u00e0 l\u2019unanimit\u00e9 de <a class=\"lien_interne conjug\" title=\"Conjugaison du verbe soutenir\" href=\"http:\/\/conjugaison.lemonde.fr\/conjugaison\/troisieme-groupe\/soutenir\/\" target=\"_blank\">soutenir<\/a> la candidature du cheikh Salman de <a class=\"lien_interne rub\" title=\"Toute l\u2019actualit\u00e9 Bahre\u00efn\" href=\"http:\/\/www.lemonde.fr\/bahrein\/\">Bahre\u00efn<\/a>. Dans quelle mesure pouvez-vous <a class=\"lien_interne conjug\" title=\"Conjugaison du verbe faire\" href=\"http:\/\/conjugaison.lemonde.fr\/conjugaison\/troisieme-groupe\/faire\/\" target=\"_blank\">faire<\/a> preuve de neutralit\u00e9 dans la campagne\u200a?<\/strong><\/p>\n<p>Par une d\u00e9l\u00e9gation de <a class=\"lien_interne conjug\" title=\"Conjugaison du verbe pouvoir\" href=\"http:\/\/conjugaison.lemonde.fr\/conjugaison\/troisieme-groupe\/pouvoir\/\" target=\"_blank\">pouvoir<\/a> sign\u00e9e le 16\u200ajanvier en faveur du premier et du deuxi\u00e8me vice-pr\u00e9sident de la CAF, je me suis d\u00e9sengag\u00e9 de tout ce qui a trait au processus \u00e9lectoral au niveau de la CAF. De ce fait, je n\u2019ai pas pris part le 5\u00a0f\u00e9vrier au d\u00e9bat et \u00e0 la d\u00e9lib\u00e9ration qui ont abouti au soutien de cette candidature.<\/p>\n<p>Comme pr\u00e9c\u00e9demment indiqu\u00e9, j\u2019ai toujours r\u00e9gl\u00e9 ma boussole sur les r\u00e8gles qui codifient le fonctionnement des \u00adinstitutions auxquelles j\u2019appartiens. Je m\u2019acquitterai donc de mes responsabilit\u00e9s dans le strict respect des pr\u00e9rogatives qui me sont reconnues. J\u2019ai d\u2019ailleurs tenu, en conformit\u00e9 avec les statuts de la CAF et en accord avec son comit\u00e9 ex\u00e9cutif, \u00e0 <a class=\"lien_interne conjug\" title=\"Conjugaison du verbe d\u00e9l\u00e9guer\" href=\"http:\/\/conjugaison.lemonde.fr\/conjugaison\/premier-groupe\/d%C3%A9l%C3%A9guer\/\" target=\"_blank\">d\u00e9l\u00e9guer<\/a> \u00e0 ses deux vice-pr\u00e9sidents la pr\u00e9rogative de <a class=\"lien_interne conjug\" title=\"Conjugaison du verbe conduire\" href=\"http:\/\/conjugaison.lemonde.fr\/conjugaison\/troisieme-groupe\/conduire\/\" target=\"_blank\">conduire<\/a> la d\u00e9l\u00e9gation africaine \u00e0 ce congr\u00e8s \u00e9lectif. Cette d\u00e9l\u00e9gation de pouvoirs participe justement de ma volont\u00e9 de rester neutre et de m\u2019imposer une distance vis-\u00e0-vis des tractations \u00e9lectorales.<\/p>\n<p class=\"question\"><strong>Pourquoi n\u2019avez-vous pas song\u00e9 vous-m\u00eame \u00e0 vous <a class=\"lien_interne conjug\" title=\"Conjugaison du verbe pr\u00e9senter\" href=\"http:\/\/conjugaison.lemonde.fr\/conjugaison\/premier-groupe\/pr%C3%A9senter\/\" target=\"_blank\">pr\u00e9senter<\/a> le 26\u200af\u00e9vrier\u200a?<\/strong><\/p>\n<p>Lorsque j\u2019ai \u00e9t\u00e9 nomm\u00e9 pr\u00e9sident par int\u00e9rim \u00e0 la suite de la sanction provisoire inflig\u00e9e au pr\u00e9sident \u00e9lu de la FIFA, j\u2019ai clairement indiqu\u00e9 que je n\u2019entendais pas \u00eatre candidat \u00e0 cette \u00e9lection. Il y a certes eu des sollicitations pour que je revienne sur cette d\u00e9cision. Mais je ne l\u2019ai jamais envisag\u00e9. Pour des raisons personnelles qui \u00e9taient relatives \u00e0 mon \u00e9tat de sant\u00e9 \u00e0 ce moment-l\u00e0<em>[Issa Hayatou a subi une transplantation r\u00e9nale en novembre\u200a2015]<\/em>, mais \u00e9galement pour des raisons contextuelles pertinentes.<\/p>\n<p>La p\u00e9riode \u00e9tait d\u00e9j\u00e0 assez trouble comme cela. Si j\u2019avais d\u00e9cid\u00e9 de me <a class=\"lien_interne conjug\" title=\"Conjugaison du verbe lancer\" href=\"http:\/\/conjugaison.lemonde.fr\/conjugaison\/premier-groupe\/lancer\/\" target=\"_blank\">lancer<\/a> dans la course, tout mon travail aurait \u00e9t\u00e9 diversement interpr\u00e9t\u00e9. D\u00e9j\u00e0, comme vous avez d\u00fb le <a class=\"lien_interne conjug\" title=\"Conjugaison du verbe constater\" href=\"http:\/\/conjugaison.lemonde.fr\/conjugaison\/premier-groupe\/constater\/\" target=\"_blank\">constater<\/a>, bien que je ne sois pas candidat, on entend quelques <a class=\"lien_interne rub\" title=\"Toute l\u2019actualit\u00e9 proc\u00e8s\" href=\"http:\/\/www.lemonde.fr\/proces\/\">proc\u00e8s<\/a> d\u2019intention <a class=\"lien_interne conjug\" title=\"Conjugaison du verbe fleurir\" href=\"http:\/\/conjugaison.lemonde.fr\/conjugaison\/deuxieme-groupe\/fleurir\/\" target=\"_blank\">fleurir<\/a> \u00e0 mon \u00e9gard <em>[le prince jordanien Ali Ben Al-Hussein, candidat \u00e0 la pr\u00e9sidence de la FIFA, a notamment condamn\u00e9 un protocole d\u2019entente entre la CAF et la Conf\u00e9d\u00e9ration asiatique de football, que dirige le cheikh Salman]<\/em>.<\/p>\n<p class=\"question\"><strong>Les f\u00e9d\u00e9rations africaines \u00e9taient tr\u00e8s li\u00e9es \u00e0 Sepp Blatter et \u00e0 sa vision \u00ab\u200auniverselle\u200a\u00bb du football. Elles l\u2019ont soutenu durant tout son r\u00e8gne.<\/strong><\/p>\n<p>La CAF, cr\u00e9\u00e9e en\u00a01957, continuera \u00e0 se <a class=\"lien_interne conjug\" title=\"Conjugaison du verbe positionner\" href=\"http:\/\/conjugaison.lemonde.fr\/conjugaison\/premier-groupe\/positionner\/\" target=\"_blank\">positionner<\/a> avec fiert\u00e9 par rapport \u00e0 ses int\u00e9r\u00eats et soutiendra toujours les personnes qui la d\u00e9fendent au mieux, avec des valeurs qui sont les n\u00f4tres\u200a\u00a0: la solidarit\u00e9 et le respect de la parole donn\u00e9e.<\/p>\n<p class=\"question\"><strong>Quel est votre point de vue sur les \u00adcritiques dont vous faites r\u00e9guli\u00e8rement l\u2019objet, notamment en Grande-<a class=\"lien_interne rub\" title=\"Toute l\u2019actualit\u00e9 Bretagne\" href=\"http:\/\/www.lemonde.fr\/bretagne\/\">Bretagne<\/a>, et qui mettent en doute \u00advotre probit\u00e9\u200a?<\/strong><\/p>\n<p>Cette antienne est \u00e9cul\u00e9e. Cela fait des ann\u00e9es que l\u2019on entend les m\u00eames insinuations sans qu\u2019aucun \u00e9l\u00e9ment de preuve ne soit jamais apport\u00e9. Il est dommage que, sous couvert du droit \u00e0 l\u2019information, des journalistes britanniques notamment, largement repris par leurs confr\u00e8res occidentaux \u2013 dont on se demande s\u2019ils sont de v\u00e9ritables journalistes, c\u2019est-\u00e0-dire au service de la v\u00e9rit\u00e9 \u2013, portent atteinte \u00e0 mon honorabilit\u00e9. Mais je n\u2019ai que ma conscience et Dieu comme seuls juges.<\/p>\n<p class=\"question\"><strong>Craignez-vous des poursuites \u00ad\u00e0 l\u2019avenir\u200a?<\/strong><\/p>\n<p>Comme je l\u2019ai toujours r\u00e9p\u00e9t\u00e9, je n\u2019ai rien \u00e0 me <a class=\"lien_interne conjug\" title=\"Conjugaison du verbe reprocher\" href=\"http:\/\/conjugaison.lemonde.fr\/conjugaison\/premier-groupe\/reprocher\/\" target=\"_blank\">reprocher<\/a> et je mets quiconque au d\u00e9fi d\u2019apporter un seul \u00e9l\u00e9ment qui puisse <a class=\"lien_interne conjug\" title=\"Conjugaison du verbe justifier\" href=\"http:\/\/conjugaison.lemonde.fr\/conjugaison\/premier-groupe\/justifier\/\" target=\"_blank\">justifier<\/a> le moindre doute sur ma probit\u00e9. Vous imaginez bien que s\u2019il y avait une seule once de v\u00e9rit\u00e9 dans toutes les fadaises qui s\u2019\u00e9crivent et se racontent, souvent avec des relents de racisme, je ne serais plus l\u00e0 aujourd\u2019hui.<\/p>\n<p class=\"question\"><strong>Phaedra Almajid, l\u2019ex-responsable de la communication du comit\u00e9 de candidature qatari au Mondial 2022, vous accuse d\u2019avoir r\u00e9clam\u00e9, lors du congr\u00e8s de la CAF de janvier\u200a2010, 1,5\u200amillion de dollars (1,3\u200amillion d\u2019euros) en \u00e9change de votre vote onze mois plus tard en faveur de l\u2019\u00e9mirat.<\/strong><\/p>\n<p>M<sup>me<\/sup> Almajid est une affabulatrice et fait r\u00e9f\u00e9rence \u00e0 des \u00e9v\u00e9nements qui n\u2019ont jamais exist\u00e9. Elle \u00e9voque des personnes qui n\u2019\u00e9taient m\u00eame pas \u00e0 Luanda au moment des pr\u00e9tendus \u00e9v\u00e9nements. Notamment messieurs Amos Adamu et Jacques Anouma <em>[alors membres africains du comit\u00e9 ex\u00e9cutif de la FIFA, \u00e9galement accus\u00e9s par Phaedra Almajid].<\/em><\/p>\n<p class=\"question\"><strong>Craignez-vous qu\u2019une nouvelle action de la <a class=\"lien_interne rub\" title=\"Toute l\u2019actualit\u00e9 justice\" href=\"http:\/\/www.lemonde.fr\/justice\/\">justice<\/a> am\u00e9ricaine, visant des membres du comit\u00e9 ex\u00e9cutif de la FIFA ou des repr\u00e9sentants des \u00adf\u00e9d\u00e9rations nationales, ait lieu juste avant le congr\u00e8s\u200a?<\/strong><\/p>\n<p>Je ne suis pas en mesure de <a class=\"lien_interne conjug\" title=\"Conjugaison du verbe conna\u00eetre\" href=\"http:\/\/conjugaison.lemonde.fr\/conjugaison\/troisieme-groupe\/conna%C3%AEtre\/\" target=\"_blank\">conna\u00eetre<\/a> l\u2019agenda de la justice am\u00e9ricaine et le timing de ses proc\u00e9dures. A <a class=\"lien_interne conjug\" title=\"Conjugaison du verbe titre\" href=\"http:\/\/conjugaison.lemonde.fr\/conjugaison\/troisieme-groupe\/titre\/\" target=\"_blank\">titre<\/a> personnel, je n\u2019ai aucune crainte. Les institutions ont vocation \u00e0 <a class=\"lien_interne conjug\" title=\"Conjugaison du verbe survivre\" href=\"http:\/\/conjugaison.lemonde.fr\/conjugaison\/troisieme-groupe\/survivre\/\" target=\"_blank\">survivre<\/a> aux hommes et je suis convaincu que la FIFA ne d\u00e9roge pas \u00e0 cette r\u00e8gle. Elle s\u2019est d\u2019ailleurs engag\u00e9e \u00e0 <a class=\"lien_interne conjug\" title=\"Conjugaison du verbe apporter\" href=\"http:\/\/conjugaison.lemonde.fr\/conjugaison\/premier-groupe\/apporter\/\" target=\"_blank\">apporter<\/a> toute la collaboration n\u00e9cessaire pour faire <a class=\"lien_interne conjug\" title=\"Conjugaison du verbe \u00e9clore\" href=\"http:\/\/conjugaison.lemonde.fr\/conjugaison\/troisieme-groupe\/%C3%A9clore\/\" target=\"_blank\">\u00e9clore<\/a> la v\u00e9rit\u00e9 dans ces affaires qui, comme je l\u2019ai toujours r\u00e9p\u00e9t\u00e9, concernent des individus ayant occup\u00e9, pour certains, des positions de premier plan au sein de la FIFA, mais pas l\u2019organisation et la personne morale qu\u2019est la FIFA.<\/p>\n<p class=\"question\"><strong>Le minist\u00e8re public de la Conf\u00e9d\u00e9ration helv\u00e9tique <a class=\"lien_interne rub\" title=\"Toute l\u2019actualit\u00e9 enqu\u00eate\" href=\"http:\/\/www.lemonde.fr\/enquetes\/\">enqu\u00eate<\/a> actuellement sur l\u2019attribution des Mondiaux 2018 et 2022, \u00e0 la suite d\u2019une plainte de la FIFA. Selon vous, le prochain pr\u00e9sident de la FIFA devrait-il \u00adorganiser un nouveau vote d\u2019attribution si des preuves de corruption \u00e9taient \u00e9tablies\u200a?<\/strong><\/p>\n<p>Chaque chose en son temps. Il faut d\u00e9j\u00e0 que le prochain pr\u00e9sident soit \u00e9lu et que les enqu\u00eates soient boucl\u00e9es\u2026 Et peut-\u00eatre qu\u2019apr\u00e8s cela, le comit\u00e9 ex\u00e9cutif devra se <a class=\"lien_interne conjug\" title=\"Conjugaison du verbe r\u00e9unir\" href=\"http:\/\/conjugaison.lemonde.fr\/conjugaison\/deuxieme-groupe\/r%C3%A9unir\/\" target=\"_blank\">r\u00e9unir<\/a> pour <a class=\"lien_interne conjug\" title=\"Conjugaison du verbe prendre\" href=\"http:\/\/conjugaison.lemonde.fr\/conjugaison\/troisieme-groupe\/prendre\/\" target=\"_blank\">prendre<\/a> les mesures qui s\u2019imposeront. Personne ne peut <a class=\"lien_interne conjug\" title=\"Conjugaison du verbe pr\u00e9juger\" href=\"http:\/\/conjugaison.lemonde.fr\/conjugaison\/premier-groupe\/pr%C3%A9juger\/\" target=\"_blank\">pr\u00e9juger<\/a> de quoi demain sera fait. La FIFA a elle-m\u00eame lanc\u00e9 une enqu\u00eate interne sur la question, dont les conclusions <em>[en novembre\u200a2014, la FIFA avait publi\u00e9 une synth\u00e8se faite \u00e0 <a class=\"lien_interne conjug\" title=\"Conjugaison du verbe partir\" href=\"http:\/\/conjugaison.lemonde.fr\/conjugaison\/troisieme-groupe\/partir\/\" target=\"_blank\">partir<\/a> du rapport d\u2019enqu\u00eate de Michael J. Garcia, lequel avait d\u00e9missionn\u00e9 dans la foul\u00e9e]<\/em>n\u2019ont pas permis d\u2019aboutir \u00e0 la remise en cause de la sinc\u00e9rit\u00e9 du vote pour l\u2019attribution des Coupes du monde 2018 et 2022.<\/p>\n<p class=\"question\"><strong>Que ferez-vous apr\u00e8s le congr\u00e8s\u200a?<\/strong><\/p>\n<p>Que faisait Issa Hayatou avant de devenir pr\u00e9sident int\u00e9rimaire de la FIFA\u200a? Il \u00adreprendra sa charge. Statutairement, il redeviendra \u00e9videmment le vice-pr\u00e9sident senior de la FIFA. Il s\u2019attellera \u00e0<a class=\"lien_interne conjug\" title=\"Conjugaison du verbe poursuivre\" href=\"http:\/\/conjugaison.lemonde.fr\/conjugaison\/troisieme-groupe\/poursuivre\/\" target=\"_blank\">poursuivre<\/a> les nombreux chantiers en cours au niveau de la FIFA et de la Conf\u00e9d\u00e9ration africaine de football, o\u00f9 son mandat court jusqu\u2019au mois de mars\u200a2017. Il prendra \u00e9galement une part active dans les activit\u00e9s du Comit\u00e9 <a class=\"lien_interne rub\" title=\"Toute l\u2019actualit\u00e9 international\" href=\"http:\/\/www.lemonde.fr\/international\/\">international<\/a> olympique, dont il est membre depuis 2001. <em>[En\u200a2011, le CIO a inflig\u00e9 \u00e0 Issa Hayatou un bl\u00e2me apr\u00e8s qu\u2019il a \u00adreconnu <a class=\"lien_interne conjug\" title=\"Conjugaison du verbe avoir\" href=\"http:\/\/conjugaison.lemonde.fr\/conjugaison\/auxiliaire\/avoir\/\" target=\"_blank\">avoir<\/a> touch\u00e9, en\u00a01995, 100\u200a000 francs (15\u200a200\u200aeuros) de la soci\u00e9t\u00e9 ISL, charg\u00e9e alors de <a class=\"lien_interne conjug\" title=\"Conjugaison du verbe g\u00e9rer\" href=\"http:\/\/conjugaison.lemonde.fr\/conjugaison\/premier-groupe\/g%C3%A9rer\/\" target=\"_blank\">g\u00e9rer<\/a> des droits marketing de la Coupe du monde.]<\/em><\/p>\n<p><strong>Suite \u00e0 la publication de cet entretien, Issa Hayatou a tenu faire cette pr\u00e9cision :<\/strong><\/p>\n<p><em>\u00ab\u00a0L\u2019insertion d\u2019incises dans nos propos, pour des mises en <a class=\"lien_interne rub\" title=\"Toute l\u2019actualit\u00e9 contexte\" href=\"http:\/\/www.lemonde.fr\/contexte\/\">contexte<\/a>, peut parfois <a class=\"lien_interne conjug\" title=\"Conjugaison du verbe pr\u00eater\" href=\"http:\/\/conjugaison.lemonde.fr\/conjugaison\/premier-groupe\/pr%C3%AAter\/\" target=\"_blank\">pr\u00eater<\/a> \u00e0 confusion et <a class=\"lien_interne conjug\" title=\"Conjugaison du verbe laisser\" href=\"http:\/\/conjugaison.lemonde.fr\/conjugaison\/premier-groupe\/laisser\/\" target=\"_blank\">laisser<\/a> l\u2019impression que c\u2019est nous qui parlons.<\/em><\/p>\n<p><em>Concernant les 100 000 francs fran\u00e7ais re\u00e7us de ISL, il faut <a class=\"lien_interne conjug\" title=\"Conjugaison du verbe noter\" href=\"http:\/\/conjugaison.lemonde.fr\/conjugaison\/premier-groupe\/noter\/\" target=\"_blank\">noter<\/a> qu\u2019ils ne l\u2019ont jamais \u00e9t\u00e9 \u00e0 titre personnel. Mais c\u2019\u00e9tait plut\u00f4t une contribution de cette entreprise pour la c\u00e9l\u00e9bration des 40 ans de la Conf\u00e9d\u00e9ration Africaine de Football. Les documents sont l\u00e0 pour le <a class=\"lien_interne conjug\" title=\"Conjugaison du verbe prouver\" href=\"http:\/\/conjugaison.lemonde.fr\/conjugaison\/premier-groupe\/prouver\/\" target=\"_blank\">prouver<\/a> et accessibles \u00e0 tout <a class=\"lien_interne rub\" title=\"Toute l\u2019actualit\u00e9 le monde\" href=\"http:\/\/www.lemonde.fr\/le-monde\/\">le monde<\/a>.<\/em><\/p>\n<p><em>Par ailleurs, comme nous l\u2019avons clairement indiqu\u00e9, il n\u2019a jamais \u00e9t\u00e9 question en <a class=\"lien_interne rub\" title=\"Toute l\u2019actualit\u00e9 Angola\" href=\"http:\/\/www.lemonde.fr\/angola\/\">Angola<\/a> pour les 4 membres africains du Comit\u00e9 Ex\u00e9cutif de la Fifa en 2010 de <a class=\"lien_interne conjug\" title=\"Conjugaison du verbe subordonner\" href=\"http:\/\/conjugaison.lemonde.fr\/conjugaison\/premier-groupe\/subordonner\/\" target=\"_blank\">subordonner<\/a> leur vote pour une candidature \u00e0 l\u2019organisation des Coupes du Monde 2018 et 2022 au versement de quelque somme d\u2019argent.<\/em><\/p>\n<p><em>Cette personne s\u2019est contredite a plusieurs reprises et ses motivations sont \u00e0 <a class=\"lien_interne conjug\" title=\"Conjugaison du verbe rechercher\" href=\"http:\/\/conjugaison.lemonde.fr\/conjugaison\/premier-groupe\/rechercher\/\" target=\"_blank\">rechercher<\/a> dans son licenciement par les responsables de la candidature du <a class=\"lien_interne rub\" title=\"Toute l\u2019actualit\u00e9 Qatar\" href=\"http:\/\/www.lemonde.fr\/qatar\/\">Qatar<\/a>. D\u2019ailleurs, comme d\u00e9j\u00e0 indiqu\u00e9, des 4 membres africains du Comit\u00e9 Ex\u00e9cutif de la FIFA \u00e0 l\u2019\u00e9poque deux ne se trouvaient pas en Angola.\u00a0<\/em><\/p>\n<\/div>\n<div class=\"bg_gris_moyen signature\">\n<ul class=\"liste_bordure\">\n<li class=\"clearfix\"><span class=\"identite\"><a class=\"gras\" href=\"http:\/\/www.lemonde.fr\/journaliste\/remi-dupre\/\" target=\"_blank\">R\u00e9mi Dupr\u00e9<\/a><br \/>\n<span class=\"txt_gris_clair\">Journaliste au Monde<\/span><\/span><\/li>\n<\/ul>\n<\/div>\n<p><a href=\"http:\/\/www.lemonde.fr\/football\/article\/2016\/02\/18\/issa-hayatou-ma-conscience-et-dieu-sont-mes-seuls-juges_4867859_1616938.html#fJs7JYst54fugWmY.99\">LE MONDE\u00a0\u00a0<\/a><\/p>\n","protected":false},"excerpt":{"rendered":"<p>Propos recueillis par R\u00e9mi Dupr\u00e9 Pr\u00e9sident int\u00e9rimaire de la F\u00e9d\u00e9ration internationale de football (FIFA) depuis le 8\u200aoctobre\u200a2015 et la suspension pour huit ans de Sepp Blatter, Issa Hayatou dirigera le congr\u00e8s extraordinaire de l\u2019instance, le 26\u200af\u00e9vrier, \u00e0 Zurich. Patron de la Conf\u00e9d\u00e9ration africaine de football (CAF) depuis 1988 et membre du gouvernement du foot mondial<\/p>\n","protected":false},"author":134,"featured_media":9652,"comment_status":"open","ping_status":"open","sticky":false,"template":"","format":"standard","meta":{"_uf_show_specific_survey":0,"_uf_disable_surveys":false,"footnotes":""},"categories":[361],"tags":[],"class_list":{"0":"post-9649","1":"post","2":"type-post","3":"status-publish","4":"format-standard","5":"has-post-thumbnail","7":"category-sport-international"},"aioseo_notices":[],"_links":{"self":[{"href":"https:\/\/middleeasttransparent.com\/fr\/wp-json\/wp\/v2\/posts\/9649","targetHints":{"allow":["GET"]}}],"collection":[{"href":"https:\/\/middleeasttransparent.com\/fr\/wp-json\/wp\/v2\/posts"}],"about":[{"href":"https:\/\/middleeasttransparent.com\/fr\/wp-json\/wp\/v2\/types\/post"}],"author":[{"embeddable":true,"href":"https:\/\/middleeasttransparent.com\/fr\/wp-json\/wp\/v2\/users\/134"}],"replies":[{"embeddable":true,"href":"https:\/\/middleeasttransparent.com\/fr\/wp-json\/wp\/v2\/comments?post=9649"}],"version-history":[{"count":0,"href":"https:\/\/middleeasttransparent.com\/fr\/wp-json\/wp\/v2\/posts\/9649\/revisions"}],"wp:featuredmedia":[{"embeddable":true,"href":"https:\/\/middleeasttransparent.com\/fr\/wp-json\/wp\/v2\/media\/9652"}],"wp:attachment":[{"href":"https:\/\/middleeasttransparent.com\/fr\/wp-json\/wp\/v2\/media?parent=9649"}],"wp:term":[{"taxonomy":"category","embeddable":true,"href":"https:\/\/middleeasttransparent.com\/fr\/wp-json\/wp\/v2\/categories?post=9649"},{"taxonomy":"post_tag","embeddable":true,"href":"https:\/\/middleeasttransparent.com\/fr\/wp-json\/wp\/v2\/tags?post=9649"}],"curies":[{"name":"wp","href":"https:\/\/api.w.org\/{rel}","templated":true}]}}