{"id":96320,"date":"2022-06-11T16:20:09","date_gmt":"2022-06-11T15:20:09","guid":{"rendered":"https:\/\/middleeasttransparent.com\/?p=96320"},"modified":"2022-06-11T16:20:09","modified_gmt":"2022-06-11T15:20:09","slug":"nord-de-la-syrie-loffensive-militaire-turque-se-precise","status":"publish","type":"post","link":"https:\/\/middleeasttransparent.com\/fr\/nord-de-la-syrie-loffensive-militaire-turque-se-precise\/","title":{"rendered":"Nord de la Syrie\u00a0: l\u2019offensive militaire turque se pr\u00e9cise"},"content":{"rendered":"<header class=\"header-article\">\n<figure>\n<div><span style=\"color: #19232d; font-size: 21px; font-weight: bold;\">Recep Tayyip Erdogan esp\u00e8re \u00ab nettoyer \u00bb la r\u00e9gion des combattants kurdes.<\/span><\/div>\n<\/figure>\n<\/header>\n<div><\/div>\n<div><\/div>\n<section class=\"section-article\">\n<div id=\"content_article\">\n<div class=\"article_element paragraph\" role=\"listitem\">\n<p>&nbsp;<\/p>\n<p>Le compte \u00e0 rebours est lanc\u00e9. Annonc\u00e9e le mois dernier par le pr\u00e9sident Erdogan, l\u2019op\u00e9ration militaire turque dans le nord de la Syrie semble imminente. \u00ab Les forces de l\u2019Arm\u00e9e syrienne libre (suppl\u00e9tifs syriens de l\u2019arm\u00e9e turque) sont sur le pied de guerre. La mobilisation est flagrante \u00bb, raconte via WhatsApp un habitant d\u2019Azaz, bourgade syrienne \u00e0 la lisi\u00e8re de la Turquie. Ses affirmations confirment les gros titres de la presse nationale. \u00ab Les unit\u00e9s de l\u2019arm\u00e9e turque positionn\u00e9es \u00e0 la fronti\u00e8re turco-syrienne sont pr\u00eates et n\u2019attendent plus que l\u2019ordre d\u2019intervenir pour passer \u00e0 l\u2019action \u00bb, peut-on lire \u00e0 la une du quotidien H\u00fcrriyet.<\/p>\n<p><img fetchpriority=\"high\" decoding=\"async\" class=\"size-medium wp-image-96326 aligncenter\" src=\"https:\/\/middleeasttransparent.com\/wp-content\/uploads\/2022\/06\/NORDSYRIE-600x373.png\" alt=\"\" width=\"600\" height=\"373\" srcset=\"https:\/\/middleeasttransparent.com\/wp-content\/uploads\/2022\/06\/NORDSYRIE-600x373.png 600w, https:\/\/middleeasttransparent.com\/wp-content\/uploads\/2022\/06\/NORDSYRIE-768x477.png 768w, https:\/\/middleeasttransparent.com\/wp-content\/uploads\/2022\/06\/NORDSYRIE.png 805w\" sizes=\"(max-width: 600px) 100vw, 600px\" \/><\/p>\n<p>Cette nouvelle incursion visant, selon le reis turc, \u00e0 \u00ab\u00a0nettoyer la r\u00e9gion de la pr\u00e9sence des terroristes\u00a0\u00bb (r\u00e9f\u00e9rence aux combattants kurdes) est pourtant controvers\u00e9e. Ces derni\u00e8res semaines, les \u00c9tats-Unis ont multipli\u00e9 les avertissements contre le risque de \u00ab\u00a0d\u00e9stabilisation r\u00e9gionale\u00a0\u00bb en s\u2019attaquant \u00e0 ces m\u00eames forces longtemps soutenues par la Coalition internationale contre les djihadistes de l\u2019\u00c9tat islamique. Mercredi encore, la secr\u00e9taire d\u2019\u00c9tat adjointe pour le Moyen-Orient, Barbara Leaf r\u00e9affirmait lors d\u2019une audience parlementaire la \u00ab\u00a0profonde inqui\u00e9tude\u00a0\u00bb de son gouvernement.<\/p>\n<p>Mais Erdogan est fin calculateur\u00a0: la guerre en Ukraine, au c\u0153ur de toutes les pr\u00e9occupations, lui offre une fen\u00eatre de tir exceptionnelle pour avancer ses pions. La pr\u00e9paration de l\u2019intervention co\u00efncide avec le d\u00e9bat houleux sur l\u2019entr\u00e9e de la Su\u00e8de et de la Finlande dans l\u2019Otan, \u00e0 laquelle Ankara s\u2019oppose en leur reprochant, justement, d\u2019h\u00e9berger des \u00ab\u00a0terroristes\u00a0\u00bb du PKK (Parti des travailleurs du Kurdistan), proches des forces kurdes syriennes. \u00ab\u00a0Convaincu que l\u2019Otan ignore les pr\u00e9occupations s\u00e9curitaires de la Turquie, Erdogan semble partir du principe qu\u2019il dispose maintenant d\u2019un levier pour forcer certaines concessions\u00a0\u00bb, confie le sp\u00e9cialiste de la Turquie, Nicholas Danforth, au journal The Independent. Quant \u00e0 la Russie, autre obstacle traditionnel aux op\u00e9rations turques en Syrie, elle n\u2019a pas \u00e9mis d\u2019objection au dessein turc. Lors de sa visite, cette semaine, \u00e0 Ankara, pour n\u00e9gocier le transport du bl\u00e9 en mer Noire, le ministre des Affaires \u00e9trang\u00e8res russe, Sergue\u00ef Lavrov, a indiqu\u00e9 \u00ab\u00a0prendre en compte les inqui\u00e9tudes s\u00e9curitaires de la Turquie au nord de la Syrie\u00a0\u00bb. Confirmation qu\u2019avec la guerre en Ukraine, les priorit\u00e9s de Vladimir Poutine ont chang\u00e9\u00a0: ces derni\u00e8res semaines, une partie du contingent russe en Syrie a d\u00e9j\u00e0 \u00e9t\u00e9 red\u00e9ploy\u00e9e sur le front du Donbass.<\/p>\n<p>En lan\u00e7ant une nouvelle incursion transfrontali\u00e8re, la quatri\u00e8me en six ans, Ankara vise deux positions strat\u00e9giques\u00a0: Tall Rifaat, au sud d\u2019Azaz et Manbij, plus \u00e0 l\u2019est, \u00e0 partir desquelles les milices kurdes YPG, proches du PKK, sont accus\u00e9es d\u2019attaquer l\u2019arm\u00e9e turque. \u00c0 terme, Erdogan ambitionne de les d\u00e9loger une fois pour toutes de sa fronti\u00e8re en \u00e9largissant la \u00ab\u00a0zone de s\u00e9curit\u00e9\u00a0\u00bb, profonde de 30\u00a0km, qu\u2019il esp\u00e8re un jour voir courir sur quelque 450\u00a0 kilom\u00e8tres d\u2019Afrine, conquise en\u00a02018, \u00e0 Qamishli, \u00e0 l\u2019est.<\/p>\n<p>Mais son calcul r\u00e9pond \u00e9galement \u00e0 des consid\u00e9rations politiques. En intervenant chez son voisin, il entend faire d\u2019une pierre deux coups\u00a0: se d\u00e9barrasser d\u2019une partie des 3,7\u00a0millions de r\u00e9fugi\u00e9s syriens et \u00ab\u00a0arabiser\u00a0\u00bb cette r\u00e9gion mixte du Nord syrien. Une \u00ab\u00a0ing\u00e9nierie d\u00e9mographique\u00a0\u00bb qui lui permettrait, en interne, de calmer la vague x\u00e9nophobe, renforc\u00e9e par la crise \u00e9conomique, et de redorer son blason \u00e0 l\u2019approche du scrutin de\u00a02023.<\/p>\n<h3>Sentiment nationaliste<\/h3>\n<p>Le pari, bien que risqu\u00e9, a d\u00e9j\u00e0 fait ses preuves lors des pr\u00e9c\u00e9dentes interventions militaires. En\u00a02019, l\u2019op\u00e9ration Source de paix lanc\u00e9e quelques mois apr\u00e8s la d\u00e9faite du parti d\u2019Erdogan (AKP) aux \u00e9lections municipales d\u2019Istanbul et d\u2019Ankara avait permis de r\u00e9tablir l\u2019aura du pr\u00e9sident en ravivant le sentiment nationaliste de la population. Un an plus t\u00f4t, en\u00a02018, le \u00ab\u00a0succ\u00e8s\u00a0\u00bb de l\u2019op\u00e9ration Rameau d\u2019olivier contre Afrine, \u00e0 majorit\u00e9 kurde, avait encourag\u00e9 Erdogan \u00e0 convoquer des \u00e9lections anticip\u00e9es, au mois de juin, pour que les urnes ne lui soient pas trop d\u00e9favorables. En\u00a02016, d\u00e9j\u00e0, l\u2019intervention dite \u00ab\u00a0Bouclier de l\u2019Euphrate\u00a0\u00bb contre l\u2019\u00c9tat islamique, puis les combattants kurdes, avait \u00e9t\u00e9 une v\u00e9ritable d\u00e9monstration de force du pr\u00e9sident turc, quelques mois apr\u00e8s la tentative de putsch contre sa personne. \u00ab\u00a0Les r\u00e9gions du nord de la Syrie contr\u00f4l\u00e9es par les Kurdes sont devenues le d\u00e9fouloir d\u2019Erdogan\u00a0: des r\u00e9gions qu\u2019il peut frapper lorsque cela convient \u00e0 son programme national, si les circonstances internationales s\u2019y pr\u00eatent\u00a0\u00bb, estime Christopher Phillips, ma\u00eetre de conf\u00e9rences \u00e0 la Queen Mary University of London et auteur de The Battle for Syria\u00a0: International Rivalry in the New Middle East (Yale University Press).<\/p>\n<\/div>\n<div id=\"bottom_share\">\n<div class=\"share_black\">\n<form class=\"favorite-button i-amphtml-form\" enctype=\"multipart\/form-data\" method=\"post\" novalidate=\"\" target=\"_top\">\n<div class=\"amp-hidden\"><\/div>\n<div><\/div>\n<div><a href=\"https:\/\/www.lefigaro.fr\/international\/dans-le-nord-de-la-syrie-l-offensive-militaire-turque-se-precise-20220610\"><strong>Le Figaro<\/strong><\/a><\/div>\n<\/form>\n<\/div>\n<\/div>\n<\/div>\n<\/section>\n","protected":false},"excerpt":{"rendered":"<p>Recep Tayyip Erdogan esp\u00e8re \u00ab nettoyer \u00bb la r\u00e9gion des combattants kurdes. &nbsp; Le compte \u00e0 rebours est lanc\u00e9. Annonc\u00e9e le mois dernier par le pr\u00e9sident Erdogan, l\u2019op\u00e9ration militaire turque dans le nord de la Syrie semble imminente. \u00ab Les forces de l\u2019Arm\u00e9e syrienne libre (suppl\u00e9tifs syriens de l\u2019arm\u00e9e turque) sont sur le pied de<\/p>\n","protected":false},"author":82,"featured_media":96327,"comment_status":"open","ping_status":"open","sticky":false,"template":"","format":"standard","meta":{"_uf_show_specific_survey":0,"_uf_disable_surveys":false,"footnotes":""},"categories":[37],"tags":[],"class_list":{"0":"post-96320","1":"post","2":"type-post","3":"status-publish","4":"format-standard","5":"has-post-thumbnail","7":"category-alaune-fr"},"aioseo_notices":[],"_links":{"self":[{"href":"https:\/\/middleeasttransparent.com\/fr\/wp-json\/wp\/v2\/posts\/96320","targetHints":{"allow":["GET"]}}],"collection":[{"href":"https:\/\/middleeasttransparent.com\/fr\/wp-json\/wp\/v2\/posts"}],"about":[{"href":"https:\/\/middleeasttransparent.com\/fr\/wp-json\/wp\/v2\/types\/post"}],"author":[{"embeddable":true,"href":"https:\/\/middleeasttransparent.com\/fr\/wp-json\/wp\/v2\/users\/82"}],"replies":[{"embeddable":true,"href":"https:\/\/middleeasttransparent.com\/fr\/wp-json\/wp\/v2\/comments?post=96320"}],"version-history":[{"count":0,"href":"https:\/\/middleeasttransparent.com\/fr\/wp-json\/wp\/v2\/posts\/96320\/revisions"}],"wp:featuredmedia":[{"embeddable":true,"href":"https:\/\/middleeasttransparent.com\/fr\/wp-json\/wp\/v2\/media\/96327"}],"wp:attachment":[{"href":"https:\/\/middleeasttransparent.com\/fr\/wp-json\/wp\/v2\/media?parent=96320"}],"wp:term":[{"taxonomy":"category","embeddable":true,"href":"https:\/\/middleeasttransparent.com\/fr\/wp-json\/wp\/v2\/categories?post=96320"},{"taxonomy":"post_tag","embeddable":true,"href":"https:\/\/middleeasttransparent.com\/fr\/wp-json\/wp\/v2\/tags?post=96320"}],"curies":[{"name":"wp","href":"https:\/\/api.w.org\/{rel}","templated":true}]}}