{"id":95770,"date":"2022-05-22T23:23:16","date_gmt":"2022-05-22T22:23:16","guid":{"rendered":"https:\/\/middleeasttransparent.com\/?p=95770"},"modified":"2022-05-22T23:23:16","modified_gmt":"2022-05-22T22:23:16","slug":"promotion-du-general-qui-etait-entre-au-liban-par-un-tunnel-du-hezbollah","status":"publish","type":"post","link":"https:\/\/middleeasttransparent.com\/fr\/promotion-du-general-qui-etait-entre-au-liban-par-un-tunnel-du-hezbollah\/","title":{"rendered":"Promotion du g\u00e9n\u00e9ral qui \u00e9tait entr\u00e9 au Liban par un tunnel du Hezbollah"},"content":{"rendered":"<header>\n<h2 class=\"underline\">Rafi Milo deviendra chef du Commandement int\u00e9rieur trois ans apr\u00e8s avoir \u00e9t\u00e9 r\u00e9primand\u00e9 pour avoir emprunt\u00e9 sans autorisation le souterrain avec ses soldats<\/h2>\n<\/header>\n<p>&nbsp;<\/p>\n<header>\n<div class=\"under-headline\">\n<div class=\"wrap-byline\"><span class=\"byline\">Par\u00a0<a title=\"Emanuel Fabian\" href=\"https:\/\/fr.timesofisrael.com\/writers\/emanuel-fabian\/\">EMANUEL FABIAN<\/a><\/span><\/div>\n<p>&nbsp;<\/p>\n<\/div>\n<\/header>\n<div class=\"article-content\">\n<div class=\"the-content\">\n<p>Un g\u00e9n\u00e9ral de l\u2019arm\u00e9e isra\u00e9lienne qui avait \u00e9t\u00e9\u00a0<a href=\"https:\/\/fr.timesofisrael.com\/un-general-puni-pour-avoir-fait-visiter-a-des-soldats-un-tunnel-du-hezbollah\/\">r\u00e9primand\u00e9<\/a>\u00a0il y a trois ans pour avoir emprunt\u00e9 sans autorisation, avec les soldats plac\u00e9s sous son commandement, un tunnel du Hezbollah qui avait \u00e9t\u00e9 d\u00e9couvert le long de la fronti\u00e8re libanaise a \u00e9t\u00e9 d\u00e9sign\u00e9 prochain chef du Commandement int\u00e9rieur.<\/p>\n<p>La promotion du g\u00e9n\u00e9ral de brigade Rafi Milo, actuellement \u00e0 la t\u00eate de l\u2019\u00e9cole de commandement et d\u2019\u00c9tat-major de l\u2019arm\u00e9e isra\u00e9lienne, avait \u00e9t\u00e9 report\u00e9e apr\u00e8s le signalement de cette exp\u00e9dition nocturne dans le tunnel. Ce tunnel \u00e9tait le plus grand \u00e0 avoir \u00e9t\u00e9 d\u00e9couvert pendant l\u2019Op\u00e9ration bouclier du nord, en 2019.<\/p>\n<p><a href=\"https:\/\/fr.timesofisrael.com\/lequipe-qui-a-permis-de-detruire-les-tunnels-du-hezbollah-est-mise-a-lhonneur\/\">Milo et ses soldats \u00e9taient all\u00e9s jusqu\u2019au bout du tunnel<\/a>, \u00e0 plusieurs kilom\u00e8tres \u00e0 l\u2019int\u00e9rieur du territoire libanais. Un article d\u2019Ynet avait expliqu\u00e9 que Milo n\u2019avait pas obtenu l\u2019autorisation de la part de ses sup\u00e9rieurs de se rendre dans le tunnel, et qu\u2019il n\u2019avait inform\u00e9 personne de cette exp\u00e9dition.<\/p>\n<p class=\"newsletter-promo\"><a href=\"https:\/\/fr.timesofisrael.com\/signup\/?utm_source=fr-articles&amp;utm_medium=middle-link&amp;utm_campaign=signup-buttons\">Recevez gratuitement notre \u00e9dition quotidienne par mail pour ne rien manquer du meilleur de l\u2019info<\/a><a href=\"https:\/\/fr.timesofisrael.com\/signup\/?utm_source=fr-articles&amp;utm_medium=middle-link&amp;utm_campaign=signup-buttons\">INSCRIPTION GRATUITE !<\/a><\/p>\n<p>Apr\u00e8s la r\u00e9v\u00e9lation de l\u2019information, Milo avait \u00e9t\u00e9 convoqu\u00e9 pour une r\u00e9primande par le chef d\u2019\u00c9tat-major de Tsahal Aviv Kochavi et par le responsable du Commandement du nord, le g\u00e9n\u00e9ral Amir Baram.<\/p>\n<p>Milo sera promu au rang de major-g\u00e9n\u00e9ral et il prendra sa nouvelle fonction dans les prochains mois.<\/p>\n<p>Le ministre de la D\u00e9fense Benny Gantz a aussi approuv\u00e9 la nomination du g\u00e9n\u00e9ral Uri Gordin, qui dirige actuellement le Commandement int\u00e9rieur, au poste de chef du Commandement du nord.<\/p>\n<div id=\"attachment_1300634\" class=\"wp-caption size-fullscreen alignnone\">\n<p><img fetchpriority=\"high\" decoding=\"async\" class=\"size-full wp-image-1300634\" src=\"https:\/\/static.timesofisrael.com\/fr\/uploads\/2021\/10\/000_9PL42E.jpg\" alt=\"\" width=\"512\" height=\"341\" \/><\/p>\n<div class=\"wp-caption-text\">Le g\u00e9n\u00e9ral de division Uri Gordin, chef du commandement du Front int\u00e9rieur, lors d\u2019une interview avec l\u2019AFP au centre op\u00e9rationnel du commandement \u00e0 Ramle, le 12 octobre 2021. (Cr\u00e9dit : JACK GUEZ \/ AFP)<\/div>\n<\/div>\n<p>Milo avait servi, dans le pass\u00e9, comme commandant de l\u2019unit\u00e9 commando naval d\u2019\u00e9lite Shayetet 13, comme dirigeant de l\u2019unit\u00e9 de reconnaissance de la brigade Golani, et comme responsable de la 80\u00e8 Division qui est stationn\u00e9e le long des fronti\u00e8res avec l\u2019\u00c9gypte et la Jordanie.<\/p>\n<p>Il avait \u00e9t\u00e9 nomm\u00e9 Commandant de la division Galil\u00e9e en 2017, o\u00f9 il avait supervis\u00e9 l\u2019Op\u00e9ration Bouclier du nord, dans laquelle l\u2019arm\u00e9e avait d\u00e9couvert au moins six tunnels d\u2019attaque transfrontaliers creus\u00e9s par le Hezbollah depuis le sud du Liban vers Isra\u00ebl.<\/p>\n<p>Selon l\u2019arm\u00e9e, le Hezbollah pr\u00e9voyait d\u2019utiliser les tunnels pour enlever ou tuer des civils ou des soldat isra\u00e9liens, et pour s\u2019approprier une partie du territoire isra\u00e9lien en cas de conflit.<\/p>\n<div id=\"attachment_1122897\" class=\"wp-caption size-fullscreen alignnone\">\n<p><img decoding=\"async\" class=\"size-full wp-image-1122897\" src=\"https:\/\/static.timesofisrael.com\/fr\/uploads\/2019\/08\/a46da2be5-cf4b-43f3-a4f7-d3d66a571d59-e1566904451855-1024x640.jpg\" alt=\"\" width=\"1024\" height=\"640\" \/><\/p>\n<div class=\"wp-caption-text\">Tsahal r\u00e9v\u00e8le ce qu\u2019il a dit \u00eatre le plus long tunnel d\u2019attaque transfrontalier creus\u00e9 par le Hezbollah depuis le Liban vers Isra\u00ebl, le 29 mai 2019. (Arm\u00e9e isra\u00e9lienne)<\/div>\n<\/div>\n<p>Jeudi, l\u2019arm\u00e9e a termin\u00e9 la deuxi\u00e8me semaine d\u2019un exercice majeur qui s\u2019est concentr\u00e9 sur des \u00e9v\u00e9nements soudains survenant \u00e0 de multiples localisations au m\u00eame moment, tout en se focalisant sur le front nord.<\/p>\n<p>L\u2019exercice, appel\u00e9 les Chariots de Feu \u2013 il durera jusqu\u2019au 3 juin \u2013 est l\u2019entra\u00eenement le plus important \u00e0 avoir \u00e9t\u00e9 organis\u00e9 depuis des d\u00e9cennies. Il avait \u00e9t\u00e9 report\u00e9 au mois de mai dernier, avant que n\u2019\u00e9clate la guerre avec les groupes terroristes de la bande de Gaza.<\/p>\n<\/div>\n<p><a href=\"https:\/\/fr.timesofisrael.com\/promotion-du-general-qui-etait-entre-au-liban-par-un-tunnel-du-hezbollah\/?utm_source=A+La+Une&amp;utm_campaign=a-la-une-2022-05-22&amp;utm_medium=email\">Times of Israel<\/a><\/p>\n<\/div>\n","protected":false},"excerpt":{"rendered":"<p>Rafi Milo deviendra chef du Commandement int\u00e9rieur trois ans apr\u00e8s avoir \u00e9t\u00e9 r\u00e9primand\u00e9 pour avoir emprunt\u00e9 sans autorisation le souterrain avec ses soldats &nbsp; Par\u00a0EMANUEL FABIAN &nbsp; Un g\u00e9n\u00e9ral de l\u2019arm\u00e9e isra\u00e9lienne qui avait \u00e9t\u00e9\u00a0r\u00e9primand\u00e9\u00a0il y a trois ans pour avoir emprunt\u00e9 sans autorisation, avec les soldats plac\u00e9s sous son commandement, un tunnel du Hezbollah<\/p>\n","protected":false},"author":483,"featured_media":95772,"comment_status":"open","ping_status":"open","sticky":false,"template":"","format":"standard","meta":{"_uf_show_specific_survey":0,"_uf_disable_surveys":false,"footnotes":""},"categories":[37],"tags":[],"class_list":{"0":"post-95770","1":"post","2":"type-post","3":"status-publish","4":"format-standard","5":"has-post-thumbnail","7":"category-alaune-fr"},"aioseo_notices":[],"_links":{"self":[{"href":"https:\/\/middleeasttransparent.com\/fr\/wp-json\/wp\/v2\/posts\/95770","targetHints":{"allow":["GET"]}}],"collection":[{"href":"https:\/\/middleeasttransparent.com\/fr\/wp-json\/wp\/v2\/posts"}],"about":[{"href":"https:\/\/middleeasttransparent.com\/fr\/wp-json\/wp\/v2\/types\/post"}],"author":[{"embeddable":true,"href":"https:\/\/middleeasttransparent.com\/fr\/wp-json\/wp\/v2\/users\/483"}],"replies":[{"embeddable":true,"href":"https:\/\/middleeasttransparent.com\/fr\/wp-json\/wp\/v2\/comments?post=95770"}],"version-history":[{"count":0,"href":"https:\/\/middleeasttransparent.com\/fr\/wp-json\/wp\/v2\/posts\/95770\/revisions"}],"wp:featuredmedia":[{"embeddable":true,"href":"https:\/\/middleeasttransparent.com\/fr\/wp-json\/wp\/v2\/media\/95772"}],"wp:attachment":[{"href":"https:\/\/middleeasttransparent.com\/fr\/wp-json\/wp\/v2\/media?parent=95770"}],"wp:term":[{"taxonomy":"category","embeddable":true,"href":"https:\/\/middleeasttransparent.com\/fr\/wp-json\/wp\/v2\/categories?post=95770"},{"taxonomy":"post_tag","embeddable":true,"href":"https:\/\/middleeasttransparent.com\/fr\/wp-json\/wp\/v2\/tags?post=95770"}],"curies":[{"name":"wp","href":"https:\/\/api.w.org\/{rel}","templated":true}]}}