{"id":95654,"date":"2022-05-17T18:40:37","date_gmt":"2022-05-17T17:40:37","guid":{"rendered":"https:\/\/middleeasttransparent.com\/?p=95654"},"modified":"2022-05-17T18:41:46","modified_gmt":"2022-05-17T17:41:46","slug":"affaire-taha-bouhafs-cest-a-la-justice-de-se-prononcer-pas-au-tribunal-de-la-france-insoumise","status":"publish","type":"post","link":"https:\/\/middleeasttransparent.com\/fr\/affaire-taha-bouhafs-cest-a-la-justice-de-se-prononcer-pas-au-tribunal-de-la-france-insoumise\/","title":{"rendered":"Affaire Taha Bouhafs: \u00abC&rsquo;est \u00e0 la justice de se prononcer, pas au tribunal de la France insoumise\u00bb"},"content":{"rendered":"<figure class=\"fig-media fig-media--type-photo fig-media__content-main\"><figcaption class=\"fig-media__legend\"><em>\u00abLe mouvement explique publiquement que l&rsquo;affaire Bouhafs a \u00e9t\u00e9 \u00ab\u00a0r\u00e9gl\u00e9e\u00a0\u00bb en interne\u00bb<\/em><span class=\"fig-media__credits\"><span class=\"fig-media__credits\"><em>\u00a0AFP<\/em><\/span><\/span>\u00a0<\/figcaption><\/figure>\n<p>&nbsp;<\/p>\n<h3><\/h3>\n<h3><span style=\"color: #666699;\">FIGAROVOX\/TRIBUNE &#8211;\u00a0Investi par la France insoumise aux \u00e9lections l\u00e9gislatives, Taha Bouhafs a retir\u00e9 sa candidature apr\u00e8s des accusations de violences sexuelles. La juriste Louise El Yafi d\u00e9plore que le mouvement ait cherch\u00e9 \u00e0 g\u00e9rer cette affaire en interne.<\/span><\/h3>\n<div class=\"fig-ad-content fig-ad-content--native_atf\">\n<div id=\"native_atf\" data-figtag=\"native_atf\" data-google-query-id=\"CPCeq6mC5_cCFQPQUQodOrEGFg\"><\/div>\n<\/div>\n<div class=\"fig-content-body\" data-agora-base-url=\"https:\/\/connect.lefigaro.fr\" data-component=\"fig-content-body\" data-context=\"was @visible\" data-id=\"bGVmaWdhcm8uZnJfXzFkMjU3MWNmLWQ1YzctMTFlYy04ZmYwLWEwMzY5ZjkxZjMwNF9fQXJ0aWNsZQ==\" data-module=\"fig-body\" data-premium=\"false\">\n<div class=\"fig-newsletter-box fig-container\">\n<div class=\"fignl fignl--article\" data-module=\"fig-newsletter-box\" data-context=\"was @visible\" data-variant=\"article\" data-site-name=\"lefigaro\">\n<p class=\"fignl__periodicity\">\n<\/div>\n<\/div>\n<p class=\"fig-paragraph\">Si la semaine pass\u00e9e fut abondante en exemples abjects de l&rsquo;hypocrisie de militants qui n&rsquo;ont d\u00e9cid\u00e9ment de f\u00e9ministe que le nom, cela fait pourtant bien longtemps que les m\u00eames ont oubli\u00e9 qu&rsquo;en France, la morale ne se confond que rarement avec le droit.<\/p>\n<p class=\"fig-paragraph\">Alors que l&rsquo;histoire du f\u00e9minisme est une histoire d&rsquo;\u00e9galit\u00e9 et d&rsquo;\u00e9mancipation acquise par le droit, le n\u00e9o f\u00e9minisme, lui, s&rsquo;illustre par son extraordinaire rejet de ce m\u00eame droit. <a href=\"https:\/\/www.lefigaro.fr\/elections\/legislatives\/legislatives-2022-taha-bouhafs-retire-sa-candidature-annonce-alexis-corbiere-20220510\" data-fig-type=\"NewsFlash\" data-gtm-custom-categorie=\"navigation\" data-gtm-custom-action=\"crossclick\" data-gtm-custom-label=\"Contextuel\" data-gtm-event=\"customEventSPE\" data-fig-domain=\"LEFIGARO\">\u00abL&rsquo;affaire Bouhafs\u00bb<\/a>\u00a0en est la triste et dangereuse illustration.<\/p>\n<p class=\"fig-paragraph\">Entre m\u00e9pris de la pr\u00e9somption d&rsquo;innocence, s\u00e9lection soigneuse de qui sera coupable et de qui sera innocent, d\u00e9testation de la police et dissuasions m\u00e9diatiques de porter plainte, les \u00abf\u00e9ministes\u00bb de la France pas si insoumise d\u00e9testent le droit et par l\u00e0 m\u00eame, vuln\u00e9rabilisent les femmes plus qu&rsquo;elles ne les d\u00e9fendent.<\/p>\n<p class=\"fig-paragraph\">Ainsi lorsque le mouvement explique publiquement que l&rsquo;affaire Bouhafs, qui, rappelons-le sans b\u00e9mol, est pr\u00e9sum\u00e9 innocent, a \u00e9t\u00e9 \u00ab<em>r\u00e9gl\u00e9e<\/em>\u00bb en interne, encore faut-il v\u00e9rifier de quoi ce r\u00e8glement de comptes en famille est le nom.<\/p>\n<p class=\"fig-paragraph\">Cette \u00abproc\u00e9dure\u00bb se serait faite par le biais du Comit\u00e9 de suivi contre les violences sexistes et sexuelles de LFI, commission interne compos\u00e9e de militantes b\u00e9n\u00e9voles du parti dont la page web parle de \u00ab<em>saisine<\/em>\u00bb (interne), de \u00ab<em>signalement<\/em>\u00bb (interne), \u00ab<em>d&rsquo;instruction du dossier<\/em>\u00bb (interne) mais \u00e0 aucun moment d&rsquo;encourager les victimes \u00e0 porter plainte (au judiciaire). Apr\u00e8s enqu\u00eate de cette m\u00eame commission, ce serait au tour d&rsquo;un \u00ab<em>Comit\u00e9 de respect des principes<\/em>\u00bb, \u00ab<em>seul habilit\u00e9 \u00e0 prendre des d\u00e9cisions au nom du mouvement \u00e0 l&rsquo;\u00e9gard de l&rsquo;auteur pr\u00e9sum\u00e9 des faits<\/em>\u00bb, et tout cela au regard des \u00ab<em>textes, des valeurs, des principes et des orientations de LFI<\/em>\u00bb.<\/p>\n<p class=\"fig-paragraph\">La France insoumise doit en effet, au m\u00eame titre que toute entreprise (le parti salarie des personnes), d\u00e9signer un r\u00e9f\u00e9rent en mati\u00e8re de lutte contre le harc\u00e8lement sexuel et les agissements sexistes. Or non seulement ce r\u00e9f\u00e9rent n&rsquo;est pas en tant que tel une commission en charge d&rsquo;enqu\u00eates au regard du code du travail (art. L. 2314-1), mais la communication mise en place par le mouvement \u00e0 la suite de cette affaire, a confort\u00e9 comme la d\u00e9sagr\u00e9able impression que les \u00abf\u00e9ministes\u00bb de LFI n&rsquo;h\u00e9sitent pas \u00e0 sacrifier la cause des femmes sur l&rsquo;autel du Grand Soir.<\/p>\n<p class=\"fig-paragraph\">Ainsi, lorsque\u00a0<a href=\"https:\/\/www.lefigaro.fr\/elections\/legislatives\/legislatives-2022-nous-n-avons-pas-eu-de-volonte-politique-de-proteger-taha-bouhafs-affirme-clementine-autain-20220515\" data-fig-type=\"NewsFlash\" data-gtm-custom-categorie=\"navigation\" data-gtm-custom-action=\"crossclick\" data-gtm-custom-label=\"Contextuel\" data-gtm-event=\"customEventSPE\" data-fig-domain=\"LEFIGARO\">Cl\u00e9mentine Autain explique\u00a0<\/a>que la d\u00e9marche de LFI \u00ab<em>vise \u00e0 prot\u00e9ger les plaignantes ET le mouvement<\/em>\u00bb, qu&rsquo;il s&rsquo;agit \u00ab<em>d&rsquo;un acte politique<\/em>\u00bb et que l&rsquo;on apprend que les t\u00e9moins en question ne porteront pas plainte afin de ne pas alimenter d&rsquo;\u00e9ventuelles attaques racistes \u00e0 l&rsquo;encontre de Taha Bouhafs, encore faudrait-il rappeler que ce distinguo entre les \u00abbons agresseurs\u00bb et les \u00abmauvais agresseurs\u00bb selon qu&rsquo;ils soient ou non dans le bon camp politique et le fait de ne pas exercer de v\u00e9ritable action judiciaire par peur de d\u00e9cevoir \u00able Parti\u00bb n&rsquo;est pas nouvelle. Surtout \u00e0 gauche.<\/p>\n<p class=\"fig-paragraph\">Ce fut par exemple le cas terrible d&rsquo;Alfonsas Ceponis, soldat de l&rsquo;arm\u00e9e rouge et membre d&rsquo;un groupe ayant viol\u00e9 puis assassin\u00e9 plusieurs personnes d&rsquo;une famille lituanienne dont les survivants eurent la tragique surprise d&rsquo;apprendre \u00e0 la radio peu de temps apr\u00e8s, et malgr\u00e9 leur plainte, que le Comit\u00e9 central du parti communiste d&rsquo;Union sovi\u00e9tique avait d\u00e9cern\u00e9 au dit Ceponis le titre de H\u00e9ros de l&rsquo;Union sovi\u00e9tique.<\/p>\n<p class=\"fig-paragraph\">\u00c0 l&rsquo;Unef, en 2009, quand une militante ose enfin prendre la parole sur les multiples violences sexuelles ayant lieu au sein de l&rsquo;organisation, on lui intime de se taire sous pr\u00e9texte de prot\u00e9ger \u00ab<em>ses camarades de valeurs<\/em>\u00bb et parce que l&rsquo;on soup\u00e7onne toujours une \u00ab<em>machination politique<\/em>\u00bb. Autrement dit un (\u00e9ventuel) gain de voix \u00e0 la droite est prioritaire sur le traumatisme d&rsquo;une femme.<\/p>\n<p class=\"fig-paragraph\">On se souviendra \u00e9galement de la lente descente aux enfers d&rsquo;un journaliste, licenci\u00e9 de T\u00e9l\u00e9rama en 2019 pour \u00ab<em>agissements sexistes et harc\u00e8lement sexuel<\/em>\u00bb qu&rsquo;il a toujours d\u00e9menti. En dehors de toute proc\u00e9dure judiciaire digne de ce nom, le dossier avait \u00e9t\u00e9 \u00abinstruit\u00bb, \u00e0 charge, par le cabinet Ega\u00e9, fond\u00e9 et codirig\u00e9 par Caroline de Haas. Mais dans un \u00c9tat de droit, le droit, le vrai, a fini par parler et T\u00e9l\u00e9rama fut condamn\u00e9 pour licenciement abusif.<\/p>\n<p class=\"fig-paragraph\">Or si La France Insoumise a feint la surprise devant les faits en accusant ses d\u00e9tracteurs d&rsquo;\u00eatre d&rsquo;affreux racistes instrumentalisant cette affaire \u00e0 leur d\u00e9triment en vue des l\u00e9gislatives, il faudra rappeler qu&rsquo;avant m\u00eame l&rsquo;investiture de Taha Bouhafs, le parti ne pouvait ignorer les accusations de harc\u00e8lement qui le visaient au M\u00e9dia depuis d\u00e9j\u00e0 plusieurs mois, sa condamnation pour injure raciale en septembre 2021 ainsi que son savoureux verbatim tout en d\u00e9licatesse envers tout opposant sur les r\u00e9seaux sociaux.<\/p>\n<p class=\"fig-paragraph\">Et si ce terrible labyrinthe du silence \u00abpour la cause\u00bb n&rsquo;est certainement pas l&rsquo;apanage de la gauche mais d&rsquo;une grande partie du monde politique, nous rappellerons \u00e9galement que lorsque l&rsquo;on se dit de gauche, que le f\u00e9minisme est n\u00e9 dans son propre camp, que c&rsquo;est ce m\u00eame camp qui l&rsquo;a majoritairement d\u00e9fendu corps et \u00e2me tout au long du XXe si\u00e8cle et que l&rsquo;on passe son temps \u00e0 crier \u00e0 la moralisation du quotidien des Fran\u00e7ais sous pr\u00e9texte d&rsquo;\u00e9galit\u00e9 hommes-femmes, l&rsquo;indulgence est forc\u00e9ment moins de mise.<\/p>\n<p class=\"fig-paragraph\">Le fait pour ces militantes d&rsquo;avoir constamment d\u00e9fendu les t\u00e9moins de l&rsquo;affaire Bouhafs en l&rsquo;additionnant au sempiternel \u00ab<em>nous condamnons aussi les attaques racistes qu&rsquo;il a subi<\/em>\u00bb revient \u00e0 relativiser les agressions elles-m\u00eames. Si la m\u00e9thode semble famili\u00e8re c&rsquo;est parce que Mila en fut l&rsquo;une des principales victimes.<\/p>\n<p class=\"fig-paragraph\">Ce type de discours qui m\u00e9lange volontairement dans le m\u00eame communiqu\u00e9 deux infractions p\u00e9nales pourtant parfaitement ind\u00e9pendantes l&rsquo;une de l&rsquo;autre proc\u00e8de en r\u00e9alit\u00e9 de l&rsquo;id\u00e9e suivante: un violeur n&rsquo;est pas \u00e9gal \u00e0 un autre violeur.<\/p>\n<p class=\"fig-paragraph\">Ainsi, il y aurait \u00e0 leurs yeux des \u00abpr\u00e9sum\u00e9s innocents de gauche\u00bb dont il faudrait relativiser les actions et des \u00abpr\u00e9sum\u00e9s coupables de droite\u00bb qu&rsquo;il faudrait imm\u00e9diatement condamner.<\/p>\n<p class=\"fig-paragraph\">Sauf que, partant de ce principe, il y aura aussi, aux yeux de ces f\u00e9ministes en carton-p\u00e2te, des victimes \u00abde gauche\u00bb (agress\u00e9es par des m\u00e2les blancs cis) qu&rsquo;elles d\u00e9fendront et des victimes \u00abde droite\u00bb (agress\u00e9es par des m\u00e2les \u00abracis\u00e9s\u00bb) dont elles se ficheront \u00e9perdument.<\/p>\n<p class=\"fig-paragraph\">Or si certaines voudraient nous faire croire que la couleur de l&rsquo;\u00e9piderme du corps qui nous p\u00e9n\u00e8tre de force compte, une victime de viol n&rsquo;est jamais viol\u00e9e par \u00ab<em>un racis\u00e9 qui risque des attaques racistes<\/em>\u00bb, une victime de viol est viol\u00e9e. Point \u00e0 la ligne.<\/p>\n<p class=\"fig-paragraph\">Ici se dessine une autre des nombreuses m\u00e9connaissances de notre droit par ces \u00abn\u00e9of\u00e9ministes\u00bb. En France, le droit consacre qu&rsquo;un viol consiste en un \u00ab<em>acte de p\u00e9n\u00e9tration sexuelle ou bucco-g\u00e9nital commis sur la personne d&rsquo;autrui<\/em>\u00bb sans le consentement de ce dernier. Pas de diff\u00e9renciation physique, religieuse ou d&rsquo;origine, il n&rsquo;existe juridiquement aucune distinction entre les violeurs dans notre pays, except\u00e9 pour la peine qui pourra \u00eatre augment\u00e9e dans le cas de circonstances aggravantes (mineur, viol ayant entra\u00een\u00e9 la mort\u2026). La victime et le coupable peuvent \u00eatre pauvres, riches, noirs, blancs, ath\u00e9es ou croyants, il n&rsquo;y a tout simplement pas plus universel que le viol. Et \u00e0 infraction universelle, notre terrible syst\u00e8me raciste a r\u00e9pondu par des sanctions universalistes.<\/p>\n<p class=\"fig-paragraph\">On ne sait pas \u00e0 date si\u00a0<a href=\"https:\/\/www.lefigaro.fr\/elections\/legislatives\/legislatives-2022-enquete-interne-chez-les-insoumis-visant-taha-bouhafs-pour-des-faits-de-violences-sexuelles-20220511\" data-fig-type=\"NewsFlash\" data-gtm-custom-categorie=\"navigation\" data-gtm-custom-action=\"crossclick\" data-gtm-custom-label=\"Contextuel\" data-gtm-event=\"customEventSPE\" data-fig-domain=\"LEFIGARO\">la commission interne de LFI<\/a>\u00a0a enjoint ou non aux t\u00e9moins de garder le silence. N\u00e9anmoins, lorsque l&rsquo;on fonde sa communication adress\u00e9e aux femmes et a fortiori aux adolescentes connect\u00e9es, sur l&rsquo;id\u00e9e que porter plainte \u00ab<em>ne sert \u00e0 rien<\/em>\u00bb ou que cela peut \u00ab<em>alimenter le racisme<\/em>\u00bb, des milliers de femmes y croient et ne vont pas porter plainte. Et les agresseurs recommenceront.<\/p>\n<p class=\"fig-paragraph\">Et lorsque Sandrine Rousseau s&rsquo;interroge \u00ab<em>sur des affaires de cette gravit\u00e9, quelle force politique a agi aussi rapidement et aussi nettement\u00a0?<\/em>\u00bb, qui pour lui rappeler qu&rsquo;il n&rsquo;a absolument jamais \u00e9t\u00e9 le r\u00f4le d&rsquo;une quelconque force politique d&rsquo;agir sur ce type d&rsquo;affaire mais qu&rsquo;il a toujours \u00e9t\u00e9 celui de la justice. La vraie.<\/p>\n<p class=\"fig-paragraph\">Car pour rappel, de Condorcet qui souhaitait l&rsquo;admission des femmes au \u00ab<em>droit de cit\u00e9<\/em>\u00bb, en passant par Olympe de Gouges et son projet de D\u00e9claration des droits de la femme et de la citoyenne, le combat des suffragettes pour le droit de vote, celui pour l&rsquo;avortement, \u00e0 la reconnaissance du viol conjugal, l&rsquo;\u00e9galit\u00e9 hommes-femmes a \u00e9t\u00e9 une succession d&rsquo;inscriptions dans le marbre de nos lois et s&rsquo;est construite simultan\u00e9ment \u00e0 la construction de notre \u00c9tat de droit.<\/p>\n<p class=\"fig-paragraph\">Le droit est le plus grand outil d&rsquo;\u00e9mancipation des femmes car, en ce qu&rsquo;il cr\u00e9e des recours pour faire respecter leurs droits devant un juge, il est l&rsquo;instrument m\u00eame de leur protection en tant qu&rsquo;individu et donc de leur \u00e9galit\u00e9 avec les hommes.<\/p>\n<p class=\"fig-paragraph\">D&rsquo;immenses progr\u00e8s restent \u00e0 faire, l&rsquo;accueil des victimes de violences sexuelles en commissariat est encore trop d\u00e9faillant, la formation des policiers en la mati\u00e8re reste insuffisante et la constitution de preuves d&rsquo;infractions souvent particuli\u00e8rement complexes \u00e0 d\u00e9montrer donne parfois \u00e0 l&rsquo;ensemble de la proc\u00e9dure p\u00e9nale l&rsquo;impression d&rsquo;une seconde violence pour les femmes qui vont porter plainte.<\/p>\n<p class=\"fig-paragraph\">Il est cependant par ailleurs \u00e9trange que dans un \u00c9tat o\u00f9 la non-assistance en danger (art. 223-6 du Code p\u00e9nal) et la non-d\u00e9nonciation de crime (art. 434-1 du Code p\u00e9nal) sont des d\u00e9lits, il n&rsquo;existe aucune obligation \u00e0 la charge de ces \u00ab<em>commissions internes<\/em>\u00bb, non pas de forcer la victime \u00e0 aller porter plainte mais tout du moins de lui conseiller de le faire.<\/p>\n<p class=\"fig-paragraph\">Et le fait de s&rsquo;autoproclamer \u00abmilitantes f\u00e9ministes\u00bb en se faisant procureures d&rsquo;une justice d\u00e9faillante pour ensuite encourager les femmes \u00e0 se faire justice par leurs propres moyens est un jeu particuli\u00e8rement dangereux dont les victimes seront, encore, les femmes elles-m\u00eames.<\/p>\n<p class=\"fig-paragraph\"><strong>Mais ces championnes de la morale se souviennent-elles de ce qu&rsquo;ont fait les f\u00e9ministes lorsque le droit interdisait encore l&rsquo;avortement\u00a0? Elles n&rsquo;ont pas encourag\u00e9 les femmes \u00e0 aller (encore plus) se faire avorter \u00ab<em>par leurs propres moyens<\/em>\u00bb.<\/strong><\/p>\n<p class=\"fig-paragraph\"><strong>Elles ont chang\u00e9 le droit.<\/strong><\/p>\n<p>&nbsp;<\/p>\n<p>*<em>Louise El Yafi est juriste et animatrice de la cha\u00eene Youtube Jezebel.tv. Elle a publi\u00e9<\/em>\u00a0Lettre \u00e0 ma g\u00e9n\u00e9ration &#8211; La jeunesse face aux extr\u00eames<em>, aux \u00e9ditions de L&rsquo;Observatoire.<\/em><\/p>\n<\/div>\n<p><a href=\"https:\/\/www.lefigaro.fr\/vox\/societe\/affaire-taha-bouhafs-c-est-a-la-justice-de-se-prononcer-pas-au-tribunal-de-la-france-insoumise-20220517\">Le Figaro<\/a><\/p>\n","protected":false},"excerpt":{"rendered":"<p>\u00abLe mouvement explique publiquement que l&rsquo;affaire Bouhafs a \u00e9t\u00e9 \u00ab\u00a0r\u00e9gl\u00e9e\u00a0\u00bb en interne\u00bb\u00a0AFP\u00a0 &nbsp; FIGAROVOX\/TRIBUNE &#8211;\u00a0Investi par la France insoumise aux \u00e9lections l\u00e9gislatives, Taha Bouhafs a retir\u00e9 sa candidature apr\u00e8s des accusations de violences sexuelles. La juriste Louise El Yafi d\u00e9plore que le mouvement ait cherch\u00e9 \u00e0 g\u00e9rer cette affaire en interne. Si la semaine pass\u00e9e<\/p>\n","protected":false},"author":888,"featured_media":95663,"comment_status":"open","ping_status":"open","sticky":false,"template":"","format":"standard","meta":{"_uf_show_specific_survey":0,"_uf_disable_surveys":false,"footnotes":""},"categories":[37],"tags":[],"class_list":{"0":"post-95654","1":"post","2":"type-post","3":"status-publish","4":"format-standard","5":"has-post-thumbnail","7":"category-alaune-fr"},"aioseo_notices":[],"_links":{"self":[{"href":"https:\/\/middleeasttransparent.com\/fr\/wp-json\/wp\/v2\/posts\/95654","targetHints":{"allow":["GET"]}}],"collection":[{"href":"https:\/\/middleeasttransparent.com\/fr\/wp-json\/wp\/v2\/posts"}],"about":[{"href":"https:\/\/middleeasttransparent.com\/fr\/wp-json\/wp\/v2\/types\/post"}],"author":[{"embeddable":true,"href":"https:\/\/middleeasttransparent.com\/fr\/wp-json\/wp\/v2\/users\/888"}],"replies":[{"embeddable":true,"href":"https:\/\/middleeasttransparent.com\/fr\/wp-json\/wp\/v2\/comments?post=95654"}],"version-history":[{"count":0,"href":"https:\/\/middleeasttransparent.com\/fr\/wp-json\/wp\/v2\/posts\/95654\/revisions"}],"wp:featuredmedia":[{"embeddable":true,"href":"https:\/\/middleeasttransparent.com\/fr\/wp-json\/wp\/v2\/media\/95663"}],"wp:attachment":[{"href":"https:\/\/middleeasttransparent.com\/fr\/wp-json\/wp\/v2\/media?parent=95654"}],"wp:term":[{"taxonomy":"category","embeddable":true,"href":"https:\/\/middleeasttransparent.com\/fr\/wp-json\/wp\/v2\/categories?post=95654"},{"taxonomy":"post_tag","embeddable":true,"href":"https:\/\/middleeasttransparent.com\/fr\/wp-json\/wp\/v2\/tags?post=95654"}],"curies":[{"name":"wp","href":"https:\/\/api.w.org\/{rel}","templated":true}]}}