{"id":9523,"date":"2016-02-16T19:42:41","date_gmt":"2016-02-16T18:42:41","guid":{"rendered":"http:\/\/middleeasttransparent.com\/?p=9523"},"modified":"2016-02-16T19:44:27","modified_gmt":"2016-02-16T18:44:27","slug":"platini-satisfait-de-son-audition-en-appel-devant-la-fifa","status":"publish","type":"post","link":"https:\/\/middleeasttransparent.com\/fr\/platini-satisfait-de-son-audition-en-appel-devant-la-fifa\/","title":{"rendered":"Platini satisfait de son audition en appel devant la FIFA"},"content":{"rendered":"<article class=\"article article_normal\">\n<p class=\"tt2\"><strong><span id=\"publisher\" data-source=\"Le Monde.fr avec AFP\">Le Monde.fr avec AFP<\/span><\/strong><\/p>\n<p class=\"partage\"><strong>Michel Platini, pr\u00e9sident de l\u2019Union des associations europ\u00e9ennes de <a class=\"lien_interne rub\" title=\"Toute l\u2019actualit\u00e9 football\" href=\"http:\/\/www.lemonde.fr\/football\/\">football<\/a> (UEFA), est sorti du si\u00e8ge de la FIFA apr\u00e8s environ huit heures et demie d\u2019audition, lundi 15\u00a0f\u00e9vrier, devant la commission de recours de la <a class=\"lien_interne rub\" title=\"Toute l\u2019actualit\u00e9 FIFA\" href=\"http:\/\/www.lemonde.fr\/corruption-a-la-fifa\/\">FIFA<\/a> pour <a class=\"lien_interne conjug\" title=\"Conjugaison du verbe contester\" href=\"http:\/\/conjugaison.lemonde.fr\/conjugaison\/premier-groupe\/contester\/\" target=\"_blank\">contester<\/a> sa suspension de huit ans de toute fonction li\u00e9e au football et s\u2019est dit <em>\u00ab\u00a0content de la mani\u00e8re dont \u00e7a s\u2019\u00e9tait pass\u00e9\u00a0\u00bb<\/em>.<\/strong><\/p>\n<div id=\"articleBody\" class=\"contenu_article js_article_body\">\n<p><em>\u00ab\u00a0Cela a \u00e9t\u00e9 une bonne audition, tr\u00e8s bien men\u00e9e par des gens sinc\u00e8res, et je suis content de la mani\u00e8re dont \u00e7a s\u2019est pass\u00e9. Maintenant on verra comment \u00e7a se passe\u00a0\u00bb<\/em>, a d\u00e9clar\u00e9 l\u2019ancien capitaine de l\u2019\u00e9quipe de <a class=\"lien_interne rub\" title=\"Toute l\u2019actualit\u00e9 France\" href=\"http:\/\/www.lemonde.fr\/europeennes-france\/\">France<\/a>.<\/p>\n<h2 class=\"intertitre\">Deux t\u00e9moins de poids<\/h2>\n<p>M. Platini a notamment pr\u00e9sent\u00e9 deux t\u00e9moins, Jacques Lambert, actuel pr\u00e9sident du comit\u00e9 d\u2019organisation de l\u2019Euro\u00a02016, et Angel Maria Villar Llona, pr\u00e9sident de la f\u00e9d\u00e9ration espagnole et vice-pr\u00e9sident de l\u2019UEFA, pour <a class=\"lien_interne conjug\" title=\"Conjugaison du verbe prouver\" href=\"http:\/\/conjugaison.lemonde.fr\/conjugaison\/premier-groupe\/prouver\/\" target=\"_blank\">prouver<\/a> l\u2019existence du fameux contrat oral pass\u00e9 entre lui et Joseph Blatter.<\/p>\n<p class=\"lire\">Lire aussi\u00a0: <a href=\"http:\/\/www.lemonde.fr\/football\/article\/2016\/01\/08\/platini-un-abandon-deux-combats_4844024_1616938.html\">Michel Platini, un abandon et deux combats<\/a><\/p>\n<p>MM. Platini et Blatter, jusqu\u2019ici les personnages les plus puissants de la <a class=\"lien_interne rub\" title=\"Toute l\u2019actualit\u00e9 plan\u00e8te\" href=\"http:\/\/www.lemonde.fr\/planete\/\">plan\u00e8te<\/a> football, sont en effet tomb\u00e9s en raison du paiement controvers\u00e9 de 1,8\u00a0million d\u2019euros du <a class=\"lien_interne rub\" title=\"Toute l\u2019actualit\u00e9 Suisse\" href=\"http:\/\/www.lemonde.fr\/suisse\/\">Suisse<\/a> au Fran\u00e7ais en\u00a02011 pour un travail de <a class=\"lien_interne conjug\" title=\"Conjugaison du verbe conseiller\" href=\"http:\/\/conjugaison.lemonde.fr\/conjugaison\/premier-groupe\/conseiller\/\" target=\"_blank\">conseiller<\/a> achev\u00e9 en\u00a02002 sans contrat \u00e9crit.<\/p>\n<p>Selon eux, ce versement constituait le solde de la r\u00e9mun\u00e9ration de cette mission r\u00e9alis\u00e9e par l\u2019ex-triple Ballon d\u2019or aupr\u00e8s du pr\u00e9sident de la FIFA entre 1999 et 2002. Les magistrats de la FIFA, eux, les ont jug\u00e9s coupables \u00ab\u00a0d\u2019abus de position\u00a0\u00bb, de \u00ab\u00a0conflit d\u2019int\u00e9r\u00eats\u00a0\u00bb et de \u00ab\u00a0gestion d\u00e9loyale\u00a0\u00bb, \u00e9cartant toutefois la charge de \u00ab\u00a0corruption\u00a0\u00bb.<\/p>\n<h2 class=\"intertitre\">Au tour de Blatter<\/h2>\n<p>L\u2019audition de M. Platini a d\u00e9but\u00e9 \u00e0 11\u00a0h\u00a030 et s\u2019est termin\u00e9e vers 20\u00a0heures. Avant de <a class=\"lien_interne conjug\" title=\"Conjugaison du verbe p\u00e9n\u00e9trer\" href=\"http:\/\/conjugaison.lemonde.fr\/conjugaison\/premier-groupe\/p%C3%A9n%C3%A9trer\/\" target=\"_blank\">p\u00e9n\u00e9trer<\/a> au si\u00e8ge de la FIFA, le Fran\u00e7ais avait gliss\u00e9 quelques mots \u00e0 la dizaine de journalistes pr\u00e9sents.<br \/>\n<em>\u00ab\u00a0Je ne me bats pas pour mon <a class=\"lien_interne conjug\" title=\"Conjugaison du verbe avenir\" href=\"http:\/\/conjugaison.lemonde.fr\/conjugaison\/troisieme-groupe\/avenir\/\" target=\"_blank\">avenir<\/a>, mais contre l\u2019injustice. Si j\u2019avais quelque chose \u00e0 me <a class=\"lien_interne conjug\" title=\"Conjugaison du verbe reprocher\" href=\"http:\/\/conjugaison.lemonde.fr\/conjugaison\/premier-groupe\/reprocher\/\" target=\"_blank\">reprocher<\/a>, je serais en Sib\u00e9rie \u00e0 me <a class=\"lien_interne conjug\" title=\"Conjugaison du verbe cacher\" href=\"http:\/\/conjugaison.lemonde.fr\/conjugaison\/premier-groupe\/cacher\/\" target=\"_blank\">cacher<\/a> de honte\u00a0\u00bb<\/em>, a notamment d\u00e9clar\u00e9 l\u2019ancien joueur vedette de la Juventus.<\/p>\n<p>L\u2019audience de M. Platini sera suivie mardi par celle de Joseph Blatter, pr\u00e9sident de la FIFA d\u00e9missionnaire, frapp\u00e9 de la m\u00eame sanction. Ces deux auditions en appel ont lieu alors que la campagne \u00e9lectorale bat son plein pour l\u2019\u00e9lection \u00e0 la pr\u00e9sidence de l\u2019instance supr\u00eame du football mondial, pr\u00e9vue le 26\u00a0f\u00e9vrier \u00e0 Zurich.<\/p>\n<p class=\"lire\">Lire aussi\u00a0: <a href=\"http:\/\/www.lemonde.fr\/football\/article\/2016\/01\/08\/michel-platini-foudroye-en-plein-envol_4843617_1616938.html\">Michel Platini, une ambition foudroy\u00e9e<\/a><\/p>\n<\/div>\n<\/article>\n<div class=\"toolbar\"><a href=\"http:\/\/www.lemonde.fr\/football\/article\/2016\/02\/16\/platini-satisfait-de-son-audition-en-appel-devant-la-federation-internationale-de-football_4866110_1616938.html#TPPmYmsV3AeeXpgA.99\">LE MONDE\u00a0\u00a0<\/a><\/div>\n","protected":false},"excerpt":{"rendered":"<p>Le Monde.fr avec AFP Michel Platini, pr\u00e9sident de l\u2019Union des associations europ\u00e9ennes de football (UEFA), est sorti du si\u00e8ge de la FIFA apr\u00e8s environ huit heures et demie d\u2019audition, lundi 15\u00a0f\u00e9vrier, devant la commission de recours de la FIFA pour contester sa suspension de huit ans de toute fonction li\u00e9e au football et s\u2019est dit<\/p>\n","protected":false},"author":134,"featured_media":9524,"comment_status":"open","ping_status":"open","sticky":false,"template":"","format":"standard","meta":{"_uf_show_specific_survey":0,"_uf_disable_surveys":false,"footnotes":""},"categories":[361],"tags":[],"class_list":{"0":"post-9523","1":"post","2":"type-post","3":"status-publish","4":"format-standard","5":"has-post-thumbnail","7":"category-sport-international"},"aioseo_notices":[],"_links":{"self":[{"href":"https:\/\/middleeasttransparent.com\/fr\/wp-json\/wp\/v2\/posts\/9523","targetHints":{"allow":["GET"]}}],"collection":[{"href":"https:\/\/middleeasttransparent.com\/fr\/wp-json\/wp\/v2\/posts"}],"about":[{"href":"https:\/\/middleeasttransparent.com\/fr\/wp-json\/wp\/v2\/types\/post"}],"author":[{"embeddable":true,"href":"https:\/\/middleeasttransparent.com\/fr\/wp-json\/wp\/v2\/users\/134"}],"replies":[{"embeddable":true,"href":"https:\/\/middleeasttransparent.com\/fr\/wp-json\/wp\/v2\/comments?post=9523"}],"version-history":[{"count":0,"href":"https:\/\/middleeasttransparent.com\/fr\/wp-json\/wp\/v2\/posts\/9523\/revisions"}],"wp:featuredmedia":[{"embeddable":true,"href":"https:\/\/middleeasttransparent.com\/fr\/wp-json\/wp\/v2\/media\/9524"}],"wp:attachment":[{"href":"https:\/\/middleeasttransparent.com\/fr\/wp-json\/wp\/v2\/media?parent=9523"}],"wp:term":[{"taxonomy":"category","embeddable":true,"href":"https:\/\/middleeasttransparent.com\/fr\/wp-json\/wp\/v2\/categories?post=9523"},{"taxonomy":"post_tag","embeddable":true,"href":"https:\/\/middleeasttransparent.com\/fr\/wp-json\/wp\/v2\/tags?post=9523"}],"curies":[{"name":"wp","href":"https:\/\/api.w.org\/{rel}","templated":true}]}}