{"id":94594,"date":"2022-03-29T15:44:11","date_gmt":"2022-03-29T14:44:11","guid":{"rendered":"https:\/\/middleeasttransparent.com\/?p=94594"},"modified":"2022-03-29T17:20:22","modified_gmt":"2022-03-29T16:20:22","slug":"kuperwasser-et-boms-deux-analystes-israeliens-commentent-le-sommet-historique-du-neguev","status":"publish","type":"post","link":"https:\/\/middleeasttransparent.com\/fr\/kuperwasser-et-boms-deux-analystes-israeliens-commentent-le-sommet-historique-du-neguev\/","title":{"rendered":"Kuperwasser et Boms : deux analystes isra\u00e9liens commentent le sommet \u00ab\u00a0historique\u00a0\u00bb du N\u00e9guev."},"content":{"rendered":"<h3><span style=\"color: #666699;\">Co\u00efncidence ou non, le Sommet isra\u00e9lo-arabo-am\u00e9ricain du N\u00e9guev a eu lieu hier, dimanche 27 mars, date anniversaire de l&rsquo;Initiative de Paix Arabe avort\u00e9e \u00e0 Beyrouth en 2002. En pr\u00e9sence de quatre ministres arabes, auxquels s&rsquo;ajoute le secr\u00e9taire d&rsquo;\u00c9tat am\u00e9ricain Anthony Blinken, le sommet sans pr\u00e9c\u00e9dent pourrait ouvrir une nouvelle page de l&rsquo;histoire tourment\u00e9e du Moyen-Orient.<\/span><\/h3>\n<p>&nbsp;<\/p>\n<p class=\"p1\">Shafaf a demand\u00e9 \u00e0 deux \u00e9minents analystes isra\u00e9liens de commenter l&rsquo;\u00e9v\u00e9nement :<\/p>\n<p>&nbsp;<\/p>\n<p><img fetchpriority=\"high\" decoding=\"async\" class=\"size-medium wp-image-94598 aligncenter\" src=\"https:\/\/middleeasttransparent.com\/wp-content\/uploads\/2022\/03\/KUPER-1-1-600x312.png\" alt=\"\" width=\"600\" height=\"312\" srcset=\"https:\/\/middleeasttransparent.com\/wp-content\/uploads\/2022\/03\/KUPER-1-1-600x312.png 600w, https:\/\/middleeasttransparent.com\/wp-content\/uploads\/2022\/03\/KUPER-1-1.png 624w\" sizes=\"(max-width: 600px) 100vw, 600px\" \/><\/p>\n<p class=\"p3\"><strong>Brig. Gen. Yosef Kuperwasser<\/strong>:\u00a0 \u00a0La signification historique de la r\u00e9union des 6 ministres des Affaires \u00e9trang\u00e8res r\u00e9side dans le message clair que la nouvelle architecture du Moyen-Orient est un fait accompli!<\/p>\n<p class=\"p3\">L&#8217;emplacement et la large participation prouvent le r\u00f4le central d&rsquo;Isra\u00ebl en tant qu&rsquo;acteur r\u00e9gional principal qui peut compenser le vide cr\u00e9\u00e9 par la d\u00e9cision am\u00e9ricaine de s&rsquo;\u00e9loigner du Moyen-Orient et de servir de facilitateur d&rsquo;un acc\u00e8s significatif aux \u00c9tats-Unis qui peut \u00eatre<span class=\"Apple-converted-space\">\u00a0 <\/span>utilis\u00e9 pour exprimer le m\u00e9contentement (Arabe) face \u00e0 la politique de l&rsquo;administration sur l&rsquo;Iran. C&rsquo;est un suivi du sommet de Sharm El Sheikh.<\/p>\n<p class=\"p5\">Cela ne signifie pas que tous les Arabes et Isra\u00ebl sont aussi pr\u00e9occup\u00e9s par l&rsquo;Iran. Pour Isra\u00ebl et certains Arabes, c&rsquo;est l&rsquo;issue la plus importante, mais pour d&rsquo;autres, c&rsquo;est moins importante.\u00a0 La Jordanie ne participe pas, mais elle fait partie de ce groupe.<\/p>\n<p>&nbsp;<\/p>\n<p><img decoding=\"async\" class=\"size-medium wp-image-94599 aligncenter\" src=\"https:\/\/middleeasttransparent.com\/wp-content\/uploads\/2022\/03\/NIRBOMS-2-600x600.png\" alt=\"\" width=\"600\" height=\"600\" srcset=\"https:\/\/middleeasttransparent.com\/wp-content\/uploads\/2022\/03\/NIRBOMS-2-600x600.png 600w, https:\/\/middleeasttransparent.com\/wp-content\/uploads\/2022\/03\/NIRBOMS-2-300x300.png 300w, https:\/\/middleeasttransparent.com\/wp-content\/uploads\/2022\/03\/NIRBOMS-2.png 624w\" sizes=\"(max-width: 600px) 100vw, 600px\" \/><\/p>\n<p class=\"p3\"><strong>Dr. Nir Boms<\/strong>:\u00a0 \u00a0Je crois que la r\u00e9union est certainement significative et potentiellement historique, car c&rsquo;est un autre sommet, un premier du genre, qui cimente cette nouvelle relation, cette nouvelle alliance r\u00e9gionale. La pr\u00e9sence du secr\u00e9taire Blinken signifie que les \u00c9tats-Unis sont toujours IN et qu&rsquo;ils embrassent et soutiennent les accords d&rsquo;Abraham. Cela est particuli\u00e8rement important dans le contexte de la politique de Biden au Moyen-Orient et dans le contexte de l&rsquo;accord iranien.<\/p>\n<p class=\"p3\">Malheureusement, nous avons vu le contrecoup sous la forme de l&rsquo;attaque terroriste qui a eu lieu aujourd&rsquo;hui en Isra\u00ebl.<\/p>\n<p class=\"p5\">Quant \u00e0 la r\u00e9union de Sharm Sheikh, absolument ! La r\u00e9union de Sharm el Sheikh comprenait quelques engagements et a eu lieu apr\u00e8s la r\u00e9cente perc\u00e9e avec la Turquie. Et, nous avons entendu parler d&rsquo;une s\u00e9rie de r\u00e9unions sur divers profils qui ont lieu dans la r\u00e9gion.<span class=\"Apple-converted-space\">\u00a0 <\/span>Toutes les parties sont engag\u00e9es les unes avec les autres et avec Isra\u00ebl. Toutes les parties sont engag\u00e9es les unes avec les autres et avec Isra\u00ebl.<\/p>\n<p class=\"p5\">Je pense que les partis de la r\u00e9gion regardent vraiment \u00e0 l&rsquo;ext\u00e9rieur, moins \u00e0 l&rsquo;int\u00e9rieur et ils se rendent compte qu&rsquo;ils doivent affirmer leur leadership et travailler ensemble face aux d\u00e9fis que nous avons tous.<span class=\"Apple-converted-space\">\u00a0<\/span><\/p>\n<p class=\"p5\">Quant \u00e0 (votre question sur) la Jordanie, je ne crois pas que la Jordanie ait \u00e9t\u00e9 exclue. Je ne sais pas dans quelles circonstances cette composition particuli\u00e8re a eu lieu. Mais je pense que la Jordanie est plus sensible \u00e0 la question palestinienne et a peut-\u00eatre voulu \u00eatre moins visible. Pourtant, je suis s\u00fbr que la Jordanie sera un partenaire.<span class=\"Apple-converted-space\">\u00a0<\/span><\/p>\n<p class=\"p5\">Je suis \u00e9galement s\u00fbr que cette r\u00e9union enverra un message fort \u00e0 l&rsquo;Iran, mais \u00e9galement au secr\u00e9taire am\u00e9ricain Blinker qui pourra le ramener directement chez lui.<\/p>\n<p class=\"p5\"><em><span class=\"s2\">*Brig. Gen. Yosef Kuperwasser<\/span> est un ancien chef de la Division de la recherche de la Direction du renseignement militaire des Forces de d\u00e9fense isra\u00e9liennes.<span class=\"Apple-converted-space\">\u00a0<\/span><\/em><\/p>\n<p class=\"p3\"><i>Dr.\u00a0Nir Boms<\/i><i> <\/i><i>est chercheur au Centre Moshe Dayan de l&rsquo;Universit\u00e9 de Tel Aviv et au Centre international de lutte contre le terrorisme \u00e0 Hertzliya.<\/i><\/p>\n<p>&nbsp;<\/p>\n<p><strong><span style=\"color: #0000ff;\">Traduction par Ch\u00e9rine ELTAYEB<\/span><\/strong><\/p>\n","protected":false},"excerpt":{"rendered":"<p>Co\u00efncidence ou non, le Sommet isra\u00e9lo-arabo-am\u00e9ricain du N\u00e9guev a eu lieu hier, dimanche 27 mars, date anniversaire de l&rsquo;Initiative de Paix Arabe avort\u00e9e \u00e0 Beyrouth en 2002. En pr\u00e9sence de quatre ministres arabes, auxquels s&rsquo;ajoute le secr\u00e9taire d&rsquo;\u00c9tat am\u00e9ricain Anthony Blinken, le sommet sans pr\u00e9c\u00e9dent pourrait ouvrir une nouvelle page de l&rsquo;histoire tourment\u00e9e du Moyen-Orient.<\/p>\n","protected":false},"author":1126,"featured_media":94597,"comment_status":"open","ping_status":"open","sticky":false,"template":"","format":"standard","meta":{"_uf_show_specific_survey":0,"_uf_disable_surveys":false,"footnotes":""},"categories":[37],"tags":[],"class_list":{"0":"post-94594","1":"post","2":"type-post","3":"status-publish","4":"format-standard","5":"has-post-thumbnail","7":"category-alaune-fr"},"aioseo_notices":[],"_links":{"self":[{"href":"https:\/\/middleeasttransparent.com\/fr\/wp-json\/wp\/v2\/posts\/94594","targetHints":{"allow":["GET"]}}],"collection":[{"href":"https:\/\/middleeasttransparent.com\/fr\/wp-json\/wp\/v2\/posts"}],"about":[{"href":"https:\/\/middleeasttransparent.com\/fr\/wp-json\/wp\/v2\/types\/post"}],"author":[{"embeddable":true,"href":"https:\/\/middleeasttransparent.com\/fr\/wp-json\/wp\/v2\/users\/1126"}],"replies":[{"embeddable":true,"href":"https:\/\/middleeasttransparent.com\/fr\/wp-json\/wp\/v2\/comments?post=94594"}],"version-history":[{"count":0,"href":"https:\/\/middleeasttransparent.com\/fr\/wp-json\/wp\/v2\/posts\/94594\/revisions"}],"wp:featuredmedia":[{"embeddable":true,"href":"https:\/\/middleeasttransparent.com\/fr\/wp-json\/wp\/v2\/media\/94597"}],"wp:attachment":[{"href":"https:\/\/middleeasttransparent.com\/fr\/wp-json\/wp\/v2\/media?parent=94594"}],"wp:term":[{"taxonomy":"category","embeddable":true,"href":"https:\/\/middleeasttransparent.com\/fr\/wp-json\/wp\/v2\/categories?post=94594"},{"taxonomy":"post_tag","embeddable":true,"href":"https:\/\/middleeasttransparent.com\/fr\/wp-json\/wp\/v2\/tags?post=94594"}],"curies":[{"name":"wp","href":"https:\/\/api.w.org\/{rel}","templated":true}]}}