{"id":9391,"date":"2016-02-13T13:25:03","date_gmt":"2016-02-13T12:25:03","guid":{"rendered":"http:\/\/middleeasttransparent.com\/?p=9391"},"modified":"2016-02-13T13:26:13","modified_gmt":"2016-02-13T12:26:13","slug":"9391-2","status":"publish","type":"post","link":"https:\/\/middleeasttransparent.com\/fr\/9391-2\/","title":{"rendered":"Fran\u00e7ois et Cyrille, unis pour les chr\u00e9tiens d\u2019Orient"},"content":{"rendered":"<p class=\"tt2\"><strong>\u00a0\u00a0<span class=\"signature_article\">Par <span class=\"auteur txt2_120\"><a class=\"auteur\" href=\"http:\/\/www.lemonde.fr\/journaliste\/isabelle-mandraud\/\" target=\"_blank\">Isabelle Mandraud<\/a> (Moscou, correspondante) et <a class=\"auteur\" href=\"http:\/\/www.lemonde.fr\/journaliste\/cecile-chambraud\/\" target=\"_blank\">C\u00e9cile Chambraud<\/a><\/span><\/span><\/strong><\/p>\n<div class=\"toolbar\">\n<div class=\"conteneur_barre_outils\">\n<div class=\"barre_outils\">\n<p><strong>\u00a0<\/strong><\/p>\n<\/div>\n<\/div>\n<\/div>\n<div id=\"articleBody\" class=\"contenu_article js_article_body\">\n<h2 class=\"taille_courante\">Pour une fois, le qualificatif \u00ab\u00a0historique\u00a0\u00bb semble appropri\u00e9\u00a0: pr\u00e8s de mille ans apr\u00e8s le grand schisme entre Rome et Constantinople qui a coup\u00e9 la chr\u00e9tient\u00e9 en deux, en\u00a01054, le chef de l\u2019Eglise catholique a rencontr\u00e9 le patriarche russe, \u00e0 la t\u00eate de la plus importante des Eglises orthodoxes, en terrain neutre, dans une salle de l\u2019a\u00e9roport de La\u00a0Havane, \u00e0 <a class=\"lien_interne rub\" title=\"Toute l\u2019actualit\u00e9 Cuba\" href=\"http:\/\/www.lemonde.fr\/cuba\/\">Cuba<\/a>, vendredi 12\u00a0f\u00e9vrier. <em>\u00ab\u00a0Enfin, nous nous voyons\u00a0!\u00a0\u00bb<\/em>, a lanc\u00e9 le <a class=\"lien_interne rub\" title=\"Toute l\u2019actualit\u00e9 pape\" href=\"http:\/\/www.lemonde.fr\/pape\/\">pape<\/a> Fran\u00e7ois \u00e0 Cyrille. <em>\u00ab\u00a0Oui, les choses sont beaucoup plus faciles maintenant\u00a0\u00bb<\/em>, lui a r\u00e9pondu le patriarche russe, arriv\u00e9 la veille pour une visite dans l\u2019\u00eele. Puis les deux dignitaires se sont entretenus comme pr\u00e9vu pendant deux heures.<\/h2>\n<p>A l\u2019issue de leur conversation, en pr\u00e9sence du pr\u00e9sident cubain Raul Castro, ils ont sign\u00e9 une d\u00e9claration commune pr\u00e9par\u00e9e pendant des mois. Celle-ci comporte un appel pressant en<a class=\"lien_interne rub\" title=\"Toute l\u2019actualit\u00e9 d\u00e9fense\" href=\"http:\/\/www.lemonde.fr\/defense\/\">d\u00e9fense<\/a> des chr\u00e9tiens d\u2019Orient, dont le sort actuel a \u00e9t\u00e9 l\u2019un des facteurs qui a pouss\u00e9 au rapprochement les chefs de ces deux Eglises chr\u00e9tiennes qui se sont si longtemps tourn\u00e9 le dos.<em>\u00ab\u00a0Nous appelons la communaut\u00e9 internationale \u00e0 des actions urgentes pour <a class=\"lien_interne conjug\" title=\"Conjugaison du verbe emp\u00eacher\" href=\"http:\/\/conjugaison.lemonde.fr\/conjugaison\/premier-groupe\/emp%C3%AAcher\/\" target=\"_blank\">emp\u00eacher<\/a> que se poursuive l\u2019\u00e9viction des chr\u00e9tiens du <a class=\"lien_interne rub\" title=\"Toute l\u2019actualit\u00e9 Proche-Orient\" href=\"http:\/\/www.lemonde.fr\/proche-orient\/\">Proche-Orient<\/a>\u00a0\u00bb<\/em> et \u00e0 <em>\u00ab\u00a0mettre fin au terrorisme \u00e0 l\u2019<a class=\"lien_interne rub\" title=\"Toute l\u2019actualit\u00e9 aide\" href=\"http:\/\/www.lemonde.fr\/services-aux-internautes\/\">aide<\/a>d\u2019actions communes, conjointes et coordonn\u00e9es\u00a0\u00bb.<\/em><\/p>\n<p class=\"lire\">Lire aussi\u00a0: <a href=\"http:\/\/www.lemonde.fr\/international\/article\/2016\/02\/12\/cyrille-un-patriarche-feru-de-politique-etrangere_4864577_3210.html\">Cyrille, un patriarche f\u00e9ru de politique \u00e9trang\u00e8re<\/a><\/p>\n<p>Le patriarche de Moscou, qui a pleinement soutenu l\u2019intervention militaire russe en <a class=\"lien_interne rub\" title=\"Toute l\u2019actualit\u00e9 Syrie\" href=\"http:\/\/www.lemonde.fr\/syrie\/\">Syrie<\/a>, n\u2019a de cesse de <a class=\"lien_interne conjug\" title=\"Conjugaison du verbe mettre\" href=\"http:\/\/conjugaison.lemonde.fr\/conjugaison\/troisieme-groupe\/mettre\/\" target=\"_blank\">mettre<\/a> en avant <em>\u00ab\u00a0le g\u00e9nocide des chr\u00e9tiens au Moyen-Orient, en <a class=\"lien_interne rub\" title=\"Toute l\u2019actualit\u00e9 Afrique\" href=\"http:\/\/www.lemonde.fr\/afrique\/\">Afrique<\/a> du Nord et centrale\u00a0\u00bb<\/em> et <em>\u00ab\u00a0dans de telles conditions, tout <a class=\"lien_interne rub\" title=\"Toute l\u2019actualit\u00e9 le monde\" href=\"http:\/\/www.lemonde.fr\/le-monde\/\">le monde<\/a> comprend qu\u2019il faut se <a class=\"lien_interne conjug\" title=\"Conjugaison du verbe soutenir\" href=\"http:\/\/conjugaison.lemonde.fr\/conjugaison\/troisieme-groupe\/soutenir\/\" target=\"_blank\">soutenir<\/a> les uns les autres\u00a0\u00bb<\/em>. De son c\u00f4t\u00e9, Fran\u00e7ois est convaincu que se <a class=\"lien_interne conjug\" title=\"Conjugaison du verbe concilier\" href=\"http:\/\/conjugaison.lemonde.fr\/conjugaison\/premier-groupe\/concilier\/\" target=\"_blank\">concilier<\/a> avec Moscou est indispensable pour <a class=\"lien_interne conjug\" title=\"Conjugaison du verbe pouvoir\" href=\"http:\/\/conjugaison.lemonde.fr\/conjugaison\/troisieme-groupe\/pouvoir\/\" target=\"_blank\">pouvoir<\/a> <a class=\"lien_interne conjug\" title=\"Conjugaison du verbe peser\" href=\"http:\/\/conjugaison.lemonde.fr\/conjugaison\/premier-groupe\/peser\/\" target=\"_blank\">peser<\/a> sur le cours des \u00e9v\u00e9nements au Proche-Orient. <em>\u00ab\u00a0La <a class=\"lien_interne rub\" title=\"Toute l\u2019actualit\u00e9 Russie\" href=\"http:\/\/www.lemonde.fr\/russie\/\">Russie<\/a> peut <a class=\"lien_interne conjug\" title=\"Conjugaison du verbe donner\" href=\"http:\/\/conjugaison.lemonde.fr\/conjugaison\/premier-groupe\/donner\/\" target=\"_blank\">donner<\/a> beaucoup\u00a0\u00bb<\/em> pour la paix, a r\u00e9cemment d\u00e9clar\u00e9 le pape. Fran\u00e7ois a du reste re\u00e7u deux fois le pr\u00e9sident russe, Vladimir Poutine, depuis le d\u00e9but de son pontificat.<\/p>\n<h2 class=\"intertitre\">\u00ab\u00a0Rome a fait des pas positifs\u00a0\u00bb<\/h2>\n<p>Bien qu\u2019entretenant des relations \u00e9troites avec Vladimir Poutine, le patriarcat nie toute ing\u00e9rence <em>\u00ab\u00a0<a class=\"lien_interne rub\" title=\"Toute l\u2019actualit\u00e9 politique\" href=\"http:\/\/www.lemonde.fr\/politique\/\">politique<\/a>\u00a0\u00bb<\/em> dans la d\u00e9cision de <a class=\"lien_interne conjug\" title=\"Conjugaison du verbe rencontrer\" href=\"http:\/\/conjugaison.lemonde.fr\/conjugaison\/premier-groupe\/rencontrer\/\" target=\"_blank\">rencontrer<\/a> le pape.<em> \u00ab\u00a0Cela n\u2019a rien \u00e0 <a class=\"lien_interne conjug\" title=\"Conjugaison du verbe voir\" href=\"http:\/\/conjugaison.lemonde.fr\/conjugaison\/troisieme-groupe\/voir\/\" target=\"_blank\">voir<\/a> avec la <a class=\"lien_interne rub\" title=\"Toute l\u2019actualit\u00e9 politique\" href=\"http:\/\/www.lemonde.fr\/afrique-politique\/\">politique<\/a>. C\u2019est un signal clair pour que le <a class=\"lien_interne rub\" title=\"Toute l\u2019actualit\u00e9 monde\" href=\"http:\/\/www.lemonde.fr\/afrique-monde\/\">monde<\/a> comprenne que nos Eglises ont un point de vue commun\u00a0\u00bb <\/em>sur le sort des chr\u00e9tiens.<\/p>\n<p>Encore fallait-il <a class=\"lien_interne conjug\" title=\"Conjugaison du verbe surmonter\" href=\"http:\/\/conjugaison.lemonde.fr\/conjugaison\/premier-groupe\/surmonter\/\" target=\"_blank\">surmonter<\/a> les s\u00e9quelles du pass\u00e9. A Rome comme \u00e0 Moscou, cette rencontre est vue comme <em>\u00ab\u00a0le r\u00e9sultat d\u2019un travail de vingt ans\u00a0\u00bb<\/em>. La pr\u00e9c\u00e9dente tentative de rapprochement, en\u00a01997, avait tourn\u00e9 court \u00e0 l\u2019initiative des orthodoxes russes, qui voyaient en Jean Paul II un pape anim\u00e9 d\u2019un dessein <em>\u00ab\u00a0politique\u00a0\u00bb<\/em> envers les pays de l\u2019ancien bloc sovi\u00e9tique et favorisant le pros\u00e9lytisme dans ces nouveaux Etats surgis apr\u00e8s la chute de l\u2019URSS. La situation, en <a class=\"lien_interne rub\" title=\"Toute l\u2019actualit\u00e9 Ukraine\" href=\"http:\/\/www.lemonde.fr\/ukraine\/\">Ukraine<\/a>, avait alors \u00e9t\u00e9 particuli\u00e8rement tendue et Jean Paul II n\u2019avait pas contribu\u00e9, de leur point de vue, \u00e0 <a class=\"lien_interne conjug\" title=\"Conjugaison du verbe apaiser\" href=\"http:\/\/conjugaison.lemonde.fr\/conjugaison\/premier-groupe\/apaiser\/\" target=\"_blank\">apaiser<\/a> les tensions.<\/p>\n<p>Au patriarcat de Moscou \u2013 dont un tiers des paroisses est en Ukraine \u2013, on consid\u00e8re que, cette fois, <em>\u00ab\u00a0Rome a fait des pas positifs\u00a0\u00bb<\/em>. De fait, Fran\u00e7ois s\u2019est abstenu, depuis le d\u00e9but de la crise ukrainienne, de <a class=\"lien_interne conjug\" title=\"Conjugaison du verbe critiquer\" href=\"http:\/\/conjugaison.lemonde.fr\/conjugaison\/premier-groupe\/critiquer\/\" target=\"_blank\">critiquer<\/a> Moscou et de <a class=\"lien_interne conjug\" title=\"Conjugaison du verbe faire\" href=\"http:\/\/conjugaison.lemonde.fr\/conjugaison\/troisieme-groupe\/faire\/\" target=\"_blank\">faire<\/a> un abc\u00e8s de fixation de la situation de l\u2019Eglise gr\u00e9co-catholique ukrainienne, h\u00e9ritage du retour vers Rome d\u2019une partie des orthodoxes \u00e0 la fin du XVI<sup>e<\/sup>\u00a0si\u00e8cle, qui a pris aujourd\u2019hui le parti de Kiev.<\/p>\n<h2 class=\"intertitre\">\u00ab\u00a0Pas concurrents, mais fr\u00e8res\u00a0\u00bb<\/h2>\n<p>Les deux chefs religieux abordent franchement cette question dans leur d\u00e9claration commune. <em>\u00ab\u00a0Orthodoxes et gr\u00e9co-catholiques ont besoin de se <a class=\"lien_interne conjug\" title=\"Conjugaison du verbe r\u00e9concilier\" href=\"http:\/\/conjugaison.lemonde.fr\/conjugaison\/premier-groupe\/r%C3%A9concilier\/\" target=\"_blank\">r\u00e9concilier<\/a> et de <a class=\"lien_interne conjug\" title=\"Conjugaison du verbe trouver\" href=\"http:\/\/conjugaison.lemonde.fr\/conjugaison\/premier-groupe\/trouver\/\" target=\"_blank\">trouver<\/a> des formes de coexistence mutuellement acceptables<\/em>, y \u00e9crivent-ils. <em>Nous appelons nos Eglises en Ukraine \u00e0 <a class=\"lien_interne conjug\" title=\"Conjugaison du verbe travailler\" href=\"http:\/\/conjugaison.lemonde.fr\/conjugaison\/premier-groupe\/travailler\/\" target=\"_blank\">travailler<\/a> pour <a class=\"lien_interne conjug\" title=\"Conjugaison du verbe atteindre\" href=\"http:\/\/conjugaison.lemonde.fr\/conjugaison\/troisieme-groupe\/atteindre\/\" target=\"_blank\">atteindre<\/a> la concorde sociale, \u00e0 s\u2019abstenir de <a class=\"lien_interne conjug\" title=\"Conjugaison du verbe participer\" href=\"http:\/\/conjugaison.lemonde.fr\/conjugaison\/premier-groupe\/participer\/\" target=\"_blank\">participer<\/a> \u00e0 la confrontation et \u00e0 ne pas soutenir un <a class=\"lien_interne rub\" title=\"Toute l\u2019actualit\u00e9 d\u00e9veloppement\" href=\"http:\/\/www.lemonde.fr\/developpement\/\">d\u00e9veloppement<\/a> ult\u00e9rieur du conflit.\u00a0\u00bb<\/em> <em>\u00ab\u00a0Nous ne sommes pas concurrents, mais fr\u00e8res<\/em>, affirment-ils encore. <em>Il ne peut donc <a class=\"lien_interne conjug\" title=\"Conjugaison du verbe \u00eatre\" href=\"http:\/\/conjugaison.lemonde.fr\/conjugaison\/auxiliaire\/%C3%AAtre\/\" target=\"_blank\">\u00eatre<\/a> question d\u2019utiliser des moyens indus pour<a class=\"lien_interne conjug\" title=\"Conjugaison du verbe pousser\" href=\"http:\/\/conjugaison.lemonde.fr\/conjugaison\/premier-groupe\/pousser\/\" target=\"_blank\">pousser<\/a> des croyants \u00e0 <a class=\"lien_interne conjug\" title=\"Conjugaison du verbe passer\" href=\"http:\/\/conjugaison.lemonde.fr\/conjugaison\/premier-groupe\/passer\/\" target=\"_blank\">passer<\/a> d\u2019une Eglise \u00e0 une autre.\u00a0\u00bb<\/em><\/p>\n<p><em>\u00ab\u00a0Loin des vieilles querelles de l\u2019Ancien Monde\u00a0\u00bb<\/em>, comme le dit leur d\u00e9claration commune, Cyrille venant \u00e0 Cuba, Fran\u00e7ois le non-Europ\u00e9en allant au <a class=\"lien_interne rub\" title=\"Toute l\u2019actualit\u00e9 Mexique\" href=\"http:\/\/www.lemonde.fr\/mexique\/\">Mexique<\/a>, ils ont ainsi pu se rencontrer et<a class=\"lien_interne conjug\" title=\"Conjugaison du verbe esp\u00e9rer\" href=\"http:\/\/conjugaison.lemonde.fr\/conjugaison\/premier-groupe\/esp%C3%A9rer\/\" target=\"_blank\">esp\u00e9rer<\/a> que cela favorise le <em>\u00ab\u00a0r\u00e9tablissement de cette unit\u00e9 voulue par Dieu\u00a0\u00bb<\/em>.<\/p>\n<p>Le texte ne n\u00e9glige pas les questions morales de l\u2019<a class=\"lien_interne rub\" title=\"Toute l\u2019actualit\u00e9 Europe\" href=\"http:\/\/www.lemonde.fr\/europe\/\">Europe<\/a>, au c\u0153ur des pr\u00e9occupations du patriarcat de Moscou. Le concile des \u00e9v\u00eaques orthodoxes russes, r\u00e9uni en amont de cette rencontre, a d\u00e9battu de l\u2019avortement, consid\u00e9r\u00e9 comme <em>\u00ab\u00a0un probl\u00e8me s\u00e9rieux, le plus important en Russie\u00a0\u00bb<\/em>. Le texte s\u2019en fait l\u2019\u00e9cho. Il prend la d\u00e9fense de la <a class=\"lien_interne rub\" title=\"Toute l\u2019actualit\u00e9 famille\" href=\"http:\/\/www.lemonde.fr\/famille\/\">famille<\/a> et du mariage. Il insiste sur le<em>\u00ab\u00a0respect du droit inali\u00e9nable \u00e0 la vie\u00a0\u00bb<\/em>, allusion aux avortements et au <em>\u00ab\u00a0d\u00e9veloppement de la pr\u00e9tendue euthanasie\u00a0\u00bb<\/em>. Il enjoint aussi l\u2019Europe<em> \u00ab\u00a0de <a class=\"lien_interne conjug\" title=\"Conjugaison du verbe rester\" href=\"http:\/\/conjugaison.lemonde.fr\/conjugaison\/premier-groupe\/rester\/\" target=\"_blank\">rester<\/a> fid\u00e8le \u00e0 ses racines chr\u00e9tiennes\u00a0\u00bb<\/em> et demande aux chr\u00e9tiens des deux bords de<em> \u00ab\u00a0s\u2019unir\u00a0\u00bb<\/em> pour <em>\u00ab\u00a0que l\u2019Europe conserve son \u00e2me form\u00e9e par deux mille ans de tradition chr\u00e9tienne\u00a0\u00bb.<\/em><\/p>\n<div class=\"btn_lecture_zen btn_offre_decouverte_zen\">\u00a0<a href=\"http:\/\/www.lemonde.fr\/journaliste\/isabelle-mandraud\/\" target=\"_blank\"><img decoding=\"async\" class=\"lazy-retina\" src=\"http:\/\/s2.lemde.fr\/image2x\/2014\/10\/20\/24x24\/1100513678_4_66b2_14137893471397-photolemonde_77b58e4a0972c4ca5c79699d379e09d1.png\" alt=\" \" width=\"24\" height=\"24\" data-placeholder=\"true\" data-lazyload=\"true\" data-no-hd-src=\"http:\/\/s2.lemde.fr\/image\/2014\/10\/20\/24x24\/1100513678_4_66b2_14137893471397-photolemonde_77b58e4a0972c4ca5c79699d379e09d1.png\" data-hd-src=\"http:\/\/s2.lemde.fr\/image2x\/2014\/10\/20\/24x24\/1100513678_4_66b2_14137893471397-photolemonde_77b58e4a0972c4ca5c79699d379e09d1.png\" \/> <\/a><a class=\"gras\" href=\"http:\/\/www.lemonde.fr\/journaliste\/isabelle-mandraud\/\" target=\"_blank\">Isabelle Mandraud<\/a> (Moscou, correspondante)<\/div>\n<\/div>\n<div class=\"bg_gris_moyen signature\">\n<ul class=\"liste_bordure\">\n<li class=\"clearfix\"><span class=\"identite\"><span class=\"txt_gris_clair\">Correspondante \u00e0 Moscou<\/span> <\/span><span class=\"suivre\"><strong class=\"txt1 txt_gris_moyen\">Suivre<\/strong> <a class=\"avatar13x13\" href=\"http:\/\/www.lemonde.fr\/journaliste\/isabelle-mandraud\/\" target=\"_blank\">Aller sur la page de ce journaliste<\/a> <a class=\"tw13x13\" href=\"https:\/\/twitter.com\/Mandraud%20Isabelle\">Suivre ce journaliste sur twitter<\/a><\/span><\/li>\n<\/ul>\n<\/div>\n<div class=\"bg_gris_moyen signature\">\n<ul class=\"liste_bordure\">\n<li class=\"clearfix\"><a href=\"http:\/\/www.lemonde.fr\/journaliste\/cecile-chambraud\/\" target=\"_blank\"><img decoding=\"async\" class=\"lazy-retina\" src=\"http:\/\/s1.lemde.fr\/image2x\/2014\/06\/18\/24x24\/1100512603_4_f24c_14031037875897-chambraud-cecile-international-20_24ba7ee24a7699b86470219d91403fe4.jpg\" alt=\" \" width=\"24\" height=\"24\" data-placeholder=\"true\" data-lazyload=\"true\" data-no-hd-src=\"http:\/\/s1.lemde.fr\/image\/2014\/06\/18\/24x24\/1100512603_4_f24c_14031037875897-chambraud-cecile-international-20_24ba7ee24a7699b86470219d91403fe4.jpg\" data-hd-src=\"http:\/\/s1.lemde.fr\/image2x\/2014\/06\/18\/24x24\/1100512603_4_f24c_14031037875897-chambraud-cecile-international-20_24ba7ee24a7699b86470219d91403fe4.jpg\" \/> <\/a><a class=\"gras\" href=\"http:\/\/www.lemonde.fr\/journaliste\/cecile-chambraud\/\" target=\"_blank\">C\u00e9cile Chambraud<\/a><span class=\"identite\"><span class=\"txt_gris_clair\">Journaliste au Monde<\/span><\/span><\/li>\n<\/ul>\n<\/div>\n<p><a href=\"http:\/\/www.lemonde.fr\/international\/article\/2016\/02\/13\/le-pape-francois-a-cyrille-enfin-nous-nous-voyons_4864757_3210.html#V5O7AwbZ05oEekcE.99\">LE MONDE\u00a0\u00a0<\/a><\/p>\n","protected":false},"excerpt":{"rendered":"<p>\u00a0\u00a0Par Isabelle Mandraud (Moscou, correspondante) et C\u00e9cile Chambraud \u00a0 Pour une fois, le qualificatif \u00ab\u00a0historique\u00a0\u00bb semble appropri\u00e9\u00a0: pr\u00e8s de mille ans apr\u00e8s le grand schisme entre Rome et Constantinople qui a coup\u00e9 la chr\u00e9tient\u00e9 en deux, en\u00a01054, le chef de l\u2019Eglise catholique a rencontr\u00e9 le patriarche russe, \u00e0 la t\u00eate de la plus importante des<\/p>\n","protected":false},"author":134,"featured_media":9393,"comment_status":"open","ping_status":"open","sticky":false,"template":"","format":"standard","meta":{"_uf_show_specific_survey":0,"_uf_disable_surveys":false,"footnotes":""},"categories":[22],"tags":[],"class_list":{"0":"post-9391","1":"post","2":"type-post","3":"status-publish","4":"format-standard","5":"has-post-thumbnail","7":"category-actualites-fr"},"aioseo_notices":[],"_links":{"self":[{"href":"https:\/\/middleeasttransparent.com\/fr\/wp-json\/wp\/v2\/posts\/9391","targetHints":{"allow":["GET"]}}],"collection":[{"href":"https:\/\/middleeasttransparent.com\/fr\/wp-json\/wp\/v2\/posts"}],"about":[{"href":"https:\/\/middleeasttransparent.com\/fr\/wp-json\/wp\/v2\/types\/post"}],"author":[{"embeddable":true,"href":"https:\/\/middleeasttransparent.com\/fr\/wp-json\/wp\/v2\/users\/134"}],"replies":[{"embeddable":true,"href":"https:\/\/middleeasttransparent.com\/fr\/wp-json\/wp\/v2\/comments?post=9391"}],"version-history":[{"count":0,"href":"https:\/\/middleeasttransparent.com\/fr\/wp-json\/wp\/v2\/posts\/9391\/revisions"}],"wp:featuredmedia":[{"embeddable":true,"href":"https:\/\/middleeasttransparent.com\/fr\/wp-json\/wp\/v2\/media\/9393"}],"wp:attachment":[{"href":"https:\/\/middleeasttransparent.com\/fr\/wp-json\/wp\/v2\/media?parent=9391"}],"wp:term":[{"taxonomy":"category","embeddable":true,"href":"https:\/\/middleeasttransparent.com\/fr\/wp-json\/wp\/v2\/categories?post=9391"},{"taxonomy":"post_tag","embeddable":true,"href":"https:\/\/middleeasttransparent.com\/fr\/wp-json\/wp\/v2\/tags?post=9391"}],"curies":[{"name":"wp","href":"https:\/\/api.w.org\/{rel}","templated":true}]}}