{"id":9382,"date":"2016-02-13T00:15:29","date_gmt":"2016-02-12T23:15:29","guid":{"rendered":"http:\/\/middleeasttransparent.com\/?p=9382"},"modified":"2016-02-13T00:15:29","modified_gmt":"2016-02-12T23:15:29","slug":"fifa-lex-numero-2-jerome-valcke-suspendu-douze-ans","status":"publish","type":"post","link":"https:\/\/middleeasttransparent.com\/fr\/fifa-lex-numero-2-jerome-valcke-suspendu-douze-ans\/","title":{"rendered":"FIFA : l\u2019ex-num\u00e9ro 2 J\u00e9r\u00f4me Valcke suspendu douze ans"},"content":{"rendered":"<h3 class=\"tt2\"><span id=\"publisher\" data-source=\"Le Monde.fr\"><\/span><span class=\"signature_article\">Par <span class=\"auteur txt2_120\"><a class=\"auteur\" href=\"http:\/\/www.lemonde.fr\/journaliste\/remi-dupre\/\" target=\"_blank\">R\u00e9mi Dupr\u00e9<\/a><\/span><\/span><\/h3>\n<div id=\"articleBody\" class=\"contenu_article js_article_body\">\n<h2 class=\"taille_courante\">Ancien secr\u00e9taire g\u00e9n\u00e9ral de la F\u00e9d\u00e9ration internationale de <a class=\"lien_interne rub\" title=\"Toute l\u2019actualit\u00e9 football\" href=\"http:\/\/www.lemonde.fr\/football\/\">football<\/a> (<a class=\"lien_interne rub\" title=\"Toute l\u2019actualit\u00e9 FIFA\" href=\"http:\/\/www.lemonde.fr\/corruption-a-la-fifa\/\">FIFA<\/a>) de 2007 \u00e0 2015, le Fran\u00e7ais J\u00e9r\u00f4me Valcke, 55 ans, a \u00e9t\u00e9 suspendu douze ans, vendredi 12 f\u00e9vrier, par le comit\u00e9 d\u2019\u00e9thique de l\u2019instance plan\u00e9taire.<\/h2>\n<p>D\u00e9mis de ses fonctions en septembre, suspendu provisoirement pour 90 jours en octobre, limog\u00e9 mi-janvier, l\u2019ex-bras droit de Joseph Blatter a \u00e9t\u00e9 radi\u00e9 pour <a class=\"lien_interne conjug\" title=\"Conjugaison du verbe avoir\" href=\"http:\/\/conjugaison.lemonde.fr\/conjugaison\/auxiliaire\/avoir\/\" target=\"_blank\">avoir<\/a> enfreint sept chapitres du code d\u2019\u00e9thique de la FIFA. Le quinquag\u00e9naire est notamment poursuivi pour <em>\u00ab conflits d\u2019int\u00e9r\u00eats \u00bb <\/em>et pour avoir \u00ab <em>offert et accept\u00e9 des dons et d\u2019autres b\u00e9n\u00e9fices\u00a0\u00bb.<\/em><\/p>\n<p>La chambre de jugement du comit\u00e9 d\u2019\u00e9thique de la FIFA reproche \u00e0 J\u00e9r\u00f4me Valcke d\u2019avoir \u00ab<em>encourag\u00e9\u00a0<\/em>\u00bb les activit\u00e9s d\u2019une compagnie de marketing sportif qui a obtenu \u00ab\u00a0u<em>n avantage indu\u00bb<\/em>de la vente de billets de la Coupe du <a class=\"lien_interne rub\" title=\"Toute l\u2019actualit\u00e9 monde\" href=\"http:\/\/www.lemonde.fr\/afrique-monde\/\">monde<\/a>.<\/p>\n<p class=\"lire\">Lire le portrait\u00a0: <a href=\"http:\/\/www.lemonde.fr\/football\/article\/2015\/09\/18\/jerome-valcke-les-zones-d-ombres-d-un-amoureux-du-double-jeu_4762106_1616938.html\">Qui est J\u00e9r\u00f4me Valcke, le num\u00e9ro\u00a02 de la FIFA, accus\u00e9 de corruption\u00a0?<\/a><\/p>\n<p>L\u2019<a class=\"lien_interne rub\" title=\"Toute l\u2019actualit\u00e9 enqu\u00eate\" href=\"http:\/\/www.lemonde.fr\/enquetes\/\">enqu\u00eate<\/a> a permis de <a class=\"lien_interne conjug\" title=\"Conjugaison du verbe mettre\" href=\"http:\/\/conjugaison.lemonde.fr\/conjugaison\/troisieme-groupe\/mettre\/\" target=\"_blank\">mettre<\/a> en \u00e9vidence \u00ab\u00a0<em>plusieurs actes r\u00e9pr\u00e9hensibles, li\u00e9s en particulier \u00a0\u00e0 un abus des d\u00e9penses li\u00e9es aux d\u00e9penses de voyages.\u00a0\u00bb<\/em> M. Valcke a ainsi voyag\u00e9 \u00ab\u00a0<em>aux frais de la FIFA \u00e0 des fins purement touristiques et en choisissant r\u00e9guli\u00e8rement des vols priv\u00e9s plut\u00f4t que des vols commerciaux, et ce sans justification professionnelle.\u00a0\u00bb<\/em><\/p>\n<p>Dans le cadre de \u00ab\u00a0<em>l\u2019attribution des droits t\u00e9l\u00e9visuels et <a class=\"lien_interne rub\" title=\"Toute l\u2019actualit\u00e9 m\u00e9dias\" href=\"http:\/\/www.lemonde.fr\/actualite-medias\/\">m\u00e9dias<\/a> aux Cara\u00efbes<\/em>\u00a0\u00bb, le Fran\u00e7ais a aussi \u00e9t\u00e9 reconnu coupable d\u2019avoir tent\u00e9 d\u2019accorder les droits des Mondiaux 2018 et 2022 \u00e0 des tiers \u00ab<em> \u00e0 une valeur tr\u00e8s inf\u00e9rieure au prix du march\u00e9.\u00a0\u00bb<\/em> L\u2019ex-num\u00e9ro 2 de la FIFA a par ailleurs<em> \u00abessay\u00e9 de <a class=\"lien_interne conjug\" title=\"Conjugaison du verbe faire\" href=\"http:\/\/conjugaison.lemonde.fr\/conjugaison\/troisieme-groupe\/faire\/\" target=\"_blank\">faire<\/a> entrave aux proc\u00e9dures en cours en d\u00e9truisant ou tentant de <a class=\"lien_interne conjug\" title=\"Conjugaison du verbe d\u00e9truire\" href=\"http:\/\/conjugaison.lemonde.fr\/conjugaison\/troisieme-groupe\/d%C3%A9truire\/\" target=\"_blank\">d\u00e9truire<\/a> plusieurs fichiers et dossiers pertinents pour l\u2019enqu\u00eate.\u00a0\u00bb<\/em><\/p>\n<h2 class=\"intertitre\">March\u00e9 noir<\/h2>\n<p>Le 17 septembre 2015, J\u00e9r\u00f4me Valcke avait \u00e9t\u00e9 \u00ab <em>relev\u00e9 de ses fonctions avec effet imm\u00e9diat\u00a0\u00bb<\/em>. Le m\u00eame-jour, l\u2019ex-footballeur isra\u00e9lien et consultant Benny Alon avait r\u00e9v\u00e9l\u00e9 une s\u00e9rie d\u2019e-mails et autres contrats confidentiels compromettants pour le Fran\u00e7ais.<\/p>\n<p>Alon d\u00e9non\u00e7ait le monopole exerc\u00e9, depuis la Coupe du monde 2002, par la compagnie <a class=\"lien_interne rub\" title=\"Toute l\u2019actualit\u00e9 International\" href=\"http:\/\/www.lemonde.fr\/international\/\">International<\/a> <a class=\"lien_interne rub\" title=\"Toute l\u2019actualit\u00e9 sport\" href=\"http:\/\/www.lemonde.fr\/sport\/\">sport<\/a> Entertainment (ISE), sur le march\u00e9 des billets avec h\u00e9bergements. Tableau \u00e0 l\u2019appui, il montrait ensuite que 8 400 places confi\u00e9es au Mexicain Jaime Byrom pour le Mondial 2006 en \u00ad<a class=\"lien_interne rub\" title=\"Toute l\u2019actualit\u00e9 Allemagne\" href=\"http:\/\/www.lemonde.fr\/allemagne\/\">Allemagne<\/a> ont disparu <em>\u00ab sur le march\u00e9 noir \u00bb<\/em>. Rebaptis\u00e9e Match Services, la compagnie de Byrom obtient, \u00e0 <a class=\"lien_interne conjug\" title=\"Conjugaison du verbe partir\" href=\"http:\/\/conjugaison.lemonde.fr\/conjugaison\/troisieme-groupe\/partir\/\" target=\"_blank\">partir<\/a> du Mondial 2010, l\u2019exclusivit\u00e9 sur le <em>\u00ab business des billets, h\u00e9bergement et <a class=\"lien_interne rub\" title=\"Toute l\u2019actualit\u00e9 transports\" href=\"http:\/\/www.lemonde.fr\/transports\/\">transports<\/a> \u00bb<\/em>.<\/p>\n<p>Alors qu\u2019il travaille d\u00e9sormais pour la soci\u00e9t\u00e9 <a class=\"lien_interne rub\" title=\"Toute l\u2019actualit\u00e9 suisse\" href=\"http:\/\/www.lemonde.fr\/suisse\/\">suisse<\/a> JB Sports Marketing (JBS), Alon avait alert\u00e9 par e-mail, en mars 2010, J\u00e9r\u00f4me Valcke sur le dossier des places disparues en 2006. Un rendez-<a class=\"lien_interne rub\" title=\"Toute l\u2019actualit\u00e9 vous\" href=\"http:\/\/www.lemonde.fr\/vous\/\">vous<\/a> a lieu entre les deux hommes. Il \u00add\u00e9bouche sur un contrat sign\u00e9, en avril, entre JBS et la FIFA, autorisant la compagnie \u00e0 <a class=\"lien_interne conjug\" title=\"Conjugaison du verbe acheter\" href=\"http:\/\/conjugaison.lemonde.fr\/conjugaison\/premier-groupe\/acheter\/\" target=\"_blank\">acheter<\/a> puis <a class=\"lien_interne conjug\" title=\"Conjugaison du verbe revendre\" href=\"http:\/\/conjugaison.lemonde.fr\/conjugaison\/troisieme-groupe\/revendre\/\" target=\"_blank\">revendre<\/a> des billets pour les Mondiaux 2010, 2014 (8 750 tickets) et 2018. Pour le Mondial 2022, une clause stipule que JBS pourra <a class=\"lien_interne conjug\" title=\"Conjugaison du verbe vendre\" href=\"http:\/\/conjugaison.lemonde.fr\/conjugaison\/troisieme-groupe\/vendre\/\" target=\"_blank\">vendre<\/a> des places <em>\u00ab seulement si les Etats-Unis sont d\u00e9sign\u00e9s comme pays h\u00f4te \u00bb. \u00ab Le Mondial appartient d\u00e9j\u00e0 au <a class=\"lien_interne rub\" title=\"Toute l\u2019actualit\u00e9 Qatar\" href=\"http:\/\/www.lemonde.fr\/qatar\/\">Qatar<\/a> \u00bb,<\/em> aurait alors souffl\u00e9, en juin 2010, Valcke \u00e0 Alon, alors que le vote d\u2019attribution n\u2019est pr\u00e9vu que le 2 d\u00e9cembre. Il aurait r\u00e9it\u00e9r\u00e9 ces propos en \u00adseptembre, soit trois mois avant le scrutin qui d\u00e9bouchera sur la victoire de l\u2019\u00e9mirat.<\/p>\n<p>L\u2019ex-joueur isra\u00e9lien accusait \u00e9galement le num\u00e9ro deux de la FIFA d\u2019avoir modifi\u00e9, en 2013, ledit contrat. Cet accord lie d\u00e9sormais JBS \u00e0 \u00adByrom et concerne 11 032 places, lors du Mondial 2014 au <a class=\"lien_interne rub\" title=\"Toute l\u2019actualit\u00e9 Br\u00e9sil\" href=\"http:\/\/www.lemonde.fr\/bresil\/\">Br\u00e9sil<\/a>, qu\u2019Alon et sa compagnie <em>\u00ab n\u2019ont jamais re\u00e7ues \u00bb<\/em>. <em>\u00ab O\u00f9 sont-elles pass\u00e9es ? \u00bb, <\/em>s\u2019interrogeait-t-il. L\u2019Anglais Ray Whelan, un collaborateur de Byrom, a \u00e9t\u00e9 arr\u00eat\u00e9 \u00e0 Rio, durant le tournoi, dans le cadre du d\u00e9mant\u00e8lement d\u2019un r\u00e9seau de revente de billets au noir. Il a depuis \u00e9t\u00e9 blanchi.<\/p>\n<p>Proche de Michel Platini, candidat \u00e0 la succession de Blatter en f\u00e9vrier 2016, Alon accusait Valcke de lui avoir r\u00e9clam\u00e9 la moiti\u00e9 des profits \u00e0 <a class=\"lien_interne conjug\" title=\"Conjugaison du verbe venir\" href=\"http:\/\/conjugaison.lemonde.fr\/conjugaison\/troisieme-groupe\/venir\/\" target=\"_blank\">venir<\/a> (environ 2 millions de dollars, soit 1,75 million d\u2019euros) sur les 2 400 places allou\u00e9es \u00e0 JBS par la FIFA, qui concernent les<em> \u00ab douze meilleurs matchs\u00a0\u00bb<\/em> du Mondial 2014 s\u00e9lectionn\u00e9s par la F\u00e9d\u00e9ration internationale.<\/p>\n<p>Parmi les documents d\u00e9voil\u00e9s par Alon \u00adfigurait un e-mail de Valcke envoy\u00e9 en d\u00e9cembre 2013, dans lequel il admettait : <em>\u00ab\u200a Nous risquons tous des poursuites criminelles.\u200a \u00bb<\/em> Les avocats du Fran\u00e7ais, qui r\u00eavait \u00addepuis huit ans de <a class=\"lien_interne conjug\" title=\"Conjugaison du verbe succ\u00e9der\" href=\"http:\/\/conjugaison.lemonde.fr\/conjugaison\/premier-groupe\/succ%C3%A9der\/\" target=\"_blank\">succ\u00e9der<\/a> \u00e0 Blatter, avaient d\u00e9nonc\u00e9 des accusations <em>\u00ab \u00ab\u00a0fabriqu\u00e9es et scandaleuses \u00bb.<\/em><\/p>\n<h2 class=\"intertitre\">Le virement fait \u00e0 Jack Warner<\/h2>\n<p>Le 2 juin 2015, quelques heures avant l\u2019annonce de l\u2019abdication prochaine du Valaisan, le <em>New York Times<\/em> affirmait que le num\u00e9ro 2 de l\u2019organisation \u00e9tait dans le viseur de la justice am\u00e9ricaine. Selon les enqu\u00eateurs du FBI, le bras droit de Joseph Blatter aurait supervis\u00e9 le versement de 10 millions de dollars (9,1 millions d\u2019euros) \u00e0 Jack Warner, ex-patron de la Conf\u00e9d\u00e9ration d\u2019Am\u00e9rique du Nord, centrale et des Cara\u00efbes (Concacaf) et ancien vice-pr\u00e9sident de la FIFA, radi\u00e9 \u00e0 vie et qui fait aujourd\u2019hui partie des neuf responsables de la F\u00e9d\u00e9ration inculp\u00e9s par la <a class=\"lien_interne rub\" title=\"Toute l\u2019actualit\u00e9 justice\" href=\"http:\/\/www.lemonde.fr\/justice\/\">justice<\/a> am\u00e9ricaine pour corruption. Une transaction initi\u00e9e en 2008 par le comit\u00e9 d\u2019organisation du Mondial sud-africain de 2010 pour <a class=\"lien_interne conjug\" title=\"Conjugaison du verbe soutenir\" href=\"http:\/\/conjugaison.lemonde.fr\/conjugaison\/troisieme-groupe\/soutenir\/\" target=\"_blank\">soutenir<\/a> la \u00ab <em>diaspora africaine <\/em>\u00bb dans les Cara\u00efbes.<\/p>\n<p>Le patronyme de J\u00e9r\u00f4me Valcke ne figurait pas dans l\u2019acte d\u2019accusation d\u00e9pos\u00e9 mercredi 27 mai aupr\u00e8s du tribunal f\u00e9d\u00e9ral de Brooklyn. Interrog\u00e9 par le <em>New York Times,<\/em> J\u00e9r\u00f4me Valcke avait d\u00e9menti avoir autoris\u00e9 ce paiement, et assure ne pas en avoir le <a class=\"lien_interne conjug\" title=\"Conjugaison du verbe pouvoir\" href=\"http:\/\/conjugaison.lemonde.fr\/conjugaison\/troisieme-groupe\/pouvoir\/\" target=\"_blank\">pouvoir<\/a> La FIFA avait alors point\u00e9 la responsabilit\u00e9 de l\u2019Argentin Julio Grondona, vice-pr\u00e9sident en charge des <a class=\"lien_interne rub\" title=\"Toute l\u2019actualit\u00e9 finances\" href=\"http:\/\/www.lemonde.fr\/finance\/\">finances<\/a> et mort en juillet 2014.<\/p>\n<figure class=\"illustration_haut   \">&nbsp;<\/p>\n<p><img decoding=\"async\" class=\"lazy-retina aligncenter\" title=\"MICHAEL BUHOLZER \/ AFP\" src=\"http:\/\/s1.lemde.fr\/image2x\/2016\/02\/12\/534x0\/4864578_6_c6a4_joseph-blatter-et-jerome-valcke-le-29-mai_32d143464bb8bb4d250e5b9a1bdf8653.jpg\" alt=\"Joseph Blatter et J\u00e9r\u00f4me Valcke, le 29 mai 2015, \u00e0 Zurich.\" width=\"534\" data-lazyload=\"false\" data-no-hd-src=\"http:\/\/s1.lemde.fr\/image\/2016\/02\/12\/534x0\/4864578_6_c6a4_joseph-blatter-et-jerome-valcke-le-29-mai_32d143464bb8bb4d250e5b9a1bdf8653.jpg\" data-hd-src=\"http:\/\/s1.lemde.fr\/image2x\/2016\/02\/12\/534x0\/4864578_6_c6a4_joseph-blatter-et-jerome-valcke-le-29-mai_32d143464bb8bb4d250e5b9a1bdf8653.jpg\" \/><\/figure>\n<h2 class=\"intertitre\">Un ressuscit\u00e9<\/h2>\n<p>J\u00e9r\u00f4me Valcke passe pour un ressuscit\u00e9, rompu aux turpitudes, cabales et autres zones d\u2019ombre de la richissime f\u00e9d\u00e9ration. Ancien chef de la direction de la cha\u00eene <a class=\"lien_interne rub\" title=\"Toute l\u2019actualit\u00e9 Sport\" href=\"http:\/\/www.lemonde.fr\/afrique-sport\/\">Sport<\/a> + (1997-2002), le Parisien a ensuite \u0153uvr\u00e9 pour l\u2019agence de droits sportifs Sportfive, avant de <a class=\"lien_interne conjug\" title=\"Conjugaison du verbe prendre\" href=\"http:\/\/conjugaison.lemonde.fr\/conjugaison\/troisieme-groupe\/prendre\/\" target=\"_blank\">prendre<\/a> le poste de directeur du marketing et de la t\u00e9l\u00e9vision de la FIFA.<\/p>\n<p>En 2006, il est accus\u00e9 par MasterCard, partenaire de la Coupe du monde depuis 1990, de ne pas avoir respect\u00e9 une clause stipulant que le g\u00e9ant am\u00e9ricain est prioritaire pour <a class=\"lien_interne conjug\" title=\"Conjugaison du verbe reconduire\" href=\"http:\/\/conjugaison.lemonde.fr\/conjugaison\/troisieme-groupe\/reconduire\/\" target=\"_blank\">reconduire<\/a> son contrat. L\u2019affaire finit devant la Cour de justice de New York, et la FIFA verse 90 millions de dollars de d\u00e9dommagements \u00e0 MasterCard.<\/p>\n<p>Ayant n\u00e9goci\u00e9 avec Visa, le dirigeant fran\u00e7ais est alors limog\u00e9 par Blatter, mais il retrouve rapidement gr\u00e2ce aux yeux du septuag\u00e9naire. En juillet 2007, le polyglotte est nomm\u00e9 secr\u00e9taire g\u00e9n\u00e9ral de la f\u00e9d\u00e9ration, une promotion qui continue de <a class=\"lien_interne conjug\" title=\"Conjugaison du verbe poser\" href=\"http:\/\/conjugaison.lemonde.fr\/conjugaison\/premier-groupe\/poser\/\" target=\"_blank\">poser<\/a> encore question.<\/p>\n<p>Dans le dossier du \u00ab Qatargate \u00bb, ses d\u00e9tracteurs l\u2019accusent d\u2019avoir d\u00e9cid\u00e9 d\u2019attribuer en m\u00eame temps les Mondiaux 2018 et 2022 afin de <a class=\"lien_interne conjug\" title=\"Conjugaison du verbe rassurer\" href=\"http:\/\/conjugaison.lemonde.fr\/conjugaison\/premier-groupe\/rassurer\/\" target=\"_blank\">rassurer<\/a> les partenaires \u00e9conomiques de la FIFA, dont la marque Coca-Cola, et ainsi de <a class=\"lien_interne conjug\" title=\"Conjugaison du verbe favoriser\" href=\"http:\/\/conjugaison.lemonde.fr\/conjugaison\/premier-groupe\/favoriser\/\" target=\"_blank\">favoriser<\/a> une hausse de la valeur des contrats.<\/p>\n<h2 class=\"intertitre\">Mur\u00e9 dans le silence<\/h2>\n<p>Le 7 juillet 2010, J\u00e9r\u00f4me Valcke fut le signataire d\u2019une circulaire rappelant aux pays candidats \u00e0 l\u2019organisation des 21<sup>e<\/sup> et 22<sup>e<\/sup> \u00e9ditions de la Coupe du monde de<em> \u00ab s\u2019abstenir d\u2019essayer d\u2019influencer les membres du Comit\u00e9 ex\u00e9cutif de la FIFA (&#8230;) notamment en leur offrant des avantages pour des comportements particuliers \u00bb. <\/em>En mai 2011, dans un email adress\u00e9 \u00e0 Jack Warner, il avait accus\u00e9 le Qatar \u00ab <em>d\u2019avoir achet\u00e9 la Coupe du monde.<\/em> \u00bb<\/p>\n<p>A la t\u00eate de l\u2019imposante administration (350 salari\u00e9s) de la F\u00e9d\u00e9ration internationale durant huit ans, J\u00e9r\u00f4me Valcke avait indiqu\u00e9 qu\u2019il quitterait son poste lorsque Sepp Blatter remettrait son mandat \u00e0 disposition du congr\u00e8s de la FIFA, le 26 f\u00e9vrier 2016. Il a finalement \u00e9cop\u00e9 d\u2019une sanction plus lourde que son mentor, suspendu huit ans le 21 d\u00e9cembre 2015, \u00e0 l\u2019instar de Michel Platini.<\/p>\n<p>Se murant dans le silence depuis sa mise \u00e0 l\u2019\u00e9cart de la FIFA, J\u00e9r\u00f4me Valcke avait laiss\u00e9 <a class=\"lien_interne conjug\" title=\"Conjugaison du verbe entendre\" href=\"http:\/\/conjugaison.lemonde.fr\/conjugaison\/troisieme-groupe\/entendre\/\" target=\"_blank\">entendre<\/a> qu\u2019on n\u2019entendrait<em> \u00ab\u00a0plus <a class=\"lien_interne conjug\" title=\"Conjugaison du verbe parler\" href=\"http:\/\/conjugaison.lemonde.fr\/conjugaison\/premier-groupe\/parler\/\" target=\"_blank\">parler<\/a> \u00a0\u00bb <\/em>de lui apr\u00e8s son d\u00e9part de l\u2019organisation mondiale. En priv\u00e9, il accuse les m\u00e9dias et la F\u00e9d\u00e9ration internationale de l\u2019avoir \u00ab <em>tu\u00e9.\u00a0<\/em>\u00bb<\/p>\n<p class=\"lire\">Lire aussi\u00a0: <a href=\"http:\/\/www.lemonde.fr\/football\/article\/2015\/12\/17\/fifa-qui-est-hans-joachim-eckert-le-juge-de-blatter-et-platini_4834027_1616938.html\">FIFA\u00a0: qui est Hans-Joachim Eckert, le \u00ab\u00a0juge\u00a0\u00bb de Blatter et Platini\u00a0?<\/a><\/p>\n<div class=\"btn_lecture_zen btn_offre_decouverte_zen\"><\/div>\n<\/div>\n<p><a href=\"http:\/\/www.lemonde.fr\/football\/article\/2016\/02\/12\/fifa-l-ex-numero-2-jerome-valcke-suspendu-douze-ans_4864492_1616938.html#zUFVtrmxxc01ki9V.99\">LE MONDE \u00a0\u00a0<\/a><\/p>\n","protected":false},"excerpt":{"rendered":"<p>Par R\u00e9mi Dupr\u00e9 Ancien secr\u00e9taire g\u00e9n\u00e9ral de la F\u00e9d\u00e9ration internationale de football (FIFA) de 2007 \u00e0 2015, le Fran\u00e7ais J\u00e9r\u00f4me Valcke, 55 ans, a \u00e9t\u00e9 suspendu douze ans, vendredi 12 f\u00e9vrier, par le comit\u00e9 d\u2019\u00e9thique de l\u2019instance plan\u00e9taire. D\u00e9mis de ses fonctions en septembre, suspendu provisoirement pour 90 jours en octobre, limog\u00e9 mi-janvier, l\u2019ex-bras droit<\/p>\n","protected":false},"author":134,"featured_media":9384,"comment_status":"open","ping_status":"open","sticky":false,"template":"","format":"standard","meta":{"_uf_show_specific_survey":0,"_uf_disable_surveys":false,"footnotes":""},"categories":[361],"tags":[],"class_list":{"0":"post-9382","1":"post","2":"type-post","3":"status-publish","4":"format-standard","5":"has-post-thumbnail","7":"category-sport-international"},"aioseo_notices":[],"_links":{"self":[{"href":"https:\/\/middleeasttransparent.com\/fr\/wp-json\/wp\/v2\/posts\/9382","targetHints":{"allow":["GET"]}}],"collection":[{"href":"https:\/\/middleeasttransparent.com\/fr\/wp-json\/wp\/v2\/posts"}],"about":[{"href":"https:\/\/middleeasttransparent.com\/fr\/wp-json\/wp\/v2\/types\/post"}],"author":[{"embeddable":true,"href":"https:\/\/middleeasttransparent.com\/fr\/wp-json\/wp\/v2\/users\/134"}],"replies":[{"embeddable":true,"href":"https:\/\/middleeasttransparent.com\/fr\/wp-json\/wp\/v2\/comments?post=9382"}],"version-history":[{"count":0,"href":"https:\/\/middleeasttransparent.com\/fr\/wp-json\/wp\/v2\/posts\/9382\/revisions"}],"wp:featuredmedia":[{"embeddable":true,"href":"https:\/\/middleeasttransparent.com\/fr\/wp-json\/wp\/v2\/media\/9384"}],"wp:attachment":[{"href":"https:\/\/middleeasttransparent.com\/fr\/wp-json\/wp\/v2\/media?parent=9382"}],"wp:term":[{"taxonomy":"category","embeddable":true,"href":"https:\/\/middleeasttransparent.com\/fr\/wp-json\/wp\/v2\/categories?post=9382"},{"taxonomy":"post_tag","embeddable":true,"href":"https:\/\/middleeasttransparent.com\/fr\/wp-json\/wp\/v2\/tags?post=9382"}],"curies":[{"name":"wp","href":"https:\/\/api.w.org\/{rel}","templated":true}]}}