{"id":9367,"date":"2016-02-12T10:33:33","date_gmt":"2016-02-12T09:33:33","guid":{"rendered":"http:\/\/middleeasttransparent.com\/?p=9367"},"modified":"2016-05-09T19:27:50","modified_gmt":"2016-05-09T18:27:50","slug":"en-iran-les-reformateurs-reduits-a-la-portion-congrue","status":"publish","type":"post","link":"https:\/\/middleeasttransparent.com\/fr\/en-iran-les-reformateurs-reduits-a-la-portion-congrue\/","title":{"rendered":"En Iran, les r\u00e9formateurs r\u00e9duits \u00e0 la portion congrue"},"content":{"rendered":"<p class=\"tt2\"><strong>\u00a0<span class=\"signature_article\">Par <span class=\"auteur txt2_120\"><a class=\"auteur\" href=\"http:\/\/www.lemonde.fr\/journaliste\/louis-imbert\/\" target=\"_blank\">Louis Imbert<\/a> (T\u00e9h\u00e9ran, envoy\u00e9 sp\u00e9cial)<\/span><\/span><\/strong><\/p>\n<div class=\"toolbar\"><\/div>\n<div id=\"articleBody\" class=\"contenu_article js_article_body\">\n<p class=\"taille_courante\"><strong>Il est le symbole du revers subi par les r\u00e9formateurs, proches du pr\u00e9sident iranien, Hassan Rohani. Mardi 10\u00a0f\u00e9vrier, Hassan Khomeyni, petit-fils du fondateur de la R\u00e9publique islamique, Rouhollah Khomeyni, a vu sa candidature officiellement rejet\u00e9e par les autorit\u00e9s charg\u00e9es de <a class=\"lien_interne conjug\" title=\"Conjugaison du verbe d\u00e9signer\" href=\"http:\/\/conjugaison.lemonde.fr\/conjugaison\/premier-groupe\/d%C3%A9signer\/\" target=\"_blank\">d\u00e9signer<\/a> les postulants \u00e0 l\u2019\u00e9lection de l\u2019Assembl\u00e9e des experts, un organe-cl\u00e9 du r\u00e9gime iranien, pr\u00e9vue le 26. Ce clerc de 43 ans, qui g\u00e8re le mausol\u00e9e de son grand-p\u00e8re dans la banlieue de T\u00e9h\u00e9ran et le premier des descendants du Guide \u00e0 se <a class=\"lien_interne conjug\" title=\"Conjugaison du verbe pr\u00e9senter\" href=\"http:\/\/conjugaison.lemonde.fr\/conjugaison\/premier-groupe\/pr%C3%A9senter\/\" target=\"_blank\">pr\u00e9senter<\/a> \u00e0 une \u00e9lection, <em>\u00ab\u00a0n\u2019a pas suffisamment de connaissances religieuses\u00a0\u00bb,<\/em> ont estim\u00e9 les douze \u00ab\u00a0gardiens\u00a0\u00bb en charge de ce tri. Seules 110 candidatures sur 800 ont \u00e9t\u00e9 accept\u00e9es.<\/strong><\/p>\n<p>Hassan Khomeyni est un \u00ab\u00a0mojtahed\u00a0\u00bb parmi plusieurs milliers\u00a0: un professeur de droit islamique reconnu \u00e0 Qom, capitale du clerg\u00e9 chiite iranien, o\u00f9 son nom circule, parmi d\u2019autres, comme possible successeur du Guide supr\u00eame, Ali Khamenei. Ce dernier est \u00e2g\u00e9 de 76 ans et la prochaine Assembl\u00e9e des experts, un conseil de 88 religieux, pourrait bien <a class=\"lien_interne conjug\" title=\"Conjugaison du verbe \u00eatre\" href=\"http:\/\/conjugaison.lemonde.fr\/conjugaison\/auxiliaire\/%C3%AAtre\/\" target=\"_blank\">\u00eatre<\/a> charg\u00e9e de <a class=\"lien_interne conjug\" title=\"Conjugaison du verbe nommer\" href=\"http:\/\/conjugaison.lemonde.fr\/conjugaison\/premier-groupe\/nommer\/\" target=\"_blank\">nommer<\/a>son successeur.<\/p>\n<h2 class=\"intertitre\">Invalidations<\/h2>\n<p>Pour ses partisans, M.\u00a0Khomeyni paie son soutien au courant r\u00e9formateur. Il a \u00e9galement d\u00e9fendu la lib\u00e9ration de ses deux dirigeants, Mir Hossein Moussavi et Mehdi Karoubi, en r\u00e9sidence surveill\u00e9e depuis la vague de r\u00e9pression qui a suivi la r\u00e9\u00e9lection contest\u00e9e de Mahmoud Ahmadinejad \u00e0 la pr\u00e9sidence, en juin\u00a02009.<\/p>\n<p>Le camp r\u00e9formateur a \u00e9galement subi une d\u00e9faite en vue des \u00e9lections l\u00e9gislatives, qui se d\u00e9rouleront aussi le 26\u00a0f\u00e9vrier. A peine 1\u00a0% de ses candidats r\u00e9formistes ont \u00e9t\u00e9 valid\u00e9s en janvier, selon le groupe. Ces invalidations avaient \u00e9t\u00e9 vivement critiqu\u00e9es par le pr\u00e9sident Rohani. Samedi, quelque 1\u00a0500 candidats, sur un total de 12\u00a0000, toutes <a class=\"lien_interne rub\" title=\"Toute l\u2019actualit\u00e9 tendances\" href=\"http:\/\/www.lemonde.fr\/tendances\/\">tendances<\/a> politiques confondues, ont \u00e9t\u00e9 rep\u00each\u00e9s\u00a0: des r\u00e9formateurs figurent parmi eux, mais les principales figures et l\u2019essentiel du mouvement demeurent bannis du champ <a class=\"lien_interne rub\" title=\"Toute l\u2019actualit\u00e9 politique\" href=\"http:\/\/www.lemonde.fr\/politique\/\">politique<\/a>.<\/p>\n<p class=\"lire marqueur_restreint_atome\">Lire aussi\u00a0: <a href=\"http:\/\/www.lemonde.fr\/international\/article\/2016\/01\/29\/hassan-rohani-la-lutte-contre-le-terrorisme-doit-etre-la-base-de-tout-en-syrie_4855748_3210.html\">Hassan Rohani\u00a0: \u00ab\u00a0La lutte contre le terrorisme doit \u00eatre la base de tout\u00a0\u00bb en Syrie<\/a><\/p>\n<p>Ses dirigeants n\u2019ont cependant d\u2019autre choix que d\u2019appeler les \u00e9lecteurs \u00e0 <a class=\"lien_interne conjug\" title=\"Conjugaison du verbe voter\" href=\"http:\/\/conjugaison.lemonde.fr\/conjugaison\/premier-groupe\/voter\/\" target=\"_blank\">voter<\/a>, malgr\u00e9 tout, dans deux semaines. L\u2019ex-pr\u00e9sident Mohammad Khatami, figure de proue du mouvement, que la presse a d\u00e9sormais interdiction de <a class=\"lien_interne conjug\" title=\"Conjugaison du verbe citer\" href=\"http:\/\/conjugaison.lemonde.fr\/conjugaison\/premier-groupe\/citer\/\" target=\"_blank\">citer<\/a>, a estim\u00e9 qu\u2019il demeurait <em>\u00ab\u00a0une lueur d\u2019espoir\u00a0\u00bb<\/em> dans les listes constitu\u00e9es par des r\u00e9formateurs et des candidats centristes, partisans de M.\u00a0Rohani. Il voyait dans cette \u00e9lection <em>\u00ab\u00a0un moyen de <a class=\"lien_interne conjug\" title=\"Conjugaison du verbe rassembler\" href=\"http:\/\/conjugaison.lemonde.fr\/conjugaison\/premier-groupe\/rassembler\/\" target=\"_blank\">rassembler<\/a> les gens et d\u2019en <a class=\"lien_interne conjug\" title=\"Conjugaison du verbe finir\" href=\"http:\/\/conjugaison.lemonde.fr\/conjugaison\/deuxieme-groupe\/finir\/\" target=\"_blank\">finir<\/a> avec l\u2019atmosph\u00e8re s\u00e9curitaire et pessimiste\u00a0\u00bb <\/em>actuelle.<\/p>\n<h2 class=\"intertitre\">Retour \u00e0 l\u2019ordre<\/h2>\n<p>Il s\u2019agit pour les r\u00e9formateurs de <a class=\"lien_interne conjug\" title=\"Conjugaison du verbe participer\" href=\"http:\/\/conjugaison.lemonde.fr\/conjugaison\/premier-groupe\/participer\/\" target=\"_blank\">participer<\/a>, au moins symboliquement, \u00e0 une forme de retour \u00e0 la normale qu\u2019incarne la pr\u00e9sidence d\u2019Hassan Rohani. Ces l\u00e9gislatives, d\u2019importance limit\u00e9e \u2013 la Chambre est essentiellement dot\u00e9e d\u2019un <a class=\"lien_interne conjug\" title=\"Conjugaison du verbe pouvoir\" href=\"http:\/\/conjugaison.lemonde.fr\/conjugaison\/troisieme-groupe\/pouvoir\/\" target=\"_blank\">pouvoir<\/a> de blocage et les parlementaires sont \u00e9lus sur des enjeux locaux \u2013, marquent cependant une recomposition du syst\u00e8me <a class=\"lien_interne rub\" title=\"Toute l\u2019actualit\u00e9 politique\" href=\"http:\/\/www.lemonde.fr\/afrique-politique\/\">politique<\/a> iranien, qui tente de <a class=\"lien_interne conjug\" title=\"Conjugaison du verbe rejeter\" href=\"http:\/\/conjugaison.lemonde.fr\/conjugaison\/premier-groupe\/rejeter\/\" target=\"_blank\">rejeter<\/a> ses extr\u00eames des deux bords apr\u00e8s huit ann\u00e9es de pr\u00e9sidence ultraconservatrice de M. Ahmadinejad.<\/p>\n<p>Les nationalistes et les r\u00e9volutionnaires les plus bruyants, partisans de la confrontation avec l\u2019Occident sur le dossier <a class=\"lien_interne rub\" title=\"Toute l\u2019actualit\u00e9 nucl\u00e9aire\" href=\"http:\/\/www.lemonde.fr\/nucleaire\/\">nucl\u00e9aire<\/a> et d\u2019une \u00e9conomie \u00e9tatique d\u00e9gag\u00e9e des influences \u00e9trang\u00e8res, ont rompu cette semaine avec le leadership traditionnel du camp conservateur. Ils accusent le pr\u00e9sident conservateur du Parlement, Ali Larijani, de <a class=\"lien_interne conjug\" title=\"Conjugaison du verbe suivre\" href=\"http:\/\/conjugaison.lemonde.fr\/conjugaison\/troisieme-groupe\/suivre\/\" target=\"_blank\">suivre<\/a> servilement le pr\u00e9sident Rohani depuis deux ans. <em>\u00ab\u00a0Dans de nombreuses <a class=\"lien_interne rub\" title=\"Toute l\u2019actualit\u00e9 villes\" href=\"http:\/\/www.lemonde.fr\/villes\/\">villes<\/a>, il n\u2019y a plus ou peu de candidats r\u00e9formateurs\u00a0: les conservateurs ont le champ libre et se battent d\u00e9sormais entre eux\u00a0\u00bb<\/em>, estime Maziar Khosravi, chef du service politique du quotidien r\u00e9formateur <em>Shargh<\/em>.<\/p>\n<p>Les conservateurs ayant rejoint le vaste champ de la \u00ab\u00a0mod\u00e9ration\u00a0\u00bb estiment, pour leur part, qu\u2019il faut <a class=\"lien_interne conjug\" title=\"Conjugaison du verbe influer\" href=\"http:\/\/conjugaison.lemonde.fr\/conjugaison\/premier-groupe\/influer\/\" target=\"_blank\">influer<\/a> sur l\u2019ouverture \u00e9conomique engag\u00e9e par M. Rohani, \u00e0 la suite de la lev\u00e9e de l\u2019essentiel des sanctions \u00e9conomiques internationales adopt\u00e9es pendant dix ans par l\u2019Occident. Ils chercheront \u00e0 <a class=\"lien_interne conjug\" title=\"Conjugaison du verbe limiter\" href=\"http:\/\/conjugaison.lemonde.fr\/conjugaison\/premier-groupe\/limiter\/\" target=\"_blank\">limiter<\/a> les avanc\u00e9es sur le plan des libert\u00e9s individuelles, \u00e0 <a class=\"lien_interne conjug\" title=\"Conjugaison du verbe orienter\" href=\"http:\/\/conjugaison.lemonde.fr\/conjugaison\/premier-groupe\/orienter\/\" target=\"_blank\">orienter<\/a> et \u00e0\u00a0<a class=\"lien_interne conjug\" title=\"Conjugaison du verbe cloisonner\" href=\"http:\/\/conjugaison.lemonde.fr\/conjugaison\/premier-groupe\/cloisonner\/\" target=\"_blank\">cloisonner<\/a> les investissements \u00e9trangers. <em>\u00ab\u00a0Nous verrons si les \u00e9lecteurs sont capables de nous suivre dans le rejet du radicalisme\u00a0\u00bb, <\/em>estime Amir Mohebbian, un <a class=\"lien_interne conjug\" title=\"Conjugaison du verbe conseiller\" href=\"http:\/\/conjugaison.lemonde.fr\/conjugaison\/premier-groupe\/conseiller\/\" target=\"_blank\">conseiller<\/a> de M. Larijani, un ancien \u00ab\u00a0ultra\u00a0\u00bb d\u00e9sormais assagi.<\/p>\n<\/div>\n<p><a href=\"http:\/\/www.lemonde.fr\/proche-orient\/article\/2016\/02\/11\/en-iran-les-reformateurs-reduits-a-la-portion-congrue_4863204_3218.html#kPyoqhiq5wipHohm.99\">LE MONDE\u00a0<\/a><\/p>\n","protected":false},"excerpt":{"rendered":"<p>\u00a0Par Louis Imbert (T\u00e9h\u00e9ran, envoy\u00e9 sp\u00e9cial) Il est le symbole du revers subi par les r\u00e9formateurs, proches du pr\u00e9sident iranien, Hassan Rohani. Mardi 10\u00a0f\u00e9vrier, Hassan Khomeyni, petit-fils du fondateur de la R\u00e9publique islamique, Rouhollah Khomeyni, a vu sa candidature officiellement rejet\u00e9e par les autorit\u00e9s charg\u00e9es de d\u00e9signer les postulants \u00e0 l\u2019\u00e9lection de l\u2019Assembl\u00e9e des experts,<\/p>\n","protected":false},"author":134,"featured_media":9368,"comment_status":"open","ping_status":"open","sticky":false,"template":"","format":"standard","meta":{"_uf_show_specific_survey":0,"_uf_disable_surveys":false,"footnotes":""},"categories":[22],"tags":[],"class_list":{"0":"post-9367","1":"post","2":"type-post","3":"status-publish","4":"format-standard","5":"has-post-thumbnail","7":"category-actualites-fr"},"aioseo_notices":[],"_links":{"self":[{"href":"https:\/\/middleeasttransparent.com\/fr\/wp-json\/wp\/v2\/posts\/9367","targetHints":{"allow":["GET"]}}],"collection":[{"href":"https:\/\/middleeasttransparent.com\/fr\/wp-json\/wp\/v2\/posts"}],"about":[{"href":"https:\/\/middleeasttransparent.com\/fr\/wp-json\/wp\/v2\/types\/post"}],"author":[{"embeddable":true,"href":"https:\/\/middleeasttransparent.com\/fr\/wp-json\/wp\/v2\/users\/134"}],"replies":[{"embeddable":true,"href":"https:\/\/middleeasttransparent.com\/fr\/wp-json\/wp\/v2\/comments?post=9367"}],"version-history":[{"count":0,"href":"https:\/\/middleeasttransparent.com\/fr\/wp-json\/wp\/v2\/posts\/9367\/revisions"}],"wp:featuredmedia":[{"embeddable":true,"href":"https:\/\/middleeasttransparent.com\/fr\/wp-json\/wp\/v2\/media\/9368"}],"wp:attachment":[{"href":"https:\/\/middleeasttransparent.com\/fr\/wp-json\/wp\/v2\/media?parent=9367"}],"wp:term":[{"taxonomy":"category","embeddable":true,"href":"https:\/\/middleeasttransparent.com\/fr\/wp-json\/wp\/v2\/categories?post=9367"},{"taxonomy":"post_tag","embeddable":true,"href":"https:\/\/middleeasttransparent.com\/fr\/wp-json\/wp\/v2\/tags?post=9367"}],"curies":[{"name":"wp","href":"https:\/\/api.w.org\/{rel}","templated":true}]}}