{"id":92894,"date":"2022-02-02T12:08:57","date_gmt":"2022-02-02T11:08:57","guid":{"rendered":"https:\/\/middleeasttransparent.com\/?p=92894"},"modified":"2022-02-12T21:14:58","modified_gmt":"2022-02-12T20:14:58","slug":"et-si-le-variant-omicron-etait-la-solution","status":"publish","type":"post","link":"https:\/\/middleeasttransparent.com\/fr\/et-si-le-variant-omicron-etait-la-solution\/","title":{"rendered":"Et si le variant Omicron \u00e9tait la solution\u00a0?"},"content":{"rendered":"<h3><span style=\"color: #666699;\">Ce dernier variant du Covid-19 aurait d\u00fb \u00eatre f\u00eat\u00e9, comme je l\u2019avais pr\u00e9conis\u00e9 d\u00e9but janvier et d\u00fbment \u00e9crit, le 6 janvier, \u00e0 l\u2019\u00c9piphanie, autour d\u2019une bonne galette pour 6 personnes dans laquelle auraient \u00e9t\u00e9 cach\u00e9es 6 doses de vaccins, une dose issue de chaque laboratoire, qui s\u2019est couvert de gloire pour absolument rien\u00a0! Les couronnes leur auraient \u00e9t\u00e9 attribu\u00e9s &#8211; \u00e0 ne pas m\u00e2cher bien s\u00fbr-, du moment qu\u2019elles sont en carton\u2026<\/span><\/h3>\n<p>&nbsp;<\/p>\n<p class=\"p1\"><b><br \/>\nCe que l\u2019Homme se prenant pour Dieu a tent\u00e9 de faire et surtout de contraindre \u00e0 faire, la Nature, plus modeste et plus digne de confiance, est en train de le r\u00e9parer. J\u2019avoue avoir \u00e9t\u00e9 l\u00e2che de demander \u00e0 Middle East Transparent de retirer mon article publi\u00e9 le 5 janvier l\u2019espace de 24 courtes heures. Je le publie maintenant en assumant mes propos et avec la fiert\u00e9 d\u2019avoir eu raison.<\/b><\/p>\n<p class=\"p1\">Personne ne remet en question la nocivit\u00e9 du Covid-19, encore moins lorsque le variant anglais est apparu. Personne n\u2019a oubli\u00e9 ou n\u2019oublie ces centaines de milliers de personnes fauch\u00e9es par cet inf\u00e2me virus, \u00e0 l\u2019image de l\u2019humain 2.0, certainement fait main. Surtout lorsqu\u2019on a perdu des proches et que la douleur de la perte est encore tr\u00e8s vive ; pertes qui ont eu lieu (pour la majorit\u00e9 des cas) non pas \u00e0 cause du virus lui-m\u00eame, mais par le retard mis \u00e0 le soigner, voire m\u00eame, en prenant l\u2019exemple de la France \u00e0 cause de l\u2019interdiction faite aux m\u00e9decins de prescrire\u2026 et de gu\u00e9rir.<\/p>\n<p class=\"p1\">Or, entre le Doliprane et l\u2019intubation, il y a un large \u00e9ventail d\u2019antiviraux et autres boosters d\u2019immunit\u00e9 qui agissent et qui sauvent des vies. On l\u2019a essay\u00e9 et \u00e7a a march\u00e9 chez les personnes qui n\u2019ont pas de comorbidit\u00e9.<\/p>\n<p class=\"p1\">J\u2019ai contract\u00e9 le Covid-19 il y a 13 mois, dans la nuit du 1er au 2 janvier 2021, et j\u2019ai commenc\u00e9 \u00e0 le combattre avant m\u00eame d\u2019attendre les r\u00e9sultats de ma PCR. Tenant compte des sympt\u00f4mes, il ne pouvait s\u2019agir que de cela, je n\u2019avais jamais \u00e9prouv\u00e9 des douleurs aussi intenses que rien ne calmait. J\u2019ai fait ce qu\u2019on appelle aujourd\u2019hui un \u00ab Covid long \u00bb qui a laiss\u00e9 des s\u00e9quelles traumatisantes que j\u2019ai mis des mois \u00e0 \u00ab r\u00e9parer \u00bb.<\/p>\n<p class=\"p1\">Dans un premier temps, je voulais prendre le premier vaccin qui serait disponible au Liban. Puis, petit \u00e0 petit, j\u2019ai r\u00e9alis\u00e9 que les vaccins \u00e9taient \u00ab politis\u00e9s \u00bb.\u00a0 Que certains \u00e9taient reconnus en Europe et d\u2019autres pas. Que le vaccin chinois n\u2019offrait curieusement aucune immunit\u00e9 alors que le coronavirus est \u00ab Made in China \u00bb, que l\u2019Astrazeneca ne prot\u00e9geait qu\u2019\u00e0 60%, etc. En gros, il y avait toutes les semaines des v\u00e9rit\u00e9s et des contre-v\u00e9rit\u00e9s.<\/p>\n<p class=\"p1\">J\u2019ai reconsid\u00e9r\u00e9 ma position d\u2019autant plus que les anticorps, acquis \u00e0 la sueur de ma souffrance personnelle, \u00e9taient nombreux et me prot\u00e9geaient mille fois plus que ceux induits en labo. Puis la course entre les variants et les vaccins a commenc\u00e9, plus on vaccinait, plus le virus se r\u00e9pliquait et revenait masqu\u00e9, sous un autre nom. C\u2019est ainsi que les moins \u00e9rudits ont fait connaissance avec l\u2019alphabet grec et c\u2019est bien dommage qu\u2019ils l\u2019aient appris ainsi. La Gr\u00e8ce poss\u00e8de des lettres de noblesse bien plus reluisantes que celles port\u00e9es par un horrible virus tueur.<\/p>\n<p class=\"p1\">Venons-en aux faits : je suis sans doute l&rsquo;une des personnes les plus concern\u00e9es (voire passionn\u00e9es) par les avanc\u00e9es de la m\u00e9decine et une pro vaccins jusqu\u2019\u00e0 l\u2019overdose. Je ne suis ni naturopathe ni hom\u00e9opathe. J\u2019adore la chimie et les m\u00e9dicaments \u00ab classiques \u00bb. J\u2019ai fait faire \u00e0 mes enfants (et \u00e0 moi-m\u00eame) tous les vaccins qui pourraient les\/me prot\u00e9ger contre un virus, d\u2019en tomber malade, et\/ou de le transmettre. Mais quand on me propose une injection encore au stade exp\u00e9rimental, \u00e0 laquelle je dois consentir pleinement et y souscrire aveugl\u00e9ment -sans aucun recours possible- puisque l\u2019urgence pand\u00e9mique l\u2019impose, je ne me jette pas les yeux ferm\u00e9s. Surtout quand ledit \u00ab vaccin \u00bb n\u2019emp\u00eache ni la contamination ni la transmission, mais \u00ab att\u00e9nuerait les formes graves \u00bb, et encore\u2026<\/p>\n<p>\u00c0 ce stade, autant dire que je me suis totalement refroidie, d&rsquo;autant plus que les variants se d\u00e9veloppent \u00e0 une vitesse incroyable et \u00e9chappent \u00e0 la protection vaccinale. Branle-bas de combat, on recommande, que dis-je, on impose un \u00ab booster \u00bb, une troisi\u00e8me dose. Puis un <i>pass<\/i> sanitaire et l\u00e0 un <i>pass <\/i>vaccinal avec QR code et\u00a0<i>tutti quanti.<\/i><\/p>\n<p class=\"p1\">Alors c\u2019est non, mille fois non, d\u2019autant que le variant Omicron semble faire du bon boulot sans trop de d\u00e9g\u00e2ts et pourrait peut-\u00eatre offrir enfin au monde cette <i>herd immunity<\/i> (immunit\u00e9 du troupeau) naturelle qui mettrait id\u00e9alement fin \u00e0 la pand\u00e9mie.<\/p>\n<p class=\"p1\">Lorsqu\u2019on arrive au point de porter atteinte aux libert\u00e9s individuelles, \u00e7a ne rigole plus, c\u2019est louche, c\u2019est immonde.<\/p>\n<p>Aussi, lorsque beaucoup de personnes vaccin\u00e9es se prom\u00e8nent sans masques, font des bisous et vous \u00e9ternuent \u00e0 la figure, ce n\u2019est plus vous &#8211; qui portez un double masque et respectez les gestes barri\u00e8res de mani\u00e8re obsessionnelle- qui \u00eates en d\u00e9faut, mais bien ceux qui vous toisent du haut de leur troisi\u00e8me dose qui non seulement ne les prot\u00e8ge de rien, mais qui sont eux-m\u00eames dangereux pour vous !<\/p>\n<p>On ne peut pas cliver le monde entre vaccin\u00e9s et non-vaccin\u00e9s, et faire des non-vaccin\u00e9s les boucs \u00e9missaires de l\u2019\u00e9chec monumental d\u2019une strat\u00e9gie sanitaire qui ne les concerne pas. Les non-vaccin\u00e9s, eux, prot\u00e8gent les autres et se prot\u00e8gent. Ils sont en mode confinement \u00e0 temps plein. Ce sont les vaccin\u00e9s, forts d\u2019une immunit\u00e9 illusoire, qui se sont d\u00e9barrass\u00e9s de leurs masques, m\u00e8nent une vie normale et contaminent \u00e0 tout-va\u00a0!<\/p>\n<p class=\"p1\">Je pense sinc\u00e8rement que le monde va mal et qu\u2019il y a une d\u00e9rive et un clivage malsains qu\u2019il faut absolument stopper. En tous cas, en ce qui me concerne, je vis en misanthrope et je ne risque pas de contaminer quiconque. Je n\u2019ai aucun probl\u00e8me \u00e0 ne plus prendre l\u2019avion si cette histoire de\u00a0<i>pass<\/i>\u00a0n\u2019est pas assouplie, voire \u00e0 rayer purement et simplement l\u2019option voyage de ma vie en attendant que le monde recommence \u00e0 tourner rond.<span class=\"Apple-converted-space\">\u00a0<\/span><\/p>\n<p class=\"p1\">Je ne me soumettrai pas \u00e0 cette r\u00e9pression honteuse. Il m\u2019appartient \u00e0 moi seule de d\u00e9cider ce que je souhaite me faire injecter dans le corps ou pas. Et puis cette pand\u00e9mie g\u00e9r\u00e9e par le trio \u00ab\u00a0laboratoires, politiciens, m\u00e9dias\u00a0\u00bb s\u2019est av\u00e9r\u00e9e \u00eatre le flop du si\u00e8cle. Il fallait r\u00e9unir les chercheurs et les virologues du monde entier et leur donner tous les moyens d\u2019agir. C\u2019est \u00e0 eux qu\u2019incombe la t\u00e2che de trouver une cure et un vaccin. Mais une cure d\u2019abord. Au lieu de cela, la gestion a \u00e9t\u00e9 confi\u00e9e \u00e0 des personnes aussi \u00e9loign\u00e9es de la m\u00e9decine qu\u2019un aller-retour sur la plan\u00e8te Mars.<\/p>\n<p class=\"p1\">L\u2019h\u00e9catombe en Italie, et l\u2019inaction des pays voisins, \u00e7a ne vous dit rien ? L\u2019absence de masques, les h\u00f4pitaux priv\u00e9s de tout en France, aussi ? La fermeture r\u00e9cente de centaines de milliers de lits, pourquoi ? Pour sonner l\u2019alarme, semer la terreur et dire que les h\u00f4pitaux sont \u00ab satur\u00e9s \u00bb par les cas Covid et inciter ainsi les r\u00e9calcitrants \u00e0 se soumettre \u00e0 la vaccination ? Puis forger un gouffre entre les vaccin\u00e9s et les non-vaccin\u00e9s est inf\u00e2me. \u00c7a fait penser \u00e0 un remake de la peste des temps modernes\u2026<\/p>\n<p class=\"p1\">La bonne nouvelle dans tout \u00e7a, parce qu\u2019il faut quand m\u00eame conclure sur une note positive, ce sont les 15 000 m\u00e9decins et virologues du monde entier qui se sont ralli\u00e9s et ont sign\u00e9 derni\u00e8rement une convention d\u00e9non\u00e7ant ces pratiques. Le bras de fer ne fait que commencer\u2026<\/p>\n<p>Pour ma part, je ne me ferais vacciner que lorsque je serais convaincue que le vaccin est LA solution pour en finir avec le Covid, de pr\u00e9f\u00e9rence d\u00e8s qu\u2019un vaccin travaill\u00e9 selon les bonnes vieilles m\u00e9thodes d\u00e9pourvues d\u2019effets secondaires verra le jour et d\u2019ici l\u00e0 (je le souhaite tr\u00e8s fort), peut-\u00eatre que je n&rsquo;en aurais plus besoin !<\/p>\n<p class=\"p1\"><i>PS\u00a0: Si mon m\u00e9decin traitant tombe sur ce papier, il me passerait un de ces savons ! \ud83d\ude09<\/i><\/p>\n<p class=\"p1\"><i><br \/>\nPS2\u00a0: Comme par hasard, un pays apr\u00e8s l\u2019autre souhaite reprendre \u00ab\u00a0la vie d\u2019avant le Covid-19\u00a0\u00bb, les mesures s\u2019assouplissent partout, et le pass vaccinal devrait \u00eatre lev\u00e9 d\u2019ici fin mars en France\u2026 Humm, les \u00e9lections sont aux portes et il faut quand m\u00eame rallier les voix de ceux qui avaient envie d\u2019emmerder \u00e0 leur tour celui qui avait \u00ab\u00a0envie de les emmerder\u00a0\u00bb alors que qu\u2019il \u00e9tait leur candidat naturel\u2026\u00c0 voir, \u00e0 voir\u2026<\/i><\/p>\n<p class=\"p1\"><i><br \/>\nPS3\u00a0: Je b\u00e9nis mes anticorps naturels encore pr\u00e9sents \u00e0 l\u2019appel et en quantit\u00e9 bien au-del\u00e0 de celle que j\u2019esp\u00e9rais.<\/i><\/p>\n<p>lestoilesfilantesdebbi@gmail.com<\/p>\n<p class=\"p1\">*Beyrouth<\/p>\n","protected":false},"excerpt":{"rendered":"<p>Ce dernier variant du Covid-19 aurait d\u00fb \u00eatre f\u00eat\u00e9, comme je l\u2019avais pr\u00e9conis\u00e9 d\u00e9but janvier et d\u00fbment \u00e9crit, le 6 janvier, \u00e0 l\u2019\u00c9piphanie, autour d\u2019une bonne galette pour 6 personnes dans laquelle auraient \u00e9t\u00e9 cach\u00e9es 6 doses de vaccins, une dose issue de chaque laboratoire, qui s\u2019est couvert de gloire pour absolument rien\u00a0! Les couronnes<\/p>\n","protected":false},"author":139,"featured_media":93636,"comment_status":"open","ping_status":"open","sticky":false,"template":"","format":"standard","meta":{"_uf_show_specific_survey":0,"_uf_disable_surveys":false,"footnotes":""},"categories":[37],"tags":[],"class_list":{"0":"post-92894","1":"post","2":"type-post","3":"status-publish","4":"format-standard","5":"has-post-thumbnail","7":"category-alaune-fr"},"aioseo_notices":[],"_links":{"self":[{"href":"https:\/\/middleeasttransparent.com\/fr\/wp-json\/wp\/v2\/posts\/92894","targetHints":{"allow":["GET"]}}],"collection":[{"href":"https:\/\/middleeasttransparent.com\/fr\/wp-json\/wp\/v2\/posts"}],"about":[{"href":"https:\/\/middleeasttransparent.com\/fr\/wp-json\/wp\/v2\/types\/post"}],"author":[{"embeddable":true,"href":"https:\/\/middleeasttransparent.com\/fr\/wp-json\/wp\/v2\/users\/139"}],"replies":[{"embeddable":true,"href":"https:\/\/middleeasttransparent.com\/fr\/wp-json\/wp\/v2\/comments?post=92894"}],"version-history":[{"count":0,"href":"https:\/\/middleeasttransparent.com\/fr\/wp-json\/wp\/v2\/posts\/92894\/revisions"}],"wp:featuredmedia":[{"embeddable":true,"href":"https:\/\/middleeasttransparent.com\/fr\/wp-json\/wp\/v2\/media\/93636"}],"wp:attachment":[{"href":"https:\/\/middleeasttransparent.com\/fr\/wp-json\/wp\/v2\/media?parent=92894"}],"wp:term":[{"taxonomy":"category","embeddable":true,"href":"https:\/\/middleeasttransparent.com\/fr\/wp-json\/wp\/v2\/categories?post=92894"},{"taxonomy":"post_tag","embeddable":true,"href":"https:\/\/middleeasttransparent.com\/fr\/wp-json\/wp\/v2\/tags?post=92894"}],"curies":[{"name":"wp","href":"https:\/\/api.w.org\/{rel}","templated":true}]}}