{"id":9287,"date":"2016-02-06T22:16:29","date_gmt":"2016-02-06T21:16:29","guid":{"rendered":"http:\/\/middleeasttransparent.com\/?p=9287"},"modified":"2016-05-09T19:29:16","modified_gmt":"2016-05-09T18:29:16","slug":"manuel-vicente-representatif-de-lessor-de-langola-selon-sondage-de-leu","status":"publish","type":"post","link":"https:\/\/middleeasttransparent.com\/fr\/manuel-vicente-representatif-de-lessor-de-langola-selon-sondage-de-leu\/","title":{"rendered":"Manuel Vicente \u00ab repr\u00e9sentatif de l\u2019essor de l\u2019Angola \u00bb selon sondage de l&rsquo;EU"},"content":{"rendered":"<p class=\"p1\"><strong><span class=\"s1\">Le Pr\u00e9sident de l\u2019Angola, Jos\u00e9 Eduardo dos Santos, est consid\u00e9r\u00e9, selon un sondage confidentiel de la direction des affaires strat\u00e9giques de l\u2019Union Europ\u00e9enne, comme le r\u00e9el garant de l\u2019unit\u00e9 et de la stabilit\u00e9 de l\u2019Angola et de la r\u00e9gion des Grands Lacs.<\/span><\/strong><\/p>\n<p class=\"p1\"><strong><span class=\"s1\">Quand \u00e0 lui, le Vice-Pr\u00e9sident de l\u2019Angola, Manuel Vicente continue \u00e0 \u00eatre consid\u00e9r\u00e9 comme tr\u00e8s<span class=\"Apple-converted-space\">\u00a0<\/span>\u00ab fiable\u00a0\u00bb et \u00ab\u00a0repr\u00e9sentatif de l\u2019essor de l\u2019Angola\u00a0\u00bb. Fid\u00e8le au pr\u00e9sident Dos Santos, il apparait dans le m\u00eame sondage, comme un interlocuteur incontournable des d\u00e9cideurs \u00e9conomiques internationaux.<\/span><\/strong><\/p>\n<p class=\"p1\"><span class=\"s1\">Les constantes attaques ou insinuations de dirigeants d\u2019ONG angolaises (MAKA ANGOLA, CLUB-K ANGOLA \u2026)<span class=\"Apple-converted-space\">\u00a0 <\/span>ne sont plus prises au s\u00e9rieux par les milieux diplomatiques, financiers et industriels internationaux.<\/span><\/p>\n<p class=\"p1\"><img fetchpriority=\"high\" decoding=\"async\" class=\"size-full wp-image-9291 aligncenter\" src=\"http:\/\/middleeasttransparent.com\/wp-content\/uploads\/2016\/02\/9F448055-E116-4CFF-9C26-204470D6F1BD_cx0_cy3_cw88_mw1024_s_n_r1.jpg\" alt=\"9F448055-E116-4CFF-9C26-204470D6F1BD_cx0_cy3_cw88_mw1024_s_n_r1\" width=\"1024\" height=\"576\" srcset=\"https:\/\/middleeasttransparent.com\/wp-content\/uploads\/2016\/02\/9F448055-E116-4CFF-9C26-204470D6F1BD_cx0_cy3_cw88_mw1024_s_n_r1.jpg 1024w, https:\/\/middleeasttransparent.com\/wp-content\/uploads\/2016\/02\/9F448055-E116-4CFF-9C26-204470D6F1BD_cx0_cy3_cw88_mw1024_s_n_r1-600x338.jpg 600w, https:\/\/middleeasttransparent.com\/wp-content\/uploads\/2016\/02\/9F448055-E116-4CFF-9C26-204470D6F1BD_cx0_cy3_cw88_mw1024_s_n_r1-768x432.jpg 768w\" sizes=\"(max-width: 1024px) 100vw, 1024px\" \/><\/p>\n<p class=\"p1\"><span class=\"s1\">L\u2019opposant Raphael Marques, libre de ses mouvements, essaye de sortir r\u00e9guli\u00e8rement des rapports fabriqu\u00e9s et non fiables sur les dirigeants angolais. <\/span><\/p>\n<p class=\"p1\"><span class=\"s1\">Soutenu par des fondations am\u00e9ricaines richissimes qui cherchent \u00e0 lancer des \u00ab\u00a0r\u00e9volutions africaines\u00a0\u00bb, il devient de plus en plus \u00ab\u00a0suspect\u00a0\u00bbaupr\u00e8s des grandes institutions internationales (FMI, Banque mondiale..) en raison de ses accusations trop souvent inspir\u00e9es de l\u2019ext\u00e9rieur de son pays.<\/span><\/p>\n<p class=\"p1\"><span class=\"s1\">Des responsables am\u00e9ricains commencent \u00e0 r\u00e9aliser que R.Marques a trop souvent donn\u00e9 de fausses informations \u00e0 ses \u00ab\u00a0sponsors\u00a0\u00bb aux Etats-Unis.<\/span><\/p>\n<p class=\"p1\"><span class=\"s1\">L\u2019objectif de l\u2019opposant angolais est maintenant de d\u00e9noncer les liens Angola- Chine. Au moment o\u00f9 les Etats-Unis passent des accords secrets avec Beijing pour essayer d\u2019emp\u00eacher une nouvelle crise financi\u00e8re internationale. A cet effet les dossiers de l\u2019opposant angolais ne p\u00e8sent pas lourds, nous dit un haut diplomate am\u00e9ricain venu pr\u00e9parer en Europe les prochains sommets du G20.<\/span><\/p>\n","protected":false},"excerpt":{"rendered":"<p>Le Pr\u00e9sident de l\u2019Angola, Jos\u00e9 Eduardo dos Santos, est consid\u00e9r\u00e9, selon un sondage confidentiel de la direction des affaires strat\u00e9giques de l\u2019Union Europ\u00e9enne, comme le r\u00e9el garant de l\u2019unit\u00e9 et de la stabilit\u00e9 de l\u2019Angola et de la r\u00e9gion des Grands Lacs. Quand \u00e0 lui, le Vice-Pr\u00e9sident de l\u2019Angola, Manuel Vicente continue \u00e0 \u00eatre consid\u00e9r\u00e9<\/p>\n","protected":false},"author":87,"featured_media":9318,"comment_status":"open","ping_status":"open","sticky":false,"template":"","format":"standard","meta":{"_uf_show_specific_survey":0,"_uf_disable_surveys":false,"footnotes":""},"categories":[22],"tags":[],"class_list":{"0":"post-9287","1":"post","2":"type-post","3":"status-publish","4":"format-standard","5":"has-post-thumbnail","7":"category-actualites-fr"},"aioseo_notices":[],"_links":{"self":[{"href":"https:\/\/middleeasttransparent.com\/fr\/wp-json\/wp\/v2\/posts\/9287","targetHints":{"allow":["GET"]}}],"collection":[{"href":"https:\/\/middleeasttransparent.com\/fr\/wp-json\/wp\/v2\/posts"}],"about":[{"href":"https:\/\/middleeasttransparent.com\/fr\/wp-json\/wp\/v2\/types\/post"}],"author":[{"embeddable":true,"href":"https:\/\/middleeasttransparent.com\/fr\/wp-json\/wp\/v2\/users\/87"}],"replies":[{"embeddable":true,"href":"https:\/\/middleeasttransparent.com\/fr\/wp-json\/wp\/v2\/comments?post=9287"}],"version-history":[{"count":0,"href":"https:\/\/middleeasttransparent.com\/fr\/wp-json\/wp\/v2\/posts\/9287\/revisions"}],"wp:featuredmedia":[{"embeddable":true,"href":"https:\/\/middleeasttransparent.com\/fr\/wp-json\/wp\/v2\/media\/9318"}],"wp:attachment":[{"href":"https:\/\/middleeasttransparent.com\/fr\/wp-json\/wp\/v2\/media?parent=9287"}],"wp:term":[{"taxonomy":"category","embeddable":true,"href":"https:\/\/middleeasttransparent.com\/fr\/wp-json\/wp\/v2\/categories?post=9287"},{"taxonomy":"post_tag","embeddable":true,"href":"https:\/\/middleeasttransparent.com\/fr\/wp-json\/wp\/v2\/tags?post=9287"}],"curies":[{"name":"wp","href":"https:\/\/api.w.org\/{rel}","templated":true}]}}