{"id":9247,"date":"2016-02-04T20:53:41","date_gmt":"2016-02-04T19:53:41","guid":{"rendered":"http:\/\/middleeasttransparent.com\/?p=9247"},"modified":"2016-02-04T20:56:33","modified_gmt":"2016-02-04T19:56:33","slug":"malentendu-efface-rencontre-amicale-entre-manuel-valls-et-ali-bongo-a-davos","status":"publish","type":"post","link":"https:\/\/middleeasttransparent.com\/fr\/malentendu-efface-rencontre-amicale-entre-manuel-valls-et-ali-bongo-a-davos\/","title":{"rendered":"Malentendu effac\u00e9:  rencontre amicale entre Manuel Valls et Ali Bongo \u00e0 Davos"},"content":{"rendered":"<p class=\"p1\"><strong><span class=\"s1\">Le pr\u00e9sident du Gabon, Ali Bongo, et le premier ministre fran\u00e7ais, Manuel Valls, se sont rencontr\u00e9s derni\u00e8rement en marge du sommet de Davos (Suisse) le 21 Janvier.<\/span><\/strong><\/p>\n<p class=\"p1\"><span class=\"s1\">Le Premier ministre fran\u00e7ais a exprim\u00e9 ses regrets et a confirm\u00e9 sa visite au Gabon avec des investisseurs.<\/span><\/p>\n<p class=\"p1\"><img fetchpriority=\"high\" decoding=\"async\" class=\"size-full wp-image-9253 aligncenter\" src=\"http:\/\/middleeasttransparent.com\/wp-content\/uploads\/2016\/02\/pix_1453533320e071520_2-1.jpg\" alt=\"pix_1453533320e071520_2\" width=\"709\" height=\"455\" srcset=\"https:\/\/middleeasttransparent.com\/wp-content\/uploads\/2016\/02\/pix_1453533320e071520_2-1.jpg 709w, https:\/\/middleeasttransparent.com\/wp-content\/uploads\/2016\/02\/pix_1453533320e071520_2-1-600x385.jpg 600w\" sizes=\"(max-width: 709px) 100vw, 709px\" \/><\/p>\n<p class=\"p1\"><span class=\"s1\">Par ailleurs, les services diplomatiques de l\u2019Elys\u00e9e et de Matignon ont \u00e9conduit des d\u00e9marches d\u2019opposants gabonais qui demandaient des entretiens.<\/span><\/p>\n<p class=\"p1\"><span class=\"s1\">Les cables diplomatiques occidentaux sont tr\u00e8s s\u00e9v\u00e8res sur l\u2019amateurisme des opposants au Pr\u00e9sident du Gabon.<\/span><\/p>\n<p class=\"p1\">\n","protected":false},"excerpt":{"rendered":"<p>Le pr\u00e9sident du Gabon, Ali Bongo, et le premier ministre fran\u00e7ais, Manuel Valls, se sont rencontr\u00e9s derni\u00e8rement en marge du sommet de Davos (Suisse) le 21 Janvier. Le Premier ministre fran\u00e7ais a exprim\u00e9 ses regrets et a confirm\u00e9 sa visite au Gabon avec des investisseurs. Par ailleurs, les services diplomatiques de l\u2019Elys\u00e9e et de Matignon<\/p>\n","protected":false},"author":87,"featured_media":9249,"comment_status":"open","ping_status":"open","sticky":false,"template":"","format":"standard","meta":{"_uf_show_specific_survey":0,"_uf_disable_surveys":false,"footnotes":""},"categories":[22],"tags":[],"class_list":{"0":"post-9247","1":"post","2":"type-post","3":"status-publish","4":"format-standard","5":"has-post-thumbnail","7":"category-actualites-fr"},"aioseo_notices":[],"_links":{"self":[{"href":"https:\/\/middleeasttransparent.com\/fr\/wp-json\/wp\/v2\/posts\/9247","targetHints":{"allow":["GET"]}}],"collection":[{"href":"https:\/\/middleeasttransparent.com\/fr\/wp-json\/wp\/v2\/posts"}],"about":[{"href":"https:\/\/middleeasttransparent.com\/fr\/wp-json\/wp\/v2\/types\/post"}],"author":[{"embeddable":true,"href":"https:\/\/middleeasttransparent.com\/fr\/wp-json\/wp\/v2\/users\/87"}],"replies":[{"embeddable":true,"href":"https:\/\/middleeasttransparent.com\/fr\/wp-json\/wp\/v2\/comments?post=9247"}],"version-history":[{"count":0,"href":"https:\/\/middleeasttransparent.com\/fr\/wp-json\/wp\/v2\/posts\/9247\/revisions"}],"wp:featuredmedia":[{"embeddable":true,"href":"https:\/\/middleeasttransparent.com\/fr\/wp-json\/wp\/v2\/media\/9249"}],"wp:attachment":[{"href":"https:\/\/middleeasttransparent.com\/fr\/wp-json\/wp\/v2\/media?parent=9247"}],"wp:term":[{"taxonomy":"category","embeddable":true,"href":"https:\/\/middleeasttransparent.com\/fr\/wp-json\/wp\/v2\/categories?post=9247"},{"taxonomy":"post_tag","embeddable":true,"href":"https:\/\/middleeasttransparent.com\/fr\/wp-json\/wp\/v2\/tags?post=9247"}],"curies":[{"name":"wp","href":"https:\/\/api.w.org\/{rel}","templated":true}]}}