{"id":8710,"date":"2016-01-16T20:14:00","date_gmt":"2016-01-16T19:14:00","guid":{"rendered":"http:\/\/middleeasttransparent.com\/?p=8710"},"modified":"2016-01-16T20:14:00","modified_gmt":"2016-01-16T19:14:00","slug":"sebastian-coe-bien-sur-que-des-cas-de-dopage-ont-ete-couverts","status":"publish","type":"post","link":"https:\/\/middleeasttransparent.com\/fr\/sebastian-coe-bien-sur-que-des-cas-de-dopage-ont-ete-couverts\/","title":{"rendered":"Sebastian Coe\u00a0: \u00ab\u00a0Bien s\u00fbr que des cas de dopage ont \u00e9t\u00e9 couverts ! \u00bb"},"content":{"rendered":"<figure class=\"illustration_haut   \"><figcaption class=\"legende\" data-caption=\"Sebastian Coe, pr\u00e9sident de l'IAAF, le 14 janvier \u00e0 Munich.\"><em>Sebastian Coe, pr\u00e9sident de l&rsquo;IAAF, le 14 janvier \u00e0 Munich. <span class=\"source_image\" data-copyright=\"Kerstin Joensson \/ AP\">KERSTIN JOENSSON \/ AP<\/span><\/em><\/figcaption><\/figure>\n<p class=\"tt2\"><strong>\u00a0<span class=\"signature_article\">Par <span class=\"auteur txt2_120\"><a class=\"auteur\" href=\"http:\/\/www.lemonde.fr\/journaliste\/yann-bouchez\/\" target=\"_blank\">Yann Bouchez<\/a><\/span><\/span><\/strong><\/p>\n<p class=\"toolbar\">\n<div id=\"articleBody\" class=\"contenu_article js_article_body\">\n<p class=\"illustration_haut   \">\n<strong>Il s\u2019est assis discr\u00e8tement dans le fond de la salle, juste avant la conf\u00e9rence de la commission ind\u00e9pendante de l\u2019Agence mondiale antidopage (AMA). Mais la pr\u00e9sence de Sebastian Coe, le pr\u00e9sident de la F\u00e9d\u00e9ration internationale d\u2019<a class=\"lien_interne rub\" title=\"Toute l\u2019actualit\u00e9 athl\u00e9tisme\" href=\"http:\/\/www.lemonde.fr\/athletisme\/\">athl\u00e9tisme<\/a> (IAAF), n\u2019est pas pass\u00e9e inaper\u00e7ue, jeudi 14\u00a0janvier, \u00e0 l\u2019h\u00f4tel Dolce Munich Unterschleissheim, dans la capitale bavaroise.<\/strong><\/p>\n<p class=\"lire\" style=\"text-align: left;\">Lire aussi\u00a0: <a href=\"http:\/\/www.lemonde.fr\/athletisme\/article\/2016\/01\/14\/corruption-le-rapport-qui-fait-trembler-l-athletisme-mondial_4846894_1616661.html\">Athl\u00e9tisme : \u00ab\u00a0la corruption \u00e9tait partie int\u00e9grante\u00a0\u00bb de la f\u00e9d\u00e9ration internationale<\/a><\/p>\n<p style=\"text-align: left;\">Si Coe est venu en <a class=\"lien_interne rub\" title=\"Toute l\u2019actualit\u00e9 Allemagne\" href=\"http:\/\/www.lemonde.fr\/allemagne\/\">Allemagne<\/a>, c\u2019est peut-\u00eatre qu\u2019il savait que cette deuxi\u00e8me partie du rapport ne contiendrait pas de r\u00e9v\u00e9lations fracassantes, contrairement \u00e0 ce qu\u2019avait promis le Canadien Dick Pound, le pr\u00e9sident de la commission ind\u00e9pendante. Le Britannique avait eu acc\u00e8s au rapport de l\u2019AMA quelques jours avant le 14\u00a0janvier.<\/p>\n<p style=\"text-align: left;\">Et \u00e0 Munich, il a d\u00fb <a class=\"lien_interne conjug\" title=\"Conjugaison du verbe boire\" href=\"http:\/\/conjugaison.lemonde.fr\/conjugaison\/troisieme-groupe\/boire\/\" target=\"_blank\">boire<\/a> du petit-lait en entendant, de la bouche de Pound, qu\u2019il \u00e9tait <em>\u00ab\u00a0la personne id\u00e9ale\u00a0\u00bb<\/em> pour <a class=\"lien_interne conjug\" title=\"Conjugaison du verbe reconstruire\" href=\"http:\/\/conjugaison.lemonde.fr\/conjugaison\/troisieme-groupe\/reconstruire\/\" target=\"_blank\">reconstruire<\/a> la cr\u00e9dibilit\u00e9 de l\u2019athl\u00e9tisme. Une formule qui a \u00e9tonn\u00e9 l\u2019auditoire, vu que dans son rapport la commission ind\u00e9pendante note que <em>\u00ab\u00a0le conseil de l\u2019IAAF ne pouvait pas ne pas <a class=\"lien_interne conjug\" title=\"Conjugaison du verbe \u00eatre\" href=\"http:\/\/conjugaison.lemonde.fr\/conjugaison\/auxiliaire\/%C3%AAtre\/\" target=\"_blank\">\u00eatre<\/a> au courant du niveau de n\u00e9potisme qui avait lieu \u00e0 l\u2019IAAF\u00a0\u00bb<\/em>. <a class=\"lien_interne bourse\" href=\"http:\/\/www.lemonde.fr\/bourse\/forex-data-lite\/gold-united-states-dollar\/\">Or<\/a> Sebastian Coe, en tant que vice-pr\u00e9sident, de 2007 \u00e0 2015, \u00e9tait membre de ce conseil.<\/p>\n<p style=\"text-align: left;\">A la fin de la conf\u00e9rence, Coe a rencontr\u00e9, \u00e0 l\u2019abri des micros, Pound. Barbe poivre et sel d\u2019une semaine, le Britannique, 59 ans, s\u2019est ensuite exprim\u00e9 devant les journalistes. Mais pas tout <a class=\"lien_interne rub\" title=\"Toute l\u2019actualit\u00e9 le monde\" href=\"http:\/\/www.lemonde.fr\/le-monde\/\">le monde<\/a> en m\u00eame temps\u00a0: d\u2019abord la BBC, puis les t\u00e9l\u00e9visions, la presse \u00e9crite anglaise, enfin quelques <a class=\"lien_interne rub\" title=\"Toute l\u2019actualit\u00e9 m\u00e9dias\" href=\"http:\/\/www.lemonde.fr\/actualite-medias\/\">m\u00e9dias<\/a> \u00e9trangers, dont <em>Le Monde<\/em>. A la t\u00eate d\u2019une f\u00e9d\u00e9ration en pleine tourmente, il a martel\u00e9 des messages\u00a0: sa <em>\u00ab\u00a0gratitude\u00a0\u00bb<\/em> face au travail de la commission ind\u00e9pendante de l\u2019AMA et sa volont\u00e9 de <em>\u00ab\u00a0restaurer la confiance\u00a0\u00bb<\/em>. Mais il le reconna\u00eet, le chemin s\u2019annonce long.<\/p>\n<p style=\"text-align: left;\"><strong>Quelle est votre r\u00e9action, apr\u00e8s la r\u00e9v\u00e9lation de cette seconde partie de la commission ind\u00e9pendante de l\u2019AMA\u00a0?<\/strong><\/p>\n<p style=\"text-align: left;\">Le travail de la commission ind\u00e9pendante, \u00e0 travers leur rapport, a \u00e9t\u00e9 appliqu\u00e9 et d\u00e9taill\u00e9. Cela nous aidera. C\u2019est un processus tr\u00e8s complexe, profond\u00e9ment douloureux que notre <a class=\"lien_interne rub\" title=\"Toute l\u2019actualit\u00e9 sport\" href=\"http:\/\/www.lemonde.fr\/sport\/\">sport<\/a> doit<a class=\"lien_interne conjug\" title=\"Conjugaison du verbe traverser\" href=\"http:\/\/conjugaison.lemonde.fr\/conjugaison\/premier-groupe\/traverser\/\" target=\"_blank\">traverser<\/a>.<\/p>\n<p class=\"lire\" style=\"text-align: left;\">Lire aussi\u00a0: <a href=\"http:\/\/www.lemonde.fr\/athletisme\/article\/2016\/01\/14\/lamine-diack-soupconne-d-avoir-monnaye-sa-voix-pour-l-attribution-des-jo-2020_4847631_1616661.html\">Athl\u00e9tisme : Lamine Diack soup\u00e7onn\u00e9 d\u2019avoir monnay\u00e9 sa voix pour l\u2019attribution des JO\u00a02020<\/a><\/p>\n<p style=\"text-align: left;\">Ces gens<em> [de la commission ind\u00e9pendante]<\/em> ont pass\u00e9 beaucoup de temps \u00e0 nous <a class=\"lien_interne conjug\" title=\"Conjugaison du verbe aider\" href=\"http:\/\/conjugaison.lemonde.fr\/conjugaison\/premier-groupe\/aider\/\" target=\"_blank\">aider<\/a>, \u00e0 <a class=\"lien_interne conjug\" title=\"Conjugaison du verbe comprendre\" href=\"http:\/\/conjugaison.lemonde.fr\/conjugaison\/troisieme-groupe\/comprendre\/\" target=\"_blank\">comprendre<\/a> et \u00e0 <a class=\"lien_interne conjug\" title=\"Conjugaison du verbe prendre\" href=\"http:\/\/conjugaison.lemonde.fr\/conjugaison\/troisieme-groupe\/prendre\/\" target=\"_blank\">prendre<\/a> toute la mesure des pathologies<em> [qui touchent l\u2019IAAF]<\/em>. Les changements \u00e0<a class=\"lien_interne conjug\" title=\"Conjugaison du verbe effectuer\" href=\"http:\/\/conjugaison.lemonde.fr\/conjugaison\/premier-groupe\/effectuer\/\" target=\"_blank\">effectuer<\/a> et qui ont \u00e9t\u00e9 identifi\u00e9s dans le rapport ont, en grande partie, d\u00e9j\u00e0 commenc\u00e9 \u00e0 \u00eatre lanc\u00e9s. Il faut <a class=\"lien_interne conjug\" title=\"Conjugaison du verbe faire\" href=\"http:\/\/conjugaison.lemonde.fr\/conjugaison\/troisieme-groupe\/faire\/\" target=\"_blank\">faire<\/a> en sorte de ne plus jamais, jamais, \u00eatre dans une situation dans laquelle un conseil <em>[sorte de gouvernement de la F\u00e9d\u00e9ration internationale]<\/em>n\u2019est pas en mesure de <a class=\"lien_interne conjug\" title=\"Conjugaison du verbe mettre\" href=\"http:\/\/conjugaison.lemonde.fr\/conjugaison\/troisieme-groupe\/mettre\/\" target=\"_blank\">mettre<\/a> en doute ou de <a class=\"lien_interne conjug\" title=\"Conjugaison du verbe v\u00e9rifier\" href=\"http:\/\/conjugaison.lemonde.fr\/conjugaison\/premier-groupe\/v%C3%A9rifier\/\" target=\"_blank\">v\u00e9rifier<\/a> des actions qui sont prises en son nom. Dick Pound a raison\u00a0: le grand d\u00e9fi qui se pr\u00e9sente \u00e0 <a class=\"lien_interne rub\" title=\"Toute l\u2019actualit\u00e9 moi\" href=\"http:\/\/www.lemonde.fr\/m-moi\/\">moi<\/a> est de m\u2019assurer que nous mettions en place les changements aussi rapidement que possible.<\/p>\n<p style=\"text-align: left;\">Mais il a aussi soulign\u00e9 un autre point important. Le chemin vers le rachat ne va pas \u00eatre rapide ou facile. Nous ne pouvons pas nous <a class=\"lien_interne conjug\" title=\"Conjugaison du verbe asseoir\" href=\"http:\/\/conjugaison.lemonde.fr\/conjugaison\/troisieme-groupe\/asseoir\/\" target=\"_blank\">asseoir<\/a> l\u00e0 et <a class=\"lien_interne conjug\" title=\"Conjugaison du verbe dire\" href=\"http:\/\/conjugaison.lemonde.fr\/conjugaison\/troisieme-groupe\/dire\/\" target=\"_blank\">dire<\/a> aux gens qu\u2019il est temps de nous <a class=\"lien_interne conjug\" title=\"Conjugaison du verbe croire\" href=\"http:\/\/conjugaison.lemonde.fr\/conjugaison\/troisieme-groupe\/croire\/\" target=\"_blank\">croire<\/a>. Ils croiront \u00e0 <a class=\"lien_interne conjug\" title=\"Conjugaison du verbe partir\" href=\"http:\/\/conjugaison.lemonde.fr\/conjugaison\/troisieme-groupe\/partir\/\" target=\"_blank\">partir<\/a> des changements que nous aurons instaur\u00e9s.<\/p>\n<p style=\"text-align: left;\"><strong>Vous avez \u00e9t\u00e9 vice-pr\u00e9sident de l\u2019IAAF, de 2007 \u00e0 2015. Regrettez-vous votre manque de curiosit\u00e9 durant cette p\u00e9riode\u00a0? <a class=\"lien_interne rub\" title=\"Toute l\u2019actualit\u00e9 Vous\" href=\"http:\/\/www.lemonde.fr\/vous\/\">Vous<\/a> avez dit ne pas \u00eatre au courant des d\u00e9rives de la F\u00e9d\u00e9ration internationale\u2026<\/strong><\/p>\n<p style=\"text-align: left;\">Non, laissez-moi vous <a class=\"lien_interne conjug\" title=\"Conjugaison du verbe interrompre\" href=\"http:\/\/conjugaison.lemonde.fr\/conjugaison\/troisieme-groupe\/interrompre\/\" target=\"_blank\">interrompre<\/a>. Bien s\u00fbr que le conseil de l\u2019IAAF a pos\u00e9 des questions, notamment sur le nombre croissant de cas positifs. Vous les connaissiez, je les connaissais. Vous<em>[les journalistes]<\/em>ne posiez pas toujours ces questions <em>[sur le <a class=\"lien_interne rub\" title=\"Toute l\u2019actualit\u00e9 dopage\" href=\"http:\/\/www.lemonde.fr\/dopage\/\">dopage<\/a>]<\/em>, non plus.<\/p>\n<p style=\"text-align: left;\">Vous devez aussi comprendre la nature \u2013 et c\u2019est probablement l\u2019un des \u00e9checs de notre <a class=\"lien_interne rub\" title=\"Toute l\u2019actualit\u00e9 sport\" href=\"http:\/\/www.lemonde.fr\/afrique-sport\/\">sport<\/a> \u2013 de la <a class=\"lien_interne rub\" title=\"Toute l\u2019actualit\u00e9 gouvernance\" href=\"http:\/\/www.lemonde.fr\/gouvernance\/\">gouvernance<\/a>. Un vice-pr\u00e9sident \u2013 j\u2019\u00e9tais l\u2019un des cinq, en incluant le tr\u00e9sorier \u2013, c\u2019\u00e9tait probablement dix jours par an \u00e0 l\u2019IAAF. Et les changements que je mets en place actuellement visent \u00e0 ce que les vice-pr\u00e9sidents puissent \u00eatre plus impliqu\u00e9s.<\/p>\n<figure class=\"illustration_haut   \">&nbsp;<\/p>\n<p><img decoding=\"async\" class=\"lazy-retina alignleft\" title=\"Andy Wong \/ AP\" src=\"http:\/\/s2.lemde.fr\/image2x\/2016\/01\/15\/534x0\/4848018_6_96d3_lamine-diack-et-sebastian-coe-le-19-aout-2015_11e602cb8e741462c979a012ddbc5609.jpg\" alt=\"Lamine Diack et Sebastian Coe, le 19 ao\u00fbt 2015.\" width=\"534\" data-lazyload=\"false\" data-no-hd-src=\"http:\/\/s2.lemde.fr\/image\/2016\/01\/15\/534x0\/4848018_6_96d3_lamine-diack-et-sebastian-coe-le-19-aout-2015_11e602cb8e741462c979a012ddbc5609.jpg\" data-hd-src=\"http:\/\/s2.lemde.fr\/image2x\/2016\/01\/15\/534x0\/4848018_6_96d3_lamine-diack-et-sebastian-coe-le-19-aout-2015_11e602cb8e741462c979a012ddbc5609.jpg\" \/><figcaption class=\"legende\" data-caption=\"Lamine Diack et Sebastian Coe, le 19 ao\u00fbt 2015.\"><em>Lamine Diack et Sebastian Coe, le 19 ao\u00fbt 2015. <span class=\"source_image\" data-copyright=\"Andy Wong \/ AP\">ANDY WONG \/ AP<\/span><\/em><\/figcaption><\/figure>\n<p style=\"text-align: left;\"><strong>Vous affirmez ne pas <a class=\"lien_interne conjug\" title=\"Conjugaison du verbe avoir\" href=\"http:\/\/conjugaison.lemonde.fr\/conjugaison\/auxiliaire\/avoir\/\" target=\"_blank\">avoir<\/a> \u00e9t\u00e9 au courant des d\u00e9rives qui avaient lieu \u00e0 l\u2019IAAF. Mais votre compatriote Nick Davies semblait tr\u00e8s au courant de ces d\u00e9rives, lui qui d\u00e8s juillet\u00a02013, dans un e-mail \u00e0 Papa Massata Diack, \u00e9voquait les \u00ab\u00a0cadavres russes dans le placard, en ce qui concerne le dopage\u00a0\u00bb. Or M. Davies, qui \u00e9tait alors porte-parole de l\u2019IAAF, est devenu votre directeur de cabinet en septembre\u00a02015\u2026<\/strong><\/p>\n<p style=\"text-align: left;\">Oui. Cette question pr\u00e9cise du mail est d\u00e9sormais l\u2019objet d\u2019une <a class=\"lien_interne rub\" title=\"Toute l\u2019actualit\u00e9 enqu\u00eate\" href=\"http:\/\/www.lemonde.fr\/enquetes\/\">enqu\u00eate<\/a> de la commission d\u2019\u00e9thique de l\u2019IAAF. Je ne vais rien <a class=\"lien_interne conjug\" title=\"Conjugaison du verbe ajouter\" href=\"http:\/\/conjugaison.lemonde.fr\/conjugaison\/premier-groupe\/ajouter\/\" target=\"_blank\">ajouter<\/a> \u00e0 cela, tant que Michael Beloff <em>[le pr\u00e9sident de la commission d\u2019\u00e9thique]<\/em> n\u2019a pas livr\u00e9 son interpr\u00e9tation.<\/p>\n<p class=\"lire\">Lire aussi\u00a0: <a href=\"http:\/\/www.lemonde.fr\/sport\/article\/2015\/12\/21\/dopage-dans-l-athletisme-l-e-mail-compromettant-de-l-ex-porte-parole-de-la-federation-internationale_4835926_3242.html\">Dopage dans l\u2019athl\u00e9tisme\u00a0: l\u2019e-mail compromettant de l\u2019ex-porte-parole de la F\u00e9d\u00e9ration internationale<\/a><\/p>\n<p><strong>Vous n\u2019avez jamais \u00e9t\u00e9 au courant de ce mail, dans lequel Nick Davies vous mentionne\u00a0?<\/strong><\/p>\n<p>Non.<\/p>\n<p><strong>Il y a quelques jours, vous avez d\u00e9clar\u00e9 \u00e0 la t\u00e9l\u00e9vision que l\u2019IAAF n\u2019avait pas <em>\u00ab\u00a0couvert\u00a0\u00bb<\/em> de cas de dopage. Ces propos ont surpris, \u00e9tant donn\u00e9 les r\u00e9v\u00e9lations de ces derniers mois\u2026<\/strong><\/p>\n<p>On m\u2019a pos\u00e9 une question tr\u00e8s, tr\u00e8s pr\u00e9cise \u00e0 propos d\u2019un e-mail\u2026 Bien s\u00fbr que des cas de dopage ont \u00e9t\u00e9 couverts ! Le simple fait qu\u2019il y ait eu des d\u00e9lais, c\u2019est que des cas ont \u00e9t\u00e9 couverts. Si mon langage a \u00e9t\u00e9 maladroit, je m\u2019en excuse. Je ne voulais pas du tout <a class=\"lien_interne conjug\" title=\"Conjugaison du verbe tromper\" href=\"http:\/\/conjugaison.lemonde.fr\/conjugaison\/premier-groupe\/tromper\/\" target=\"_blank\">tromper<\/a> qui que ce soit. Je r\u00e9pondais \u00e0 une question sur un mail tr\u00e8s sp\u00e9cifique. Bien s\u00fbr que toute cette saga traite de couverture de dopage.<\/p>\n<p class=\"lire marqueur_restreint_atome\">Lire aussi\u00a0: <a href=\"http:\/\/www.lemonde.fr\/sport\/article\/2015\/12\/22\/sebastian-coe-eclabousse-par-une-nouvelle-affaire-de-dopage-dans-l-athletisme_4836412_3242.html\">Sebastian Coe \u00e9clabouss\u00e9 par une nouvelle affaire de dopage dans l\u2019athl\u00e9tisme<\/a><\/p>\n<p class=\"lire\">Lire aussi\u00a0: <a href=\"http:\/\/www.lemonde.fr\/athletisme\/article\/2016\/01\/12\/sortie-de-piste_4845721_1616661.html\">Athl\u00e9tisme : la sortie de piste de Papa Massata Diack<\/a><\/p>\n<p><strong>Vous \u00e9tiez au courant que Papa Massata Diack, consultant marketing pour l\u2019IAAF jusqu\u2019\u00e0 la fin de 2014, avait r\u00e9ussi \u00e0 <a class=\"lien_interne conjug\" title=\"Conjugaison du verbe n\u00e9gocier\" href=\"http:\/\/conjugaison.lemonde.fr\/conjugaison\/premier-groupe\/n%C3%A9gocier\/\" target=\"_blank\">n\u00e9gocier<\/a> un accord de sponsoring avec la banque VTB Bank \u00e0 hauteur de 25\u00a0millions de dollars\u00a0?<\/strong><\/p>\n<p>Non. Mais la revue que je suis en train de <a class=\"lien_interne conjug\" title=\"Conjugaison du verbe mener\" href=\"http:\/\/conjugaison.lemonde.fr\/conjugaison\/premier-groupe\/mener\/\" target=\"_blank\">mener<\/a> au sein de l\u2019institution s\u2019int\u00e9resse \u00e0 tous nos partenariats et \u00e0 nos accords marketing.<\/p>\n<p><strong>Le dossier de la F\u00e9d\u00e9ration russe, suspendue jusqu\u2019\u00e0 nouvel ordre, avance-t-il\u00a0?<\/strong><\/p>\n<p>Je dois avoir une conversation vendredi avec Rune Andersen <em>[ce Norv\u00e9gien a \u00e9t\u00e9 nomm\u00e9 \u00e0 la t\u00eate de l\u2019\u00e9quipe d\u2019inspection qui doit <a class=\"lien_interne conjug\" title=\"Conjugaison du verbe \u00e9tudier\" href=\"http:\/\/conjugaison.lemonde.fr\/conjugaison\/premier-groupe\/%C3%A9tudier\/\" target=\"_blank\">\u00e9tudier<\/a> les r\u00e9formes mises en place dans l\u2019athl\u00e9tisme russe]<\/em>. Il ne fera pas de commentaires sur le sujet, mais je pense qu\u2019il a trouv\u00e9 que la premi\u00e8re rencontre avec les Russes a \u00e9t\u00e9 tr\u00e8s constructive. Le calendrier est tr\u00e8s clair. Quand je serai satisfait, quand Rune Andersen sera satisfait, quand il me dira que j\u2019ai des raisons d\u2019\u00eatre confiant dans le fait que les crit\u00e8res que nous avons fix\u00e9s ont \u00e9t\u00e9 respect\u00e9s et que ce n\u2019est pas seulement un changement de fa\u00e7ade \u2013 il y a un changement de <a class=\"lien_interne rub\" title=\"Toute l\u2019actualit\u00e9 culture\" href=\"http:\/\/www.lemonde.fr\/culture\/\">culture<\/a> \u00e0 <a class=\"lien_interne conjug\" title=\"Conjugaison du verbe op\u00e9rer\" href=\"http:\/\/conjugaison.lemonde.fr\/conjugaison\/premier-groupe\/op%C3%A9rer\/\" target=\"_blank\">op\u00e9rer<\/a> \u2013, alors, et seulement alors, les athl\u00e8tes russes propres seront de retour dans les comp\u00e9titions.<\/p>\n<p><strong>Les athl\u00e8tes russes pourraient, selon vous, <a class=\"lien_interne conjug\" title=\"Conjugaison du verbe participer\" href=\"http:\/\/conjugaison.lemonde.fr\/conjugaison\/premier-groupe\/participer\/\" target=\"_blank\">participer<\/a> aux <a class=\"lien_interne rub\" title=\"Toute l\u2019actualit\u00e9 Jeux\" href=\"http:\/\/www.lemonde.fr\/jeux\/\">Jeux<\/a> de Rio\u00a0?<\/strong><\/p>\n<p>Je n\u2019ai jamais fix\u00e9 de d\u00e9lai. J\u2019ai \u00e9t\u00e9 tr\u00e8s clair d\u00e8s l\u2019annonce de la suspension de la f\u00e9d\u00e9ration russe, puis quand j\u2019ai d\u00e9sign\u00e9 Rune Andersen et l\u2019\u00e9quipe d\u2019inspection. Il faut <a class=\"lien_interne conjug\" title=\"Conjugaison du verbe remplir\" href=\"http:\/\/conjugaison.lemonde.fr\/conjugaison\/deuxieme-groupe\/remplir\/\" target=\"_blank\">remplir<\/a> les crit\u00e8res et on les laissera <a class=\"lien_interne conjug\" title=\"Conjugaison du verbe revenir\" href=\"http:\/\/conjugaison.lemonde.fr\/conjugaison\/troisieme-groupe\/revenir\/\" target=\"_blank\">revenir<\/a>.<\/p>\n<p><strong>Peut-on mettre un terme \u00e0 une situation de dopage institutionnalis\u00e9, qui existait d\u00e9j\u00e0 au temps de l\u2019Union sovi\u00e9tique, en seulement quelques mois\u00a0?<\/strong><\/p>\n<p>Il faut bien <a class=\"lien_interne conjug\" title=\"Conjugaison du verbe commencer\" href=\"http:\/\/conjugaison.lemonde.fr\/conjugaison\/premier-groupe\/commencer\/\" target=\"_blank\">commencer<\/a> \u00e0 un moment. M\u00eame ceux qui ont \u00e9t\u00e9 critiques ont reconnu que les crit\u00e8res \u00e9taient exigeants. Ce sont des crit\u00e8res difficiles, qui couvrent de nombreux aspects. Le principe g\u00e9n\u00e9ral est que les athl\u00e8tes propres puissent avoir confiance dans les personnes et les syst\u00e8mes en place. Et il faut aussi avoir une structure pour que les d\u00e9nonciateurs puissent <a class=\"lien_interne conjug\" title=\"Conjugaison du verbe tirer\" href=\"http:\/\/conjugaison.lemonde.fr\/conjugaison\/premier-groupe\/tirer\/\" target=\"_blank\">tirer<\/a>la sonnette d\u2019alarme.<\/p>\n<p><strong>Vous parlez de lanceurs d\u2019alerte. Pourtant vous n\u2019avez pas rencontr\u00e9 les \u00e9poux Stepanov, qui sont \u00e0 l\u2019origine de la d\u00e9nonciation du dopage institutionnalis\u00e9 en <a class=\"lien_interne rub\" title=\"Toute l\u2019actualit\u00e9 Russie\" href=\"http:\/\/www.lemonde.fr\/russie\/\">Russie<\/a>. Est-ce une erreur <a class=\"lien_interne rub\" title=\"Toute l\u2019actualit\u00e9 politique\" href=\"http:\/\/www.lemonde.fr\/politique\/\">politique<\/a> de votre part\u00a0?<\/strong><\/p>\n<p><em>[Agac\u00e9.] <\/em>Non, ce n\u2019est pas une erreur <a class=\"lien_interne rub\" title=\"Toute l\u2019actualit\u00e9 politique\" href=\"http:\/\/www.lemonde.fr\/afrique-politique\/\">politique<\/a>. Je ne les ignore pas. Je leur suis tr\u00e8s reconnaissant de l\u2019attention qu\u2019ils ont permis de <a class=\"lien_interne conjug\" title=\"Conjugaison du verbe porter\" href=\"http:\/\/conjugaison.lemonde.fr\/conjugaison\/premier-groupe\/porter\/\" target=\"_blank\">porter<\/a> sur ce sujet. J\u2019ai \u00e9crit une lettre pour les <a class=\"lien_interne conjug\" title=\"Conjugaison du verbe remercier\" href=\"http:\/\/conjugaison.lemonde.fr\/conjugaison\/premier-groupe\/remercier\/\" target=\"_blank\">remercier<\/a>et leur dire que je serais tr\u00e8s content de les <a class=\"lien_interne conjug\" title=\"Conjugaison du verbe voir\" href=\"http:\/\/conjugaison.lemonde.fr\/conjugaison\/troisieme-groupe\/voir\/\" target=\"_blank\">voir<\/a> quand les travaux de l\u2019\u00e9quipe d\u2019inspection seront termin\u00e9s, que les crit\u00e8res seront remplis et que les investigations auront avanc\u00e9. Mais j\u2019ai d\u00e9j\u00e0 demand\u00e9 \u00e0 Rune Andersen de s\u2019asseoir avec eux pour les <a class=\"lien_interne conjug\" title=\"Conjugaison du verbe \u00e9couter\" href=\"http:\/\/conjugaison.lemonde.fr\/conjugaison\/premier-groupe\/%C3%A9couter\/\" target=\"_blank\">\u00e9couter<\/a> et <a class=\"lien_interne conjug\" title=\"Conjugaison du verbe savoir\" href=\"http:\/\/conjugaison.lemonde.fr\/conjugaison\/troisieme-groupe\/savoir\/\" target=\"_blank\">savoir<\/a> ce qu\u2019ils pensent peut nous aider \u00e0 <a class=\"lien_interne conjug\" title=\"Conjugaison du verbe remodeler\" href=\"http:\/\/conjugaison.lemonde.fr\/conjugaison\/premier-groupe\/remodeler\/\" target=\"_blank\">remodeler<\/a> nos relations avec l\u2019athl\u00e9tisme russe.<\/p>\n<div class=\"btn_lecture_zen btn_offre_decouverte_zen\"><\/div>\n<\/div>\n<div class=\"bg_gris_moyen signature\">\n<ul class=\"liste_bordure\">\n<li class=\"clearfix\"><a href=\"http:\/\/www.lemonde.fr\/journaliste\/yann-bouchez\/\" target=\"_blank\"><img decoding=\"async\" class=\"lazy-retina\" src=\"http:\/\/s2.lemde.fr\/image2x\/2014\/03\/25\/24x24\/1100511743_4_6cab_13957721181788-bouchez-yann-france-20131124-1708_a3769cdb3ce5679a774d86a1e26a9aae.jpg\" alt=\" \" width=\"24\" height=\"24\" data-placeholder=\"true\" data-lazyload=\"true\" data-no-hd-src=\"http:\/\/s2.lemde.fr\/image\/2014\/03\/25\/24x24\/1100511743_4_6cab_13957721181788-bouchez-yann-france-20131124-1708_a3769cdb3ce5679a774d86a1e26a9aae.jpg\" data-hd-src=\"http:\/\/s2.lemde.fr\/image2x\/2014\/03\/25\/24x24\/1100511743_4_6cab_13957721181788-bouchez-yann-france-20131124-1708_a3769cdb3ce5679a774d86a1e26a9aae.jpg\" \/> <\/a><a class=\"gras\" href=\"http:\/\/www.lemonde.fr\/journaliste\/yann-bouchez\/\" target=\"_blank\">Yann Bouchez<\/a>\n<p><span class=\"identite\"><span class=\"txt_gris_clair\">Journaliste au service Sport<\/span><\/span><\/li>\n<\/ul>\n<\/div>\n<p><a href=\"http:\/\/www.lemonde.fr\/athletisme\/article\/2016\/01\/15\/sebastian-coe-bien-sur-que-des-cas-de-dopage-ont-ete-couverts_4848020_1616661.html#cA6fAB70YLMRRmZm.99\">Le Monde \u00a0<\/a><\/p>\n","protected":false},"excerpt":{"rendered":"<p>Sebastian Coe, pr\u00e9sident de l&rsquo;IAAF, le 14 janvier \u00e0 Munich. KERSTIN JOENSSON \/ AP \u00a0Par Yann Bouchez Il s\u2019est assis discr\u00e8tement dans le fond de la salle, juste avant la conf\u00e9rence de la commission ind\u00e9pendante de l\u2019Agence mondiale antidopage (AMA). Mais la pr\u00e9sence de Sebastian Coe, le pr\u00e9sident de la F\u00e9d\u00e9ration internationale d\u2019athl\u00e9tisme (IAAF), n\u2019est<\/p>\n","protected":false},"author":134,"featured_media":8711,"comment_status":"open","ping_status":"open","sticky":false,"template":"","format":"standard","meta":{"_uf_show_specific_survey":0,"_uf_disable_surveys":false,"footnotes":""},"categories":[361],"tags":[],"class_list":{"0":"post-8710","1":"post","2":"type-post","3":"status-publish","4":"format-standard","5":"has-post-thumbnail","7":"category-sport-international"},"aioseo_notices":[],"_links":{"self":[{"href":"https:\/\/middleeasttransparent.com\/fr\/wp-json\/wp\/v2\/posts\/8710","targetHints":{"allow":["GET"]}}],"collection":[{"href":"https:\/\/middleeasttransparent.com\/fr\/wp-json\/wp\/v2\/posts"}],"about":[{"href":"https:\/\/middleeasttransparent.com\/fr\/wp-json\/wp\/v2\/types\/post"}],"author":[{"embeddable":true,"href":"https:\/\/middleeasttransparent.com\/fr\/wp-json\/wp\/v2\/users\/134"}],"replies":[{"embeddable":true,"href":"https:\/\/middleeasttransparent.com\/fr\/wp-json\/wp\/v2\/comments?post=8710"}],"version-history":[{"count":0,"href":"https:\/\/middleeasttransparent.com\/fr\/wp-json\/wp\/v2\/posts\/8710\/revisions"}],"wp:featuredmedia":[{"embeddable":true,"href":"https:\/\/middleeasttransparent.com\/fr\/wp-json\/wp\/v2\/media\/8711"}],"wp:attachment":[{"href":"https:\/\/middleeasttransparent.com\/fr\/wp-json\/wp\/v2\/media?parent=8710"}],"wp:term":[{"taxonomy":"category","embeddable":true,"href":"https:\/\/middleeasttransparent.com\/fr\/wp-json\/wp\/v2\/categories?post=8710"},{"taxonomy":"post_tag","embeddable":true,"href":"https:\/\/middleeasttransparent.com\/fr\/wp-json\/wp\/v2\/tags?post=8710"}],"curies":[{"name":"wp","href":"https:\/\/api.w.org\/{rel}","templated":true}]}}