{"id":8449,"date":"2016-01-09T23:24:15","date_gmt":"2016-01-09T22:24:15","guid":{"rendered":"http:\/\/middleeasttransparent.com\/?p=8449"},"modified":"2016-01-09T23:24:15","modified_gmt":"2016-01-09T22:24:15","slug":"fifa-informe-des-motivations-de-sa-sanction-platini-fera-appel-lundi","status":"publish","type":"post","link":"https:\/\/middleeasttransparent.com\/fr\/fifa-informe-des-motivations-de-sa-sanction-platini-fera-appel-lundi\/","title":{"rendered":"Fifa : inform\u00e9 des motivations de sa sanction, Platini fera appel lundi"},"content":{"rendered":"<div class=\"width-padded\">\n<header class=\"article-header\">\n<div class=\"read-left-padding\">\n<h3 class=\"article-headline\">Michel Platini va faire appel lundi de sa suspension de huit ans de toute activit\u00e9 li\u00e9e au football, apr\u00e8s avoir accus\u00e9 r\u00e9ception des motivations de la sanction prise par la justice interne de la Fifa.<\/h3>\n<\/div>\n<\/header>\n<\/div>\n<div class=\"container-column clearfix\">\n<div class=\"wide-column width-padded-left\">\n<p class=\"article-standfirst read-left-padding\">Le parcours judiciaire continue pour Michel Platini: le pr\u00e9sident de l\u2019UEFA, d\u00e9sormais inform\u00e9 des motivations de sa suspension de huit ans de toute activit\u00e9 dans le football, a annonc\u00e9 par la voix de son avocat qu\u2019il ferait appel lundi aupr\u00e8s de la Fifa.<\/p>\n<div class=\"article-body read-left-padding\">\n<p>Jospeh Blatter, pr\u00e9sident d\u00e9missionnaire de la Fifa et \u00e9galement suspendu huit ans, a lui aussi re\u00e7u les motivations de sa sanction samedi et peut donc enclencher \u00e0 son tour la m\u00eame proc\u00e9dure d\u2019appel. En attendant c\u2019est Michel Platini, deux jours apr\u00e8s son retrait de la course \u00e0 la pr\u00e9sidence de la Fifa, qui a r\u00e9agi le premier en annon\u00e7ant \u00e0 l\u2019AFP sa volont\u00e9 de faire appel.<\/p>\n<p><em>\u00abNous confirmons avoir re\u00e7u dans la nuit de vendredi \u00e0 samedi les motivations de la sanction. On va les lire, les analyser et d\u00e9poser un appel lundi devant la commission de recours\u00bb<\/em> de l\u2019instance, a d\u00e9clar\u00e9 Me Thibaud d\u2019Al\u00e8s, membre du cabinet Clifford Chance, sans vouloir d\u00e9voiler le contenu de ces documents.<\/p>\n<p>En annon\u00e7ant sa d\u00e9cision de suspendre Platini et Blatter, le 21 d\u00e9cembre, la chambre de jugement de l\u2019instance dirigeante du ballon rond avait seulement pr\u00e9cis\u00e9 avoir retenu les charges d&rsquo;<em>\u00ababus de confiance\u00bb<\/em>, de<em>\u00abconflit d\u2019int\u00e9r\u00eat\u00bb<\/em> et de <em>\u00abgestion d\u00e9loyale\u00bb<\/em>, et avoir \u00e9cart\u00e9 celle de corruption, mais sans motiver ses sanctions. Les actions de Platini ont \u00e9galement d\u00e9montr\u00e9 <em>\u00abun abus de position de son poste de vice-pr\u00e9sident de la Fifa et membre du Comit\u00e9 ex\u00e9cutif de la Fifa\u00bb<\/em>, avait alors ajout\u00e9 la Fifa. A pr\u00e9sent, les deux personnes int\u00e9ress\u00e9es connaissent les motivations qui ont conduit \u00e0 leurs sanctions m\u00eame si la Fifa n\u2019en a pas donn\u00e9 publiquement le d\u00e9tail.<\/p>\n<h3>Platini \u00abdilettante\u00bb avec l\u2019argent<\/h3>\n<p>A l\u2019origine de l\u2019affaire se trouve un paiement controvers\u00e9 de 1,8 million d\u2019euros effectu\u00e9 en 2011 par la Fifa \u00e0 Michel Platini. Selon le Suisse et le Fran\u00e7ais, ce versement constituait le solde de la r\u00e9mun\u00e9ration d\u2019un travail de conseiller r\u00e9alis\u00e9 par Platini aupr\u00e8s du pr\u00e9sident de la Fifa entre 1999 et 2002, sur la base d\u2019un contrat oral. Cette affirmation concernant un contrat oral <em>\u00abn\u2019a pas \u00e9t\u00e9 jug\u00e9e convaincante et a \u00e9t\u00e9 rejet\u00e9e par la chambre\u00bb<\/em>, avait justifi\u00e9 les juges de la Fifa en d\u00e9cembre.<\/p>\n<p><em>\u00abA notre \u00e9poque, avoir un accord oral, c\u2019est totalement irresponsable\u00bb<\/em>, a comment\u00e9 r\u00e9cemment le prince jordanien Ali, un des cinq candidats encore en lice pour la pr\u00e9sidence de la Fifa. <em>\u00abAvec mon argent, je suis plut\u00f4t dilettante\u00bb<\/em>, avait d\u00e9j\u00e0 reconnu l\u2019ex-triple Ballon d\u2019Or. Fin septembre la justice p\u00e9nale suisse s\u2019\u00e9tait d\u00e9j\u00e0 saisie de ce versement entre les deux hommes, le minist\u00e8re public suisse allant jusqu\u2019\u00e0 parler de<em>\u00abpaiement d\u00e9loyal\u00bb<\/em> pour des <em>\u00abtravaux pr\u00e9tendument effectu\u00e9s entre janvier 1999 et juin 2002\u00bb<\/em> par le patron de l\u2019UEFA.<\/p>\n<p>Michel Platini avait alors \u00e9t\u00e9 entendu comme t\u00e9moin assist\u00e9, soit un statut interm\u00e9diaire entre celui de simple t\u00e9moin et celui de mis en examen. Et une proc\u00e9dure p\u00e9nale avait \u00e9t\u00e9 formellement ouverte contre Blatter, pour <em>\u00absoup\u00e7on de gestion d\u00e9loyale\u00bb<\/em> et <em>\u00ababus de confiance\u00bb<\/em>, au sujet de ce paiement mais aussi suite \u00e0 un <em>\u00abcontrat d\u00e9favorable \u00e0 la Fifa\u00bb<\/em> sur les droits de retransmission t\u00e9l\u00e9vis\u00e9s locaux des Mondiaux 2010 et 2014.<\/p>\n<p>Si l\u2019appel de Michel Platini est rejet\u00e9, le patron de l\u2019UEFA pourra ensuite se tourner vers le tribunal arbitral du sport (TAS) de Lausanne, en Suisse, l\u2019instance supr\u00eame de la justice sportive.<\/p>\n<h3>Cinq candidats \u00e0 la Fifa<\/h3>\n<p>Quel que soit le verdict final de la Fifa et \u00e9ventuellement du TAS, Michel Platini ne sera en tout cas pas le prochain patron de la Fifa, dont l\u2019\u00e9lection aura lieu le 26 f\u00e9vrier, <a href=\"http:\/\/www.liberation.fr\/sports\/2016\/01\/07\/platini-renonce-a-la-course-a-la-presidence-de-la-fifa_1424972\" target=\"_blank\">l\u2019ancien meneur de jeu des Bleus ayant d\u00e9cid\u00e9 de jeter l\u2019\u00e9ponge jeudi<\/a>.<\/p>\n<p>Dans un entretien \u00e0 <em>L\u2019Equipe<\/em>, l\u2019ancien N.10 de la Juventus de Turin avait pr\u00e9cis\u00e9 avoir <em>\u00abfait le choix\u00bb<\/em> de se consacrer \u00e0 sa d\u00e9fense, dans un dossier o\u00f9, selon lui, il n\u2019y aurait <em>\u00abplus de corruption, de falsification, (&#8230;) plus rien\u00bb<\/em>. Lorsqu\u2019il s\u2019\u00e9tait d\u00e9clar\u00e9 le 29 juillet, l\u2019ancien meneur des Bleus faisait figure de favori pour succ\u00e9der \u00e0 Blatter, d\u00e9missionnaire depuis le 2 juin, quatre jours apr\u00e8s sa r\u00e9\u00e9lection \u00e0 un cinqui\u00e8me mandat.\u00a0Aujourd\u2019hui, il n\u2019y a plus que cinq candidats encore en lice: l\u2019ancien membre de la Fifa J\u00e9r\u00f4me Champagne, le secr\u00e9taire g\u00e9n\u00e9ral de l\u2019UEFA Gianni Infantino, l\u2019homme d\u2019affaires sud-africain Tokyo Sexwale, le prince jordanien Ali et le pr\u00e9sident de la Conf\u00e9d\u00e9ration asiatique, Cheick Salman Bin Ebrahim Al Khalifa.<\/p>\n<p>Si d\u2019ici juin sa suspension \u00e9tait annul\u00e9e en appel \u00e0 la Fifa, ou par le TAS, Platini pourrait par contre retrouver son poste \u00e0 la t\u00eate de l\u2019UEFA, avant l\u2019Euro-2016 en France (10 juin-10 juillet). Quant \u00e0 Blatter, son r\u00eave affich\u00e9 reste de pr\u00e9sider le congr\u00e8s qui verra l\u2019\u00e9lection de son successeur, le 26 f\u00e9vrier \u00e0 Zurich. Pour cela il doit faire \u00e0 son tour appel. S\u2019il reste in fine suspendu, c\u2019est le pr\u00e9sident par int\u00e9rim de la Fifa, le Camerounais Issa Hayatou, qui sera dans son fauteuil.<\/p>\n<\/div>\n<\/div>\n<\/div>\n","protected":false},"excerpt":{"rendered":"<p>Michel Platini va faire appel lundi de sa suspension de huit ans de toute activit\u00e9 li\u00e9e au football, apr\u00e8s avoir accus\u00e9 r\u00e9ception des motivations de la sanction prise par la justice interne de la Fifa. Le parcours judiciaire continue pour Michel Platini: le pr\u00e9sident de l\u2019UEFA, d\u00e9sormais inform\u00e9 des motivations de sa suspension de huit<\/p>\n","protected":false},"author":97,"featured_media":8450,"comment_status":"open","ping_status":"open","sticky":false,"template":"","format":"standard","meta":{"_uf_show_specific_survey":0,"_uf_disable_surveys":false,"footnotes":""},"categories":[361],"tags":[],"class_list":{"0":"post-8449","1":"post","2":"type-post","3":"status-publish","4":"format-standard","5":"has-post-thumbnail","7":"category-sport-international"},"aioseo_notices":[],"_links":{"self":[{"href":"https:\/\/middleeasttransparent.com\/fr\/wp-json\/wp\/v2\/posts\/8449","targetHints":{"allow":["GET"]}}],"collection":[{"href":"https:\/\/middleeasttransparent.com\/fr\/wp-json\/wp\/v2\/posts"}],"about":[{"href":"https:\/\/middleeasttransparent.com\/fr\/wp-json\/wp\/v2\/types\/post"}],"author":[{"embeddable":true,"href":"https:\/\/middleeasttransparent.com\/fr\/wp-json\/wp\/v2\/users\/97"}],"replies":[{"embeddable":true,"href":"https:\/\/middleeasttransparent.com\/fr\/wp-json\/wp\/v2\/comments?post=8449"}],"version-history":[{"count":0,"href":"https:\/\/middleeasttransparent.com\/fr\/wp-json\/wp\/v2\/posts\/8449\/revisions"}],"wp:featuredmedia":[{"embeddable":true,"href":"https:\/\/middleeasttransparent.com\/fr\/wp-json\/wp\/v2\/media\/8450"}],"wp:attachment":[{"href":"https:\/\/middleeasttransparent.com\/fr\/wp-json\/wp\/v2\/media?parent=8449"}],"wp:term":[{"taxonomy":"category","embeddable":true,"href":"https:\/\/middleeasttransparent.com\/fr\/wp-json\/wp\/v2\/categories?post=8449"},{"taxonomy":"post_tag","embeddable":true,"href":"https:\/\/middleeasttransparent.com\/fr\/wp-json\/wp\/v2\/tags?post=8449"}],"curies":[{"name":"wp","href":"https:\/\/api.w.org\/{rel}","templated":true}]}}