{"id":8308,"date":"2016-01-05T10:42:00","date_gmt":"2016-01-05T09:42:00","guid":{"rendered":"http:\/\/middleeasttransparent.com\/?p=8308"},"modified":"2016-01-05T10:42:00","modified_gmt":"2016-01-05T09:42:00","slug":"presidentielle-lattaque-de-nasrallah-contre-riyad-etouffe-les-espoirs-dun-deblocage","status":"publish","type":"post","link":"https:\/\/middleeasttransparent.com\/fr\/presidentielle-lattaque-de-nasrallah-contre-riyad-etouffe-les-espoirs-dun-deblocage\/","title":{"rendered":"Pr\u00e9sidentielle\u00a0: l\u2019attaque de Nasrallah contre Riyad \u00e9touffe les espoirs d\u2019un d\u00e9blocage"},"content":{"rendered":"<div class=\"toolbox\">\n<p>Les milieux politiques libanais sont encore sous le choc des <a href=\"http:\/\/www.lorientlejour.com\/article\/963023\/nasrallah-le-sang-du-cheikh-nimr-poursuivra-les-saoud-dans-ce-monde-et-dans-lau-dela.html\" target=\"_blank\">d\u00e9clarations incendiaires du secr\u00e9taire g\u00e9n\u00e9ral du Hezbollah<\/a>, Hassan Nasrallah, contre l&rsquo;Arabie saoudite, qui a d\u00e9capit\u00e9 47 \u00ab\u00a0terroristes\u00a0\u00bb pr\u00e9sum\u00e9s, dont un dignitaire chiite, <a href=\"http:\/\/www.lorientlejour.com\/article\/962887\/execute-en-arabie-cheikh-nimr-etait-un-influent-defenseur-des-chiites.html\" target=\"_blank\">Nimr el- Nimr<\/a>, accus\u00e9s, comme on le sait, par Riyad de suivre les courants takfiristes, d&rsquo;appartenir \u00e0 des organisations terroristes, de porter un coup \u00e0 l&rsquo;\u00e9conomie saoudienne et de nuire aux int\u00e9r\u00eats du royaume avec des \u00c9tats fr\u00e8res.<\/p>\n<\/div>\n<div class=\"text\">\n<p>L&rsquo;une des cons\u00e9quences imm\u00e9diates de cette ex\u00e9cution, vue par le Hezbollah comme un acte de guerre, est le gel, sine die, de l&rsquo;initiative propos\u00e9e par le chef du courant du Futur, Saad Hariri, pour d\u00e9bloquer le dossier de la pr\u00e9sidentielle. L&rsquo;espoir qu&rsquo;avait fait na\u00eetre cette initiative, qui porte principalement sur l&rsquo;\u00e9lection du chef des Marada, Sleiman Frangi\u00e9, \u00e0 la t\u00eate de l&rsquo;\u00c9tat, s&rsquo;est \u00e9teint avec les premiers mots prononc\u00e9s par Hassan Nasrallah contre Riyad.<\/p>\n<p>Plus grave encore est le pr\u00e9c\u00e9dent cr\u00e9\u00e9 par le chef du Hezbollah, dont le discours repr\u00e9sente, du point de vue du 14 Mars, un \u00ab\u00a0message v\u00e9h\u00e9ment iranien adress\u00e9 par des voix libanaises \u00e0 l&rsquo;Arabie saoudite, \u00e0 des fins r\u00e9gionales\u00a0\u00bb. Cette \u00e9volution dans le bras de fer irano-saoudien inqui\u00e8te au plus haut point les 14-Marsistes qui y ont vu, entre autres, une nouvelle tentative du Hezbollah d&rsquo;enfoncer le Liban dans le conflit r\u00e9gional. Ce faisant, Hassan Nasrallah n&rsquo;a pas manqu\u00e9, encore une fois, de s&rsquo;immiscer dans les affaires d&rsquo;un pays tiers avec lequel le Liban entretient les relations les plus \u00e9troites. Un tel comportement intervient apr\u00e8s que le parti chiite eut impliqu\u00e9 le Liban dans la crise syrienne, sous pr\u00e9texte tant\u00f4t de prot\u00e9ger un lieu de culte chiite pr\u00e8s de Damas, celui de Sitt Zeinab, et tant\u00f4t de lancer une guerre pr\u00e9ventive pour contrer le danger jihadiste. Il n&rsquo;a pas manqu\u00e9 non plus de fouler aux pieds les conventions et les coutumes internationales, et plus particuli\u00e8rement les lois libanaises, qui interdisent toute immixtion dans les affaires d&rsquo;un pays ami et toute atteinte \u00e0 un \u00c9tat arabe. Il a fait voler en \u00e9clats aussi un principe que le Liban suit scrupuleusement depuis toujours, \u00e0 savoir \u00ab\u00a0se tenir aux c\u00f4t\u00e9s des Arabes lorsqu&rsquo;ils s&rsquo;entendent entre eux, et rester neutre lorsqu&rsquo;ils sont en conflit\u00a0\u00bb.<br \/>\n<em>(Lire aussi : <a href=\"http:\/\/www.lorientlejour.com\/article\/963254\/crise-iran-arabie-des-secousses-ressenties-a-beyrouth.html\" target=\"_blank\">Crise Iran-Arabie : des secousses ressenties \u00e0 Beyrouth<\/a>)<\/em><br \/>\nPratiquement, comment la d\u00e9claration de guerre irano-hezbollahie contre l&rsquo;Arabie saoudite peut-elle donc affecter le Liban ? De nombreux observateurs redoutent une complication des efforts d\u00e9ploy\u00e9s jusque-l\u00e0 pour d\u00e9bloquer la pr\u00e9sidentielle. Ils voient mal le Hezbollah, qui, il n&rsquo;y a pas tr\u00e8s longtemps, avait exprim\u00e9 des r\u00e9serves au sujet de la candidature de Sleiman Frangi\u00e9, en avan\u00e7ant l&rsquo;argument de l&rsquo;engagement \u00ab\u00a0moral et \u00e9thique\u00a0\u00bb en faveur de celle du chef du bloc parlementaire du Changement et de la R\u00e9forme, Michel Aoun, souscrire \u00e0 la proposition haririenne, appuy\u00e9e par l&rsquo;Arabie saoudite, la France et le Vatican, et qui pr\u00e9voit, outre l&rsquo;accession de M. Frangi\u00e9, une figure \u00e9minente du 8 Mars, \u00e0 la magistrature supr\u00eame, la nomination d&rsquo;un 14-Marsiste, en l&rsquo;occurrence Saad Hariri, \u00e0 la t\u00eate du gouvernement ainsi que l&rsquo;\u00e9laboration d&rsquo;une loi \u00e9lectorale fond\u00e9e sur un mode de scrutin mixte.<br \/>\nOr, dans les circonstances actuelles, il est peu probable que l&rsquo;Iran et le Hezbollah acceptent l&rsquo;accession du tr\u00e8s saoudien Saad Hariri \u00e0 la t\u00eate du gouvernement.<\/p>\n<p>&nbsp;<\/p>\n<p><em>(Lire aussi : <a href=\"http:\/\/www.lorientlejour.com\/article\/963024\/de-lexecution-de-nimr-en-arabie-saoudite-a-la-paralysie-presidentielle-au-liban.html\">De l\u2019ex\u00e9cution de Nimr en Arabie saoudite&#8230; \u00e0 la paralysie pr\u00e9sidentielle au Liban<\/a>)<\/em><br \/>\nDans le meilleur des cas, le bras de fer irano-saoudien pourrait d\u00e9boucher sur l&rsquo;\u00e9lection d&rsquo;une personnalit\u00e9 autre que les \u00ab\u00a0quatre candidats forts\u00a0\u00bb, \u00e0 savoir Amine Gemayel, Michel Aoun, Samir Geagea et Sleiman Frangi\u00e9, si jamais les leaders chr\u00e9tiens parviennent \u00e0 s&rsquo;entendre pour mettre fin \u00e0 la vacance \u00e0 la t\u00eate de l&rsquo;\u00c9tat. Tr\u00e8s peu croient cependant \u00e0 ce cas de figure et pensent qu&rsquo;au contraire, l&rsquo;Iran va accentuer la pression politique, en se servant de la carte libanaise, pour am\u00e9liorer ses conditions de n\u00e9gociations dans la perspective des compromis dont les pr\u00e9mices commencent \u00e0 appara\u00eetre au niveau r\u00e9gional.<\/p>\n<p>Selon des sources du 8 Mars, le Hezbollah n&rsquo;est pas pr\u00e8s de faciliter l&rsquo;acc\u00e8s de Saad Hariri \u00e0 la t\u00eate du gouvernement au moment o\u00f9 il sent l&rsquo;\u00e9tau se resserrer autour de lui \u00e0 l&rsquo;heure o\u00f9 pointe l&rsquo;espoir d&rsquo;un r\u00e8glement r\u00e9gional. Pour lui, ce n&rsquo;est pas un hasard si les restrictions am\u00e9ricaines qui l&rsquo;affectent ont co\u00efncid\u00e9 avec le d\u00e9but de pourparlers autour d&rsquo;un r\u00e8glement dans la r\u00e9gion, et ce n&rsquo;est pas un hasard non plus si l&rsquo;initiative Hariri a \u00e9t\u00e9 lanc\u00e9e en m\u00eame temps. Est-elle dirig\u00e9e contre lui ? Le parti de Dieu semble en \u00eatre persuad\u00e9.<br \/>\nToujours est-il qu&rsquo;au stade actuel, et plus que jamais, l&rsquo;Iran est peu enclin \u00e0 d\u00e9bloquer la pr\u00e9sidentielle libanaise avant de conna\u00eetre la nature du compromis pr\u00e9vu pour la Syrie et avant d&rsquo;\u00eatre fix\u00e9 sur le profil du r\u00e9gime qui pourrait succ\u00e9der \u00e0 celui d&rsquo;Assad, ainsi que sur le sort de l&rsquo;actuel chef de l&rsquo;\u00c9tat syrien.<\/p>\n<p><a href=\"http:\/\/www.lorientlejour.com\/article\/963246\/presidentielle-lattaque-de-nasrallah-contre-riyad-etouffe-les-espoirs-dun-deblocage.html\">L&rsquo;Orient Le Jour<\/a><\/p>\n<\/div>\n","protected":false},"excerpt":{"rendered":"<p>Les milieux politiques libanais sont encore sous le choc des d\u00e9clarations incendiaires du secr\u00e9taire g\u00e9n\u00e9ral du Hezbollah, Hassan Nasrallah, contre l&rsquo;Arabie saoudite, qui a d\u00e9capit\u00e9 47 \u00ab\u00a0terroristes\u00a0\u00bb pr\u00e9sum\u00e9s, dont un dignitaire chiite, Nimr el- Nimr, accus\u00e9s, comme on le sait, par Riyad de suivre les courants takfiristes, d&rsquo;appartenir \u00e0 des organisations terroristes, de porter un<\/p>\n","protected":false},"author":182,"featured_media":8310,"comment_status":"open","ping_status":"open","sticky":false,"template":"","format":"standard","meta":{"_uf_show_specific_survey":0,"_uf_disable_surveys":false,"footnotes":""},"categories":[22],"tags":[],"class_list":{"0":"post-8308","1":"post","2":"type-post","3":"status-publish","4":"format-standard","5":"has-post-thumbnail","7":"category-actualites-fr"},"aioseo_notices":[],"_links":{"self":[{"href":"https:\/\/middleeasttransparent.com\/fr\/wp-json\/wp\/v2\/posts\/8308","targetHints":{"allow":["GET"]}}],"collection":[{"href":"https:\/\/middleeasttransparent.com\/fr\/wp-json\/wp\/v2\/posts"}],"about":[{"href":"https:\/\/middleeasttransparent.com\/fr\/wp-json\/wp\/v2\/types\/post"}],"author":[{"embeddable":true,"href":"https:\/\/middleeasttransparent.com\/fr\/wp-json\/wp\/v2\/users\/182"}],"replies":[{"embeddable":true,"href":"https:\/\/middleeasttransparent.com\/fr\/wp-json\/wp\/v2\/comments?post=8308"}],"version-history":[{"count":0,"href":"https:\/\/middleeasttransparent.com\/fr\/wp-json\/wp\/v2\/posts\/8308\/revisions"}],"wp:featuredmedia":[{"embeddable":true,"href":"https:\/\/middleeasttransparent.com\/fr\/wp-json\/wp\/v2\/media\/8310"}],"wp:attachment":[{"href":"https:\/\/middleeasttransparent.com\/fr\/wp-json\/wp\/v2\/media?parent=8308"}],"wp:term":[{"taxonomy":"category","embeddable":true,"href":"https:\/\/middleeasttransparent.com\/fr\/wp-json\/wp\/v2\/categories?post=8308"},{"taxonomy":"post_tag","embeddable":true,"href":"https:\/\/middleeasttransparent.com\/fr\/wp-json\/wp\/v2\/tags?post=8308"}],"curies":[{"name":"wp","href":"https:\/\/api.w.org\/{rel}","templated":true}]}}