{"id":8299,"date":"2016-01-05T00:30:29","date_gmt":"2016-01-04T23:30:29","guid":{"rendered":"http:\/\/middleeasttransparent.com\/?p=8299"},"modified":"2016-01-05T00:30:29","modified_gmt":"2016-01-04T23:30:29","slug":"la-subversion-djihadiste-principale-inquietude-des-saoud","status":"publish","type":"post","link":"https:\/\/middleeasttransparent.com\/fr\/la-subversion-djihadiste-principale-inquietude-des-saoud\/","title":{"rendered":"La subversion djihadiste, principale inqui\u00e9tude des Saoud"},"content":{"rendered":"<div class=\"toolbar\">\u00a0<em>Far\u00e8s Al-Zahrani, th\u00e9oricien de la branche saoudienne d&rsquo;Al-Qaida (ici dans une vid\u00e9o de 2004 de la cha\u00eene Al-Arabiya) a \u00e9t\u00e9 ex\u00e9cut\u00e9 en Arabie Saoudite le 2 janvier. <span class=\"source_image\" data-copyright=\"AFP\">AFP<\/span><\/em><\/div>\n<div id=\"articleBody\" class=\"contenu_article js_article_body\">\n<div class=\"toolbar\">\n<div class=\"conteneur_barre_outils\">\n<p class=\"barre_outils\"><strong>Par <span class=\"auteur txt2_120\"><a class=\"auteur\" href=\"http:\/\/www.lemonde.fr\/journaliste\/benjamin-barthe\/\" target=\"_blank\">Benjamin Barthe<\/a> (Beyrouth, correspondant)<\/span><\/strong><\/p>\n<\/div>\n<\/div>\n<p>La notori\u00e9t\u00e9 du cheikh Al-Nimr et la cascade de r\u00e9actions provoqu\u00e9es par son ex\u00e9cution les ont rel\u00e9gu\u00e9s \u00e0 l\u2019arri\u00e8re-plan de la sc\u00e8ne m\u00e9diatique. Pourtant, l\u2019immense majorit\u00e9 des personnes ex\u00e9cut\u00e9es en Arabie saoudite samedi 2\u00a0janvier n\u2019\u00e9taient pas des dissidents chiites, mais des extr\u00e9mistes sunnites.<\/p>\n<p>La liste de 47 noms fournis par le minist\u00e8re de l\u2019int\u00e9rieur saoudien comprend 43 condamn\u00e9s en lien avec des attentats men\u00e9s par Al-Qaida, il y a pr\u00e8s de dix ans, dans le royaume, dont 41 Saoudiens, un Tchadien et un Egyptien. Parmi les personnes mises \u00e0 mort figure Far\u00e8s Al-Shuwail Al-Zahrani, le th\u00e9oricien de la branche saoudienne de l\u2019organisation fond\u00e9e par Oussama Ben Laden. Sa capture, en\u00a02004, avait constitu\u00e9 une importante victoire pour la monarchie, alors confront\u00e9e \u00e0 une s\u00e9rie d\u2019attaques djihadistes, ciblant les compounds d\u2019expatri\u00e9s, les installations p\u00e9troli\u00e8res et les b\u00e2timents des services de s\u00e9curit\u00e9.<\/p>\n<p>Selon le chercheur fran\u00e7ais St\u00e9phane Lacroix, sp\u00e9cialiste de l\u2019Arabie saoudite, c\u2019est la premi\u00e8re fois que Riyad ex\u00e9cute un id\u00e9ologue sunnite de cette envergure. Et selon les d\u00e9comptes de l\u2019organisation de d\u00e9fense des droits de l\u2019homme Human Rights Watch, c\u2019est aussi la premi\u00e8re fois que des citoyens saoudiens sont ex\u00e9cut\u00e9s dans leur pays, pour des actions de type djihadiste, depuis l\u2019essor de l\u2019organisation&#8230;<\/p>\n<\/div>\n<p><a href=\"http:\/\/www.lemonde.fr\/proche-orient\/article\/2016\/01\/04\/la-subversion-djihadiste-principale-inquietude-des-saoud_4841268_3218.html#FC27W10qERkqTZF0.99\">LE MONDE\u00a0\u00a0<\/a><\/p>\n","protected":false},"excerpt":{"rendered":"<p>\u00a0Far\u00e8s Al-Zahrani, th\u00e9oricien de la branche saoudienne d&rsquo;Al-Qaida (ici dans une vid\u00e9o de 2004 de la cha\u00eene Al-Arabiya) a \u00e9t\u00e9 ex\u00e9cut\u00e9 en Arabie Saoudite le 2 janvier. AFP Par Benjamin Barthe (Beyrouth, correspondant) La notori\u00e9t\u00e9 du cheikh Al-Nimr et la cascade de r\u00e9actions provoqu\u00e9es par son ex\u00e9cution les ont rel\u00e9gu\u00e9s \u00e0 l\u2019arri\u00e8re-plan de la sc\u00e8ne<\/p>\n","protected":false},"author":134,"featured_media":8300,"comment_status":"open","ping_status":"open","sticky":false,"template":"","format":"standard","meta":{"_uf_show_specific_survey":0,"_uf_disable_surveys":false,"footnotes":""},"categories":[22],"tags":[],"class_list":{"0":"post-8299","1":"post","2":"type-post","3":"status-publish","4":"format-standard","5":"has-post-thumbnail","7":"category-actualites-fr"},"aioseo_notices":[],"_links":{"self":[{"href":"https:\/\/middleeasttransparent.com\/fr\/wp-json\/wp\/v2\/posts\/8299","targetHints":{"allow":["GET"]}}],"collection":[{"href":"https:\/\/middleeasttransparent.com\/fr\/wp-json\/wp\/v2\/posts"}],"about":[{"href":"https:\/\/middleeasttransparent.com\/fr\/wp-json\/wp\/v2\/types\/post"}],"author":[{"embeddable":true,"href":"https:\/\/middleeasttransparent.com\/fr\/wp-json\/wp\/v2\/users\/134"}],"replies":[{"embeddable":true,"href":"https:\/\/middleeasttransparent.com\/fr\/wp-json\/wp\/v2\/comments?post=8299"}],"version-history":[{"count":0,"href":"https:\/\/middleeasttransparent.com\/fr\/wp-json\/wp\/v2\/posts\/8299\/revisions"}],"wp:featuredmedia":[{"embeddable":true,"href":"https:\/\/middleeasttransparent.com\/fr\/wp-json\/wp\/v2\/media\/8300"}],"wp:attachment":[{"href":"https:\/\/middleeasttransparent.com\/fr\/wp-json\/wp\/v2\/media?parent=8299"}],"wp:term":[{"taxonomy":"category","embeddable":true,"href":"https:\/\/middleeasttransparent.com\/fr\/wp-json\/wp\/v2\/categories?post=8299"},{"taxonomy":"post_tag","embeddable":true,"href":"https:\/\/middleeasttransparent.com\/fr\/wp-json\/wp\/v2\/tags?post=8299"}],"curies":[{"name":"wp","href":"https:\/\/api.w.org\/{rel}","templated":true}]}}