{"id":8166,"date":"2016-01-03T12:23:07","date_gmt":"2016-01-03T11:23:07","guid":{"rendered":"http:\/\/middleeasttransparent.com\/?p=8166"},"modified":"2016-01-03T12:23:07","modified_gmt":"2016-01-03T11:23:07","slug":"lexecution-du-cheikh-al-nimr-creuse-la-cassure-confessionnelle-du-moyen-orient","status":"publish","type":"post","link":"https:\/\/middleeasttransparent.com\/fr\/lexecution-du-cheikh-al-nimr-creuse-la-cassure-confessionnelle-du-moyen-orient\/","title":{"rendered":"L\u2019ex\u00e9cution du cheikh Al-Nimr creuse la cassure confessionnelle du Moyen-Orient"},"content":{"rendered":"<p class=\"tt2\"><strong>\u00a0<span class=\"signature_article\">Par <span class=\"auteur txt2_120\"><a class=\"auteur\" href=\"http:\/\/www.lemonde.fr\/journaliste\/benjamin-barthe\/\" target=\"_blank\">Benjamin Barthe<\/a> (Beyrouth, correspondant)<\/span><\/span><\/strong><\/p>\n<div class=\"toolbar\">\n<div class=\"conteneur_barre_outils\">\n<div class=\"barre_outils\">\n<p><strong><span class=\"outil_partage_twitter twitter outil\" title=\"Partager sur Twitter\"><span class=\"toolbar-label\">\u00a0<\/span><\/span><\/strong><\/p>\n<\/div>\n<\/div>\n<\/div>\n<div id=\"articleBody\" class=\"contenu_article js_article_body\">\n<figure class=\"illustration_haut   \">&nbsp;<\/p>\n<\/figure>\n<p class=\"taille_courante\"><strong>Les d\u00e9fenseurs du cheikh Al-Nimr redoutaient le pire depuis que les forces de s\u00e9curit\u00e9 saoudiennes avaient \u00e9t\u00e9 mises en \u00e9tat d\u2019alerte il y a quelques jours. Leurs craintes se sont r\u00e9v\u00e9l\u00e9es exactes<\/strong>. Le c\u00e9l\u00e8bre pr\u00e9dicateur chiite a \u00e9t\u00e9 ex\u00e9cut\u00e9 samedi\u00a02\u00a0janvier, avec quarante-six autres personnes condamn\u00e9es pour \u00ab\u00a0terrorisme\u00a0\u00bb, dont des militants d\u2019<a class=\"lien_interne rub\" title=\"Toute l\u2019actualit\u00e9 Al-Qaida\" href=\"http:\/\/www.lemonde.fr\/al-qaida\/\">Al-Qaida<\/a>. Sa mise \u00e0 mort promet d\u2019attiser les haines sectaires au Moyen-Orient, d\u2019accro\u00eetre les tensions entre l\u2019<a class=\"lien_interne rub\" title=\"Toute l\u2019actualit\u00e9 Iran\" href=\"http:\/\/www.lemonde.fr\/iran\/\">Iran<\/a> et le royaume wahhabite, qui se combattent d\u00e9j\u00e0, par alli\u00e9s interpos\u00e9s, en <a class=\"lien_interne rub\" title=\"Toute l\u2019actualit\u00e9 Syrie\" href=\"http:\/\/www.lemonde.fr\/syrie\/\">Syrie<\/a> et au <a class=\"lien_interne rub\" title=\"Toute l\u2019actualit\u00e9 Y\u00e9men\" href=\"http:\/\/www.lemonde.fr\/yemen\/\">Y\u00e9men<\/a>, et donc de <a class=\"lien_interne conjug\" title=\"Conjugaison du verbe nuire\" href=\"http:\/\/conjugaison.lemonde.fr\/conjugaison\/troisieme-groupe\/nuire\/\" target=\"_blank\">nuire<\/a> aux efforts, r\u00e9cemment relanc\u00e9s, pour <a class=\"lien_interne conjug\" title=\"Conjugaison du verbe r\u00e9gler\" href=\"http:\/\/conjugaison.lemonde.fr\/conjugaison\/premier-groupe\/r%C3%A9gler\/\" target=\"_blank\">r\u00e9gler<\/a> ces deux conflits.<\/p>\n<p class=\"lire\">Lire aussi\u00a0: <a href=\"http:\/\/www.lemonde.fr\/proche-orient\/article\/2016\/01\/02\/l-arabie-saoudite-execute-47-personnes-dont-le-cheikh-chiite-al-nimr_4840883_3218.html\">L\u2019Arabie saoudite ex\u00e9cute 47\u00a0personnes, dont le cheikh chiite Al-Nimr<\/a><\/p>\n<p><em>\u00ab\u00a0Je ne doute pas que ce sang pur tachera la maison <\/em>[de la <a class=\"lien_interne rub\" title=\"Toute l\u2019actualit\u00e9 famille\" href=\"http:\/\/www.lemonde.fr\/famille\/\">famille<\/a>]<em> Al-Saoud et qu\u2019ils seront balay\u00e9s des pages de l\u2019<a class=\"lien_interne rub\" title=\"Toute l\u2019actualit\u00e9 histoire\" href=\"http:\/\/www.lemonde.fr\/histoire\/\">histoire<\/a>\u00a0\u00bb<\/em>, a r\u00e9agi l\u2019ayatollah iranien Ahmad Khatami, en r\u00e9f\u00e9rence \u00e0 la dynastie au <a class=\"lien_interne conjug\" title=\"Conjugaison du verbe pouvoir\" href=\"http:\/\/conjugaison.lemonde.fr\/conjugaison\/troisieme-groupe\/pouvoir\/\" target=\"_blank\">pouvoir<\/a> \u00e0 Riyad.<em> \u00ab\u00a0<a class=\"lien_interne rub\" title=\"Toute l\u2019actualit\u00e9 Le monde\" href=\"http:\/\/www.lemonde.fr\/le-monde\/\">Le monde<\/a> islamique va <a class=\"lien_interne conjug\" title=\"Conjugaison du verbe exprimer\" href=\"http:\/\/conjugaison.lemonde.fr\/conjugaison\/premier-groupe\/exprimer\/\" target=\"_blank\">exprimer<\/a> son indignation et <a class=\"lien_interne conjug\" title=\"Conjugaison du verbe d\u00e9noncer\" href=\"http:\/\/conjugaison.lemonde.fr\/conjugaison\/premier-groupe\/d%C3%A9noncer\/\" target=\"_blank\">d\u00e9noncer<\/a> ce r\u00e9gime inf\u00e2me autant que possible\u00a0\u00bb<\/em>, a ajout\u00e9 le dignitaire iranien, membre de l\u2019assembl\u00e9e des experts. <em>\u00ab\u00a0Riyad paiera un prix \u00e9lev\u00e9\u00a0\u00bb<\/em>, a d\u00e9clar\u00e9 le porte-parole du minist\u00e8re des <a class=\"lien_interne rub\" title=\"Toute l\u2019actualit\u00e9 affaires \u00e9trang\u00e8res\" href=\"http:\/\/www.lemonde.fr\/affaires-etrangeres\/\">affaires \u00e9trang\u00e8res<\/a> de l\u2019Iran.<\/p>\n<h2 class=\"intertitre\">D\u00e9sob\u00e9issance au souverain<\/h2>\n<p><strong>Ag\u00e9 de 56\u00a0ans, Nimr Baqer Al-Nimr, avait \u00e9t\u00e9 le chef de file des manifestations qui avaient \u00e9branl\u00e9 la province orientale du royaume, fief de la communaut\u00e9 chiite saoudienne, entre\u00a02011 et\u00a02012, en parall\u00e8le des \u00ab\u00a0printemps arabes\u00a0\u00bb<\/strong>. Dans ce pays qui se d\u00e9finit comme le gardien de l\u2019orthodoxie sunnite, r\u00e9gi par le wahhabisme \u2013\u00a0une version ultrapuritaine de l\u2019<a class=\"lien_interne rub\" title=\"Toute l\u2019actualit\u00e9 islam\" href=\"http:\/\/www.lemonde.fr\/islam\/\">islam<\/a>\u00a0\u2013, les chiites, qui sont deux millions sur une <a class=\"lien_interne rub\" title=\"Toute l\u2019actualit\u00e9 population\" href=\"http:\/\/www.lemonde.fr\/demographie\/\">population<\/a> dix-huit millions, s\u2019estiment souvent marginalis\u00e9s et harcel\u00e9s par l\u2019appareil policier.<\/p>\n<p>Le cheikh Al-Nimr s\u2019\u00e9tait distingu\u00e9 par quelques pr\u00eaches provocateurs, <strong>notamment celui o\u00f9 il s\u2019\u00e9tait r\u00e9joui de la mort du prince h\u00e9ritier Nayef, en 2012<\/strong>. Un an plus t\u00f4t, dans une autre diatribe, <strong>il avait appel\u00e9 \u00e0 une s\u00e9cession de l\u2019est de l\u2019<a class=\"lien_interne rub\" title=\"Toute l\u2019actualit\u00e9 Arabie saoudite\" href=\"http:\/\/www.lemonde.fr\/arabie-saoudite\/\">Arabie saoudite<\/a> et \u00e0 sa fusion avec le royaume voisin de <a class=\"lien_interne rub\" title=\"Toute l\u2019actualit\u00e9 Bahre\u00efn\" href=\"http:\/\/www.lemonde.fr\/bahrein\/\">Bahre\u00efn<\/a><\/strong>, \u00e9branl\u00e9 \u00e0 l\u2019\u00e9poque par la r\u00e9volte de la majorit\u00e9 chiite contre la dynastie sunnite des Al-Khalifa. Surtout appr\u00e9ci\u00e9 de la jeunesse d\u00e9sh\u00e9rit\u00e9e de Qatif, la capitale des chiites sur la c\u00f4te est,<strong> le religieux \u00e9tait consid\u00e9r\u00e9 comme un dur par rapport \u00e0 d\u2019autres religieux, plus mod\u00e9r\u00e9s, comme le cheikh Hassan Al-Safar.<\/strong><\/p>\n<p>Il n\u2019avait cependant jamais cautionn\u00e9 les actes de violence perp\u00e9tr\u00e9s \u00e0 la fin du soul\u00e8vement, et de fa\u00e7on r\u00e9siduelle depuis, par une poign\u00e9e de radicaux, implant\u00e9s principalement \u00e0 Awamiyah, un quartier de Qatif. Une prudence insuffisante aux yeux des autorit\u00e9s. Arr\u00eat\u00e9 en juillet\u00a02012, Al-Nimr avait \u00e9t\u00e9 condamn\u00e9 \u00e0 mort en octobre\u00a02014 pour s\u00e9dition, d\u00e9sob\u00e9issance au souverain et port d\u2019armes par un tribunal de Riyad sp\u00e9cialis\u00e9 dans les affaires de terrorisme.<\/p>\n<h2 class=\"intertitre\">M\u00e9langer opposants et terroristes<\/h2>\n<p>A l\u2019\u00e9poque, de nombreux observateurs s\u2019attendaient \u00e0 ce que la cour supr\u00eame cass\u00e2t ce verdict pr\u00e9liminaire, unanimement condamn\u00e9 par les organisations internationales de <a class=\"lien_interne rub\" title=\"Toute l\u2019actualit\u00e9 d\u00e9fense\" href=\"http:\/\/www.lemonde.fr\/defense\/\">d\u00e9fense<\/a> des droits de l\u2019homme. Ou bien \u00e0 ce que le roi Abdallah le commu\u00e2t en peine de prison \u00e0 perp\u00e9tuit\u00e9. Mais celui-ci, mort trois mois plus tard, a \u00e9t\u00e9 remplac\u00e9 par un nouveau souverain, Salman, obnubil\u00e9 par la menace iranienne \u2013\u00a0et par extension chiite\u00a0\u2013, comme l\u2019a montr\u00e9 sa d\u00e9cision d\u2019entrer en guerre contre les milices houthistes au Y\u00e9men, de confession za\u00efdite, une branche du chiisme.<\/p>\n<p>Les deux super-ministres sur lesquels le roi s\u2019appuie, son fils et vice-prince h\u00e9ritier, Mohammed Ben Salman, titulaire du portefeuille de la d\u00e9fense, et son neveu et dauphin Mohammed Ben Nayef, charg\u00e9 de l\u2019int\u00e9rieur, ont par ailleurs construit leur ascension <a class=\"lien_interne rub\" title=\"Toute l\u2019actualit\u00e9 politique\" href=\"http:\/\/www.lemonde.fr\/politique\/\">politique<\/a> sur une image d\u2019homme \u00e0 poigne, inflexible. Ils pouvaient d\u2019autant moins y <a class=\"lien_interne conjug\" title=\"Conjugaison du verbe renoncer\" href=\"http:\/\/conjugaison.lemonde.fr\/conjugaison\/premier-groupe\/renoncer\/\" target=\"_blank\">renoncer<\/a> qu\u2019une rivalit\u00e9 feutr\u00e9e les oppose. Le triumvirat en place \u00e0 Riyad n\u2019\u00e9tait donc pas port\u00e9 naturellement \u00e0 la cl\u00e9mence.<\/p>\n<p><strong>Les dirigeants saoudiens redoutaient probablement aussi d\u2019\u00eatre accus\u00e9s de mollesse par le clerg\u00e9 wahhabite<\/strong>, l\u2019autre pilier du royaume avec la famille Al-Saoud, qui consid\u00e8re le chiisme comme une branche d\u00e9viante de l\u2019islam. Une gr\u00e2ce du cheikh Al-Nimr serait mal pass\u00e9e dans les milieux les plus conservateurs du pays, alors que des dizaines de sunnites, impliqu\u00e9s dans des attaques revendiqu\u00e9es par Al-Qaida, s\u2019appr\u00eataient \u00e0 <a class=\"lien_interne conjug\" title=\"Conjugaison du verbe \u00eatre\" href=\"http:\/\/conjugaison.lemonde.fr\/conjugaison\/auxiliaire\/%C3%AAtre\/\" target=\"_blank\">\u00eatre<\/a> mis \u00e0 mort et que le royaume durcit le ton contre l\u2019organisation <a class=\"lien_interne rub\" title=\"Toute l\u2019actualit\u00e9 Etat islamique\" href=\"http:\/\/www.lemonde.fr\/etat-islamique\/\">Etat islamique<\/a>, en annon\u00e7ant la <a class=\"lien_interne rub\" title=\"Toute l\u2019actualit\u00e9 formation\" href=\"http:\/\/www.lemonde.fr\/formation\/\">formation<\/a> d\u2019une coalition antiterroriste.<\/p>\n<p class=\"lire\">Lire aussi\u00a0: <a href=\"http:\/\/www.lemonde.fr\/international\/article\/2015\/12\/16\/lutte-contre-l-ei-pourquoi-et-comment-l-arabie-saoudite-veut-mettre-en-place-une-coalition_4833158_3210.html\">Comment l\u2019Arabie saoudite envisage sa coalition contre l\u2019Etat islamique<\/a><\/p>\n<p>La liste des personnes tu\u00e9es samedi inclut le nom de Fares Al-Shuwail, pr\u00e9sent\u00e9 par les <a class=\"lien_interne rub\" title=\"Toute l\u2019actualit\u00e9 m\u00e9dias\" href=\"http:\/\/www.lemonde.fr\/actualite-medias\/\">m\u00e9dias<\/a> saoudiens comme un leader religieux d\u2019Al-Qaida, arr\u00eat\u00e9 en ao\u00fbt\u00a02004, \u00e0 l\u2019\u00e9poque o\u00f9 l\u2019organisation d\u2019Oussama Ben Laden commettait de nombreux attentats dans le royaume. En ex\u00e9cutant le m\u00eame jour \u00e0 la fois des chiites et des sunnites, quitte \u00e0 <a class=\"lien_interne conjug\" title=\"Conjugaison du verbe m\u00e9langer\" href=\"http:\/\/conjugaison.lemonde.fr\/conjugaison\/premier-groupe\/m%C3%A9langer\/\" target=\"_blank\">m\u00e9langer<\/a> opposants et terroristes, le royaume esp\u00e8re <a class=\"lien_interne conjug\" title=\"Conjugaison du verbe d\u00e9samorcer\" href=\"http:\/\/conjugaison.lemonde.fr\/conjugaison\/premier-groupe\/d%C3%A9samorcer\/\" target=\"_blank\">d\u00e9samorcer<\/a> les critiques qui l\u2019accusent de discriminations antichiites.<\/p>\n<p>La man\u0153uvre ne devrait pas <a class=\"lien_interne conjug\" title=\"Conjugaison du verbe avoir\" href=\"http:\/\/conjugaison.lemonde.fr\/conjugaison\/auxiliaire\/avoir\/\" target=\"_blank\">avoir<\/a> beaucoup de succ\u00e8s. Riyad a d\u00e9j\u00e0 envoy\u00e9 des renforts de <a class=\"lien_interne rub\" title=\"Toute l\u2019actualit\u00e9 police\" href=\"http:\/\/www.lemonde.fr\/police\/\">police<\/a> \u00e0 Qatif, en pr\u00e9vision d\u2019une relance des troubles dans la province orientale. A Bahre\u00efn, archipel satellite de l\u2019Arabie saoudite, des manifestations de protestations ont commenc\u00e9 dans les villages chiites du sud de Manama, la capitale. La mise \u00e0 mort d\u2019Al-Nimr risque d\u2019approfondir la d\u00e9fiance entre T\u00e9h\u00e9ran et Riyad, au moment o\u00f9 le lancement de pourparlers de paix, sur le Y\u00e9men (un deuxi\u00e8me round de n\u00e9gociations est pr\u00e9vu pour la mi-janvier en <a class=\"lien_interne rub\" title=\"Toute l\u2019actualit\u00e9 Suisse\" href=\"http:\/\/www.lemonde.fr\/suisse\/\">Suisse<\/a>) et sur la Syrie (une premi\u00e8re rencontre entre pro et anti-Bachar Al-Assad est programm\u00e9e pour le 25\u00a0janvier \u00e0 Gen\u00e8ve), n\u00e9cessite au contraire un rapprochement entre les deux rivaux. Au Y\u00e9men, le mouvement houthiste a annonc\u00e9 <a class=\"lien_interne conjug\" title=\"Conjugaison du verbe porter\" href=\"http:\/\/conjugaison.lemonde.fr\/conjugaison\/premier-groupe\/porter\/\" target=\"_blank\">porter<\/a> le deuil <em>\u00ab\u00a0d\u2019un guerrier saint\u00a0\u00bb<\/em> ex\u00e9cut\u00e9 <em>\u00ab\u00a0apr\u00e8s une parodie de <a class=\"lien_interne rub\" title=\"Toute l\u2019actualit\u00e9 proc\u00e8s\" href=\"http:\/\/www.lemonde.fr\/proces\/\">proc\u00e8s<\/a> et en violation flagrante des droits de l\u2019homme\u00a0\u00bb<\/em>. La coalition arabe men\u00e9e par Riyad a enterr\u00e9 pour sa part le cessez-le-feu entr\u00e9 en vigueur le 15\u00a0d\u00e9cembre et viol\u00e9 \u00e0 de multiples reprises depuis cette date.<\/p>\n<p>Dans une d\u00e9claration \u00e0 l\u2019Agence <a class=\"lien_interne rub\" title=\"Toute l\u2019actualit\u00e9 France\" href=\"http:\/\/www.lemonde.fr\/europeennes-france\/\">France<\/a>-Presse, Mohamed Al-Nimr, le fr\u00e8re du d\u00e9funt cheikh, a esp\u00e9r\u00e9 que <em>\u00ab\u00a0la voix de la mod\u00e9ration et un r\u00e8glement <a class=\"lien_interne rub\" title=\"Toute l\u2019actualit\u00e9 politique\" href=\"http:\/\/www.lemonde.fr\/afrique-politique\/\">politique<\/a> pr\u00e9vaudront\u00a0\u00bb<\/em>. Mais il est peu probable que <a class=\"lien_interne bourse\" href=\"http:\/\/www.lemonde.fr\/bourse\/nyse-euronext-paris-equities\/ses\/\">ses<\/a> mots de paix soient entendus.<\/p>\n<\/div>\n<p><a href=\"http:\/\/www.lemonde.fr\/proche-orient\/article\/2016\/01\/02\/execution-d-al-nimr-riyad-prend-le-risque-d-attiser-les-haines-sectaires-au-proche-orient_4840902_3218.html#iXoz9cyHehoqjRUY.99\">LE MONDE\u00a0\u00a0<\/a><\/p>\n","protected":false},"excerpt":{"rendered":"<p>\u00a0Par Benjamin Barthe (Beyrouth, correspondant) \u00a0 &nbsp; Les d\u00e9fenseurs du cheikh Al-Nimr redoutaient le pire depuis que les forces de s\u00e9curit\u00e9 saoudiennes avaient \u00e9t\u00e9 mises en \u00e9tat d\u2019alerte il y a quelques jours. Leurs craintes se sont r\u00e9v\u00e9l\u00e9es exactes. Le c\u00e9l\u00e8bre pr\u00e9dicateur chiite a \u00e9t\u00e9 ex\u00e9cut\u00e9 samedi\u00a02\u00a0janvier, avec quarante-six autres personnes condamn\u00e9es pour \u00ab\u00a0terrorisme\u00a0\u00bb, dont<\/p>\n","protected":false},"author":134,"featured_media":8167,"comment_status":"open","ping_status":"open","sticky":false,"template":"","format":"standard","meta":{"_uf_show_specific_survey":0,"_uf_disable_surveys":false,"footnotes":""},"categories":[37],"tags":[],"class_list":{"0":"post-8166","1":"post","2":"type-post","3":"status-publish","4":"format-standard","5":"has-post-thumbnail","7":"category-alaune-fr"},"aioseo_notices":[],"_links":{"self":[{"href":"https:\/\/middleeasttransparent.com\/fr\/wp-json\/wp\/v2\/posts\/8166","targetHints":{"allow":["GET"]}}],"collection":[{"href":"https:\/\/middleeasttransparent.com\/fr\/wp-json\/wp\/v2\/posts"}],"about":[{"href":"https:\/\/middleeasttransparent.com\/fr\/wp-json\/wp\/v2\/types\/post"}],"author":[{"embeddable":true,"href":"https:\/\/middleeasttransparent.com\/fr\/wp-json\/wp\/v2\/users\/134"}],"replies":[{"embeddable":true,"href":"https:\/\/middleeasttransparent.com\/fr\/wp-json\/wp\/v2\/comments?post=8166"}],"version-history":[{"count":0,"href":"https:\/\/middleeasttransparent.com\/fr\/wp-json\/wp\/v2\/posts\/8166\/revisions"}],"wp:featuredmedia":[{"embeddable":true,"href":"https:\/\/middleeasttransparent.com\/fr\/wp-json\/wp\/v2\/media\/8167"}],"wp:attachment":[{"href":"https:\/\/middleeasttransparent.com\/fr\/wp-json\/wp\/v2\/media?parent=8166"}],"wp:term":[{"taxonomy":"category","embeddable":true,"href":"https:\/\/middleeasttransparent.com\/fr\/wp-json\/wp\/v2\/categories?post=8166"},{"taxonomy":"post_tag","embeddable":true,"href":"https:\/\/middleeasttransparent.com\/fr\/wp-json\/wp\/v2\/tags?post=8166"}],"curies":[{"name":"wp","href":"https:\/\/api.w.org\/{rel}","templated":true}]}}