{"id":8070,"date":"2015-12-30T18:38:51","date_gmt":"2015-12-30T17:38:51","guid":{"rendered":"http:\/\/middleeasttransparent.com\/?p=8070"},"modified":"2015-12-30T18:38:51","modified_gmt":"2015-12-30T17:38:51","slug":"en-syrie-deux-opposants-arretes-alors-que-se-profilent-les-negociations-avec-le-regime","status":"publish","type":"post","link":"https:\/\/middleeasttransparent.com\/fr\/en-syrie-deux-opposants-arretes-alors-que-se-profilent-les-negociations-avec-le-regime\/","title":{"rendered":"En Syrie, deux opposants arr\u00eat\u00e9s alors que se profilent les n\u00e9gociations avec le r\u00e9gime"},"content":{"rendered":"<h1 class=\"tt2\"><\/h1>\n<div class=\"toolbar\"><\/div>\n<div id=\"articleBody\" class=\"contenu_article js_article_body\">\n<figure class=\"illustration_haut   \"><strong>Les n\u00e9gociations entre l\u2019opposition et le r\u00e9gime syriens, qui doivent <a class=\"lien_interne conjug\" title=\"Conjugaison du verbe commencer\" href=\"http:\/\/conjugaison.lemonde.fr\/conjugaison\/premier-groupe\/commencer\/\" target=\"_blank\">commencer<\/a> au d\u00e9but de 2016, s\u2019annoncent compliqu\u00e9es. Mercredi\u00a030\u00a0d\u00e9cembre, les autorit\u00e9s syriennes ont arr\u00eat\u00e9 deux dissidents ayant particip\u00e9, il y a quelques semaines <a href=\"http:\/\/www.lemonde.fr\/proche-orient\/article\/2015\/12\/09\/les-rebelles-syriens-commencent-a-evacuer-le-dernier-quartier-de-homs-qu-ils-controlaient_4827571_3218.html\">\u00e0 Riyad, \u00e0 une r\u00e9union des principaux mouvements de l\u2019opposition<\/a> <a class=\"lien_interne rub\" title=\"Toute l\u2019actualit\u00e9 politique\" href=\"http:\/\/www.lemonde.fr\/politique\/\">politique<\/a> et <a class=\"lien_interne rub\" title=\"Toute l\u2019actualit\u00e9 arm\u00e9e\" href=\"http:\/\/www.lemonde.fr\/armee\/\">arm\u00e9e<\/a>.<\/strong><\/p>\n<\/figure>\n<p>Ahmed Al-Asraoui et Mounir Al-Bitar, deux figures du Comit\u00e9 de coordination nationale pour les forces du changement d\u00e9mocratique (CCND), principal bloc d\u2019opposants de l\u2019int\u00e9rieur, <em>\u00ab\u00a0ont \u00e9t\u00e9 arr\u00eat\u00e9s par les autorit\u00e9s syriennes \u00e0 la fronti\u00e8re avec le <a class=\"lien_interne rub\" title=\"Toute l\u2019actualit\u00e9 Liban\" href=\"http:\/\/www.lemonde.fr\/liban\/\">Liban<\/a>\u00a0\u00bb<\/em>, a affirm\u00e9 Yehia Aziz, son secr\u00e9taire g\u00e9n\u00e9ral.<\/p>\n<p>Une centaine de repr\u00e9sentants des principaux courants d\u2019opposition et des groupes <a class=\"lien_interne rub\" title=\"Toute l\u2019actualit\u00e9 arm\" href=\"http:\/\/www.lemonde.fr\/arm\/\">arm<\/a>\u00e9s avaient annonc\u00e9, le 10\u00a0d\u00e9cembre en <a class=\"lien_interne rub\" title=\"Toute l\u2019actualit\u00e9 Arabie saoudite\" href=\"http:\/\/www.lemonde.fr\/arabie-saoudite\/\">Arabie saoudite<\/a>, <a href=\"http:\/\/www.lemonde.fr\/proche-orient\/article\/2015\/12\/10\/syrie-plusieurs-groupes-de-l-opposition-d-accord-pour-negocier-avec-le-regime_4829259_3218.html\">leur accord pour des n\u00e9gociations avec le r\u00e9gime de Damas<\/a>, en r\u00e9clamant toutefois le d\u00e9part du pr\u00e9sident Bachar Al-Assad au d\u00e9but d\u2019une \u00e9ventuelle p\u00e9riode de transition.<\/p>\n<p>Les Nations unies, qui ont adopt\u00e9 <a href=\"http:\/\/www.lemonde.fr\/international\/article\/2015\/12\/18\/syrie-les-grandes-puissances-tombent-d-accord-sur-un-projet-de-resolution_4834955_3210.html\">le 18\u00a0d\u00e9cembre une r\u00e9solution pour un plan de paix en Syrie<\/a>, esp\u00e8rent que les pourparlers pourront s\u2019ouvrir le 25\u00a0janvier \u00e0 Gen\u00e8ve. Wa\u00ebl Al-Halki, le premier ministre de la <a class=\"lien_interne rub\" title=\"Toute l\u2019actualit\u00e9 Syrie\" href=\"http:\/\/www.lemonde.fr\/syrie\/\">Syrie<\/a>, a r\u00e9p\u00e9t\u00e9 mercredi que le r\u00e9gime \u00e9tait pr\u00eat \u00e0 y <a class=\"lien_interne conjug\" title=\"Conjugaison du verbe prendre\" href=\"http:\/\/conjugaison.lemonde.fr\/conjugaison\/troisieme-groupe\/prendre\/\" target=\"_blank\">prendre<\/a> part, m\u00eame si le <a class=\"lien_interne conjug\" title=\"Conjugaison du verbe pouvoir\" href=\"http:\/\/conjugaison.lemonde.fr\/conjugaison\/troisieme-groupe\/pouvoir\/\" target=\"_blank\">pouvoir<\/a> a pr\u00e9cis\u00e9 plus t\u00f4t qu\u2019il attendait de <a class=\"lien_interne conjug\" title=\"Conjugaison du verbe savoir\" href=\"http:\/\/conjugaison.lemonde.fr\/conjugaison\/troisieme-groupe\/savoir\/\" target=\"_blank\">savoir<\/a> quels groupes de l\u2019opposition y participeraient.<\/p>\n<p class=\"lire\">Lire aussi\u00a0: <a href=\"http:\/\/www.lemonde.fr\/proche-orient\/article\/2015\/12\/19\/le-conseil-de-securite-de-l-onu-adopte-a-l-unanimite-un-accord-sur-la-syrie_4835205_3218.html\">Syrie : ce que contient l\u2019accord de l\u2019ONU<\/a><\/p>\n<h2 class=\"intertitre\">Une mesure qui \u00ab\u00a0ruine\u00a0\u00bb la r\u00e9solution de l\u2019ONU<\/h2>\n<p>Les deux figures de l\u2019opposition arr\u00eat\u00e9es font partie de la Haute Commission de l\u2019opposition, une instance form\u00e9e \u00e0 l\u2019issue de la conf\u00e9rence de Riyad pour <a class=\"lien_interne conjug\" title=\"Conjugaison du verbe pr\u00e9parer\" href=\"http:\/\/conjugaison.lemonde.fr\/conjugaison\/premier-groupe\/pr%C3%A9parer\/\" target=\"_blank\">pr\u00e9parer<\/a> ces n\u00e9gociations.<\/p>\n<p>Selon M.\u00a0Aziz, elles \u00e9taient en route pour l\u2019Arabie saoudite, o\u00f9 elles devaient <a class=\"lien_interne conjug\" title=\"Conjugaison du verbe assister\" href=\"http:\/\/conjugaison.lemonde.fr\/conjugaison\/premier-groupe\/assister\/\" target=\"_blank\">assister<\/a> \u00e0 une nouvelle r\u00e9union de la Haute Commission, et ont \u00e9t\u00e9 transf\u00e9r\u00e9es vers <em>\u00ab\u00a0un lieu inconnu\u00a0\u00bb <\/em>apr\u00e8s leur interpellation. Il a d\u00e9nonc\u00e9 ces arrestations\u00a0; il estime que <em>\u00ab\u00a0l\u2019on n\u2019a pas recours \u00e0 de tels proc\u00e9d\u00e9s\u00a0lorsque l\u2019on souhaite une solution <a class=\"lien_interne rub\" title=\"Toute l\u2019actualit\u00e9 politique\" href=\"http:\/\/www.lemonde.fr\/afrique-politique\/\">politique<\/a>\u00a0\u00bb <\/em>au conflit.<\/p>\n<p><em>\u00ab\u00a0Cette mesure abusive va \u00e0 l\u2019encontre des efforts politiques de la communaut\u00e9 internationale et ruine la r\u00e9solution du Conseil de s\u00e9curit\u00e9 <\/em>[de l\u2019Organisation des Nations unies]<em> pour une solution politique n\u00e9goci\u00e9e\u00a0\u00bb<\/em>, a ajout\u00e9 dans un communiqu\u00e9 le CCND, qui exige la <em>\u00ab\u00a0lib\u00e9ration imm\u00e9diate\u00a0\u00bb<\/em> d\u2019Ahmed Al-Asraoui et de Mounir Al-Bitar.<\/p>\n<p>Ces arrestations ont eu lieu moins d\u2019une semaine apr\u00e8s <a href=\"http:\/\/www.lemonde.fr\/proche-orient\/article\/2015\/12\/28\/le-chef-rebelle-salafiste-zahran-allouche-a-ete-tue-en-syrie_4838626_3218.html\">la mort de Zahrane Allouche<\/a> dans un raid a\u00e9rien revendiqu\u00e9 par le r\u00e9gime. Il \u00e9tait le chef du puissant groupe rebelle islamiste Dja\u00efch Al-<a class=\"lien_interne rub\" title=\"Toute l\u2019actualit\u00e9 Islam\" href=\"http:\/\/www.lemonde.fr\/islam\/\">Islam<\/a>, qui avait \u00e9galement particip\u00e9 \u00e0 <a class=\"lien_interne rub\" title=\"Toute l\u2019actualit\u00e9 la r\u00e9union\" href=\"http:\/\/www.lemonde.fr\/la-reunion\/\">la r\u00e9union<\/a> de Riyad.<\/p>\n<\/div>\n<p><a href=\"http:\/\/www.lemonde.fr\/proche-orient\/article\/2015\/12\/30\/arrestation-de-deux-opposants-syriens-qui-preparaient-les-pourparlers-avec-le-regime_4839823_3218.html#PfoPbAGvVFcfezD9.99\">LE MONDE<\/a><\/p>\n","protected":false},"excerpt":{"rendered":"<p>Les n\u00e9gociations entre l\u2019opposition et le r\u00e9gime syriens, qui doivent commencer au d\u00e9but de 2016, s\u2019annoncent compliqu\u00e9es. Mercredi\u00a030\u00a0d\u00e9cembre, les autorit\u00e9s syriennes ont arr\u00eat\u00e9 deux dissidents ayant particip\u00e9, il y a quelques semaines \u00e0 Riyad, \u00e0 une r\u00e9union des principaux mouvements de l\u2019opposition politique et arm\u00e9e. Ahmed Al-Asraoui et Mounir Al-Bitar, deux figures du Comit\u00e9 de<\/p>\n","protected":false},"author":134,"featured_media":8071,"comment_status":"open","ping_status":"open","sticky":false,"template":"","format":"standard","meta":{"_uf_show_specific_survey":0,"_uf_disable_surveys":false,"footnotes":""},"categories":[22],"tags":[],"class_list":{"0":"post-8070","1":"post","2":"type-post","3":"status-publish","4":"format-standard","5":"has-post-thumbnail","7":"category-actualites-fr"},"aioseo_notices":[],"_links":{"self":[{"href":"https:\/\/middleeasttransparent.com\/fr\/wp-json\/wp\/v2\/posts\/8070","targetHints":{"allow":["GET"]}}],"collection":[{"href":"https:\/\/middleeasttransparent.com\/fr\/wp-json\/wp\/v2\/posts"}],"about":[{"href":"https:\/\/middleeasttransparent.com\/fr\/wp-json\/wp\/v2\/types\/post"}],"author":[{"embeddable":true,"href":"https:\/\/middleeasttransparent.com\/fr\/wp-json\/wp\/v2\/users\/134"}],"replies":[{"embeddable":true,"href":"https:\/\/middleeasttransparent.com\/fr\/wp-json\/wp\/v2\/comments?post=8070"}],"version-history":[{"count":0,"href":"https:\/\/middleeasttransparent.com\/fr\/wp-json\/wp\/v2\/posts\/8070\/revisions"}],"wp:featuredmedia":[{"embeddable":true,"href":"https:\/\/middleeasttransparent.com\/fr\/wp-json\/wp\/v2\/media\/8071"}],"wp:attachment":[{"href":"https:\/\/middleeasttransparent.com\/fr\/wp-json\/wp\/v2\/media?parent=8070"}],"wp:term":[{"taxonomy":"category","embeddable":true,"href":"https:\/\/middleeasttransparent.com\/fr\/wp-json\/wp\/v2\/categories?post=8070"},{"taxonomy":"post_tag","embeddable":true,"href":"https:\/\/middleeasttransparent.com\/fr\/wp-json\/wp\/v2\/tags?post=8070"}],"curies":[{"name":"wp","href":"https:\/\/api.w.org\/{rel}","templated":true}]}}