{"id":8067,"date":"2015-12-30T18:25:39","date_gmt":"2015-12-30T17:25:39","guid":{"rendered":"http:\/\/middleeasttransparent.com\/?p=8067"},"modified":"2015-12-30T18:40:31","modified_gmt":"2015-12-30T17:40:31","slug":"abou-mohammed-al-adnani-voix-de-letat-islamique-et-cerveau-presume-des-attentats-de-paris","status":"publish","type":"post","link":"https:\/\/middleeasttransparent.com\/fr\/abou-mohammed-al-adnani-voix-de-letat-islamique-et-cerveau-presume-des-attentats-de-paris\/","title":{"rendered":"Abou Mohammed Al-Adnani, voix de l\u2019Etat islamique et cerveau pr\u00e9sum\u00e9 des attentats de Paris"},"content":{"rendered":"<p class=\"tt2\"><strong>\u00a0<span class=\"signature_article\">Par <span class=\"auteur txt2_120\">Lucile Wassermann<\/span><\/span><\/strong><\/p>\n<div class=\"toolbar\">\n<div class=\"conteneur_barre_outils\">\n<p class=\"barre_outils\"><strong>L\u2019<a class=\"lien_interne rub\" title=\"Toute l\u2019actualit\u00e9 enqu\u00eate\" href=\"http:\/\/www.lemonde.fr\/enquetes\/\">enqu\u00eate<\/a> sur les attentats de <a class=\"lien_interne rub\" title=\"Toute l\u2019actualit\u00e9 Paris\" href=\"http:\/\/www.lemonde.fr\/paris\/\">Paris<\/a> et de <a class=\"lien_interne rub\" title=\"Toute l\u2019actualit\u00e9 Saint-Denis\" href=\"http:\/\/www.lemonde.fr\/saint-denis\/\">Saint-Denis<\/a> du 13\u00a0novembre a mis \u00e0 jour une coordination en temps r\u00e9el des attaques, depuis la <a class=\"lien_interne rub\" title=\"Toute l\u2019actualit\u00e9 Belgique\" href=\"http:\/\/www.lemonde.fr\/belgique\/\">Belgique<\/a>, <a href=\"http:\/\/www.lemonde.fr\/societe\/article\/2015\/12\/30\/comment-les-attentats-du-13-novembre-ont-ete-coordonnes-depuis-la-belgique_4839418_3224.html\">selon les informations r\u00e9v\u00e9l\u00e9es par <em>Le Monde<\/em><\/a>. La question du r\u00f4le jou\u00e9 par Abou Mohammed Al-Adnani, porte-parole de l\u2019organisation <a class=\"lien_interne rub\" title=\"Toute l\u2019actualit\u00e9 Etat islamique\" href=\"http:\/\/www.lemonde.fr\/etat-islamique\/\">Etat islamique<\/a> (EI), dans les op\u00e9rations ext\u00e9rieures du mouvement djihadiste se pose \u00e0 nouveau. Ce dernier serait le v\u00e9ritable <a class=\"lien_interne rub\" title=\"Toute l\u2019actualit\u00e9 cerveau\" href=\"http:\/\/www.lemonde.fr\/cerveau\/\">cerveau<\/a> des attaques du 13\u00a0novembre, selon une <a href=\"http:\/\/www.europe1.fr\/societe\/le-vrai-cerveau-des-attentats-sappelle-al-adnani-2626705\">th\u00e8se avanc\u00e9e par le sp\u00e9cialiste du terrorisme Alain Bauer<\/a> au lendemain des attentats. Une th\u00e9orie reprise par le<em>New York Times<\/em> ult\u00e9rieurement.<\/strong><\/p>\n<\/div>\n<\/div>\n<div id=\"articleBody\" class=\"contenu_article js_article_body\">\n<p>Pour le quotidien am\u00e9ricain, les attentats r\u00e9cemment revendiqu\u00e9s par l\u2019EI en <a class=\"lien_interne rub\" title=\"Toute l\u2019actualit\u00e9 Egypte\" href=\"http:\/\/www.lemonde.fr\/egypte\/\">Egypte<\/a>, au <a class=\"lien_interne rub\" title=\"Toute l\u2019actualit\u00e9 Liban\" href=\"http:\/\/www.lemonde.fr\/liban\/\">Liban<\/a> puis en <a class=\"lien_interne rub\" title=\"Toute l\u2019actualit\u00e9 France\" href=\"http:\/\/www.lemonde.fr\/europeennes-france\/\">France<\/a>, t\u00e9moignent d\u2019un changement de strat\u00e9gie du mouvement terroriste. Bien coordonn\u00e9es, ces attaques seraient \u00ab<em>\u00a0dirig\u00e9es depuis la <a class=\"lien_interne rub\" title=\"Toute l\u2019actualit\u00e9 Syrie\" href=\"http:\/\/www.lemonde.fr\/syrie\/\">Syrie<\/a>\u00a0\u00bb<\/em>. Le v\u00e9ritable instigateur de ces op\u00e9rations ne serait autre qu\u2019Abou Mohamed Al-Adnani, sans qu\u2019on sache s\u2019il joue un r\u00f4le de donneur d\u2019ordres ou de planificateur.<\/p>\n<p>L\u2019homme fait d\u00e9sormais partie des terroristes les plus recherch\u00e9s par les Etats-Unis. En ao\u00fbt\u00a02014, il avait \u00e9t\u00e9 d\u00e9sign\u00e9 par le d\u00e9partement d\u2019Etat comme \u00ab\u00a0terroriste mondial\u00a0\u00bb et figure depuis sur la liste officielle am\u00e9ricaine antiterroriste \u00ab\u00a0Rewards for <a class=\"lien_interne rub\" title=\"Toute l\u2019actualit\u00e9 Justice\" href=\"http:\/\/www.lemonde.fr\/justice\/\">Justice<\/a>\u00a0\u00bb, qui promet la somme de 5\u00a0millions de dollars (4,6\u00a0millions d\u2019euros) pour tout renseignement permettant sa capture. Le 14\u00a0d\u00e9cembre, CNN l\u2019a d\u00e9sign\u00e9 comme le responsable le plus recherch\u00e9 par les Etats-Unis au sein du mouvement djihadiste, devant m\u00eame Abou Bakr Al-Baghdadi, chef de l\u2019EI et calife autoproclam\u00e9.<\/p>\n<p class=\"lire\">Lire aussi\u00a0: <a href=\"http:\/\/www.lemonde.fr\/societe\/article\/2015\/12\/30\/comment-les-attentats-du-13-novembre-ont-ete-coordonnes-depuis-la-belgique_4839418_3224.html\">Attentats de Paris : les commandos \u00e9taient coordonn\u00e9s en temps r\u00e9el de Belgique<\/a><\/p>\n<h2 class=\"intertitre\">Une personnalit\u00e9 d\u2019\u00ab\u00a0ermite soufi\u00a0\u00bb<\/h2>\n<p>Le 29\u00a0juin 2014, c\u2019est bien la voix d\u2019Abou Mohamed Al-Adnani qui avait proclam\u00e9 le califat et le nouveau nom de l\u2019organisation, qui n\u2019entendait plus se <a class=\"lien_interne conjug\" title=\"Conjugaison du verbe limiter\" href=\"http:\/\/conjugaison.lemonde.fr\/conjugaison\/premier-groupe\/limiter\/\" target=\"_blank\">limiter<\/a> \u00e0 l\u2019<a class=\"lien_interne rub\" title=\"Toute l\u2019actualit\u00e9 Irak\" href=\"http:\/\/www.lemonde.fr\/moyen-orient-irak\/\">Irak<\/a> et \u00e0 la Syrie\u00a0: <em>\u00ab\u00a0Lors d\u2019une r\u00e9union, la choura <\/em>[assembl\u00e9e] <em>de l\u2019Etat islamique a d\u00e9cid\u00e9 d\u2019annoncer l\u2019\u00e9tablissement du califat islamique.\u00a0\u00bb<\/em> Depuis, <a class=\"lien_interne bourse\" href=\"http:\/\/www.lemonde.fr\/bourse\/nyse-euronext-paris-equities\/ses\/\">ses<\/a> nombreux enregistrements audio rythment les d\u00e9clarations du \u00ab\u00a0califat\u00a0\u00bb. Le 22\u00a0septembre 2014, Al-Adnani avait ainsi publi\u00e9 un message radiodiffus\u00e9 de 42 minutes dans lequel il encourageait les attaques en Occident\u00a0:<\/p>\n<blockquote class=\"citation\"><p><em>\u00ab\u00a0Si <a class=\"lien_interne rub\" title=\"Toute l\u2019actualit\u00e9 vous\" href=\"http:\/\/www.lemonde.fr\/vous\/\">vous<\/a> pouvez <a class=\"lien_interne conjug\" title=\"Conjugaison du verbe tuer\" href=\"http:\/\/conjugaison.lemonde.fr\/conjugaison\/premier-groupe\/tuer\/\" target=\"_blank\">tuer<\/a> un incroyant am\u00e9ricain ou europ\u00e9en \u2013 en particulier les m\u00e9chants et sales Fran\u00e7ais \u2013 ou un Australien ou un Canadien ou tout incroyant <\/em>(\u2026)<em>, dont les citoyens de pays qui sont entr\u00e9s dans une coalition contre l\u2019Etat islamique, alors comptez sur Allah et tuez-le de n\u2019importe quelle mani\u00e8re.\u00a0\u00bb<\/em><\/p><\/blockquote>\n<p>Pour David Thomson, journaliste \u00e0 RFI et sp\u00e9cialiste du djihadisme, ce message est le premier appel explicite de l\u2019EI au djihad contre la France.<\/p>\n<p>D\u00e8s lors, bien connu des services de renseignements am\u00e9ricains et europ\u00e9ens, Abou Mohammed Al-Adnani pourrait <a class=\"lien_interne conjug\" title=\"Conjugaison du verbe \u00eatre\" href=\"http:\/\/conjugaison.lemonde.fr\/conjugaison\/auxiliaire\/%C3%AAtre\/\" target=\"_blank\">\u00eatre<\/a> aujourd\u2019hui \u00e0 la t\u00eate d\u2019un v\u00e9ritable d\u00e9partement en charge des \u00ab\u00a0op\u00e9rations ext\u00e9rieures\u00a0\u00bb de l\u2019EI. Le <em>New York Times<\/em> r\u00e9v\u00e8le ainsi que de nombreux activistes \u00e9trangers travailleraient sous la direction de cet homme, figure de longue date de la mouvance djihadiste.<\/p>\n<p>N\u00e9 en\u00a01977 en Syrie, Al-Adnani n\u2019\u00e9tait a priori pas destin\u00e9 \u00e0 <a class=\"lien_interne conjug\" title=\"Conjugaison du verbe devenir\" href=\"http:\/\/conjugaison.lemonde.fr\/conjugaison\/troisieme-groupe\/devenir\/\" target=\"_blank\">devenir<\/a> l\u2019orateur consacr\u00e9 du mouvement djihadiste. De son vrai nom Taha Fallaha, ce jeune Syrien avait, selon ses proches interrog\u00e9s par le journal britannique en arabe <em>Al-Araby Al-Jadid<\/em>, la personnalit\u00e9 introvertie d\u2019un <em>\u00ab\u00a0ermite soufi\u00a0\u00bb<\/em>. Ouvrier dans le b\u00e2timent dans la bourgade de Binnish, au milieu de la province d\u2019Idlib, il dispara\u00eet en\u00a01998. Son entourage le croit alors mort.<\/p>\n<p class=\"lire\">Lire aussi\u00a0: <a href=\"http:\/\/www.lemonde.fr\/attaques-a-paris\/article\/2015\/12\/30\/13-novembre-l-assaut-du-bataclan-heure-par-heure_4839440_4809495.html\">Attentats de Paris\u00a0: l\u2019assaut du Bataclan, racont\u00e9 heure par heure<\/a><\/p>\n<h2 class=\"intertitre\">\u00ab\u00a0L\u2019un des premiers combattants \u00e9trangers\u00a0\u00bb<\/h2>\n<p>On perd sa trace jusqu\u2019en\u00a02003, date \u00e0 laquelle il r\u00e9appara\u00eet en Irak, peu apr\u00e8s l\u2019invasion am\u00e9ricaine. Selon le d\u00e9partement d\u2019Etat, Al-Adnani est <em>\u00ab\u00a0l\u2019un des premiers combattants \u00e9trangers \u00e0 s\u2019opposer aux forces de la coalition en Irak\u00a0\u00bb<\/em>, d\u00e8s la mi-2003. Il pr\u00eate \u00e0 cette \u00e9poque all\u00e9geance \u00e0 celui que l\u2019on consid\u00e8re comme le v\u00e9ritable fondateur et ma\u00eetre \u00e0 <a class=\"lien_interne conjug\" title=\"Conjugaison du verbe penser\" href=\"http:\/\/conjugaison.lemonde.fr\/conjugaison\/premier-groupe\/penser\/\" target=\"_blank\">penser<\/a> de l\u2019EI, Abou Moussab Al-Zarkaoui, ancien leader de ce qui \u00e9tait alors la branche irakienne d\u2019<a class=\"lien_interne rub\" title=\"Toute l\u2019actualit\u00e9 Al-Qaida\" href=\"http:\/\/www.lemonde.fr\/al-qaida\/\">Al-Qaida<\/a>, tu\u00e9 dans un raid a\u00e9rien am\u00e9ricain en juin\u00a02006.<\/p>\n<p>En\u00a02005, Al-Adnani est captur\u00e9 par les forces am\u00e9ricaines dans la province d\u2019Al-Anbar, l\u2019un des bastions de l\u2019insurrection sunnite, sous le faux nom de <a class=\"lien_interne conjug\" title=\"Conjugaison du verbe yasser\" href=\"http:\/\/conjugaison.lemonde.fr\/conjugaison\/premier-groupe\/yasser\/\" target=\"_blank\">Yasser<\/a> Khalaf Nazal Al-Rawi. Lors de son incarc\u00e9ration, il est d\u00e9tenu dans le tristement c\u00e9l\u00e8bre camp Bucca, une prison g\u00e9r\u00e9e par l\u2019<a class=\"lien_interne rub\" title=\"Toute l\u2019actualit\u00e9 arm\u00e9e\" href=\"http:\/\/www.lemonde.fr\/armee\/\">arm\u00e9e<\/a> am\u00e9ricaine dans le sud de l\u2019Irak, par laquelle sont pass\u00e9s plusieurs futurs hauts dirigeants de l\u2019EI.<\/p>\n<p>Comme beaucoup d\u2019autres djihadistes, c\u2019est ici qu\u2019Al-Adnani a rencontr\u00e9 l\u2019homme qu\u2019il pr\u00e9sentera quelques ann\u00e9es plus tard comme le nouveau \u00ab\u00a0calife\u00a0\u00bb des musulmans, Abou Bakr Al-Baghdadi.<\/p>\n<p class=\"lire\">Lire aussi\u00a0: <a href=\"http:\/\/www.lemonde.fr\/les-decodeurs\/article\/2015\/11\/20\/tout-ce-que-vous-devez-savoir-sur-l-etat-islamique_4814465_4355770.html\">Origine, puissance, financement\u00a0: les clefs pour comprendre l\u2019Etat islamique<\/a><\/p>\n<p>Rel\u00e2ch\u00e9 en\u00a02010, Abou Mohamed Al-Adnani rentre alors en Syrie. Il r\u00e9appara\u00eet dans son village natal. Le changement est brutal pour son entourage qui le croyait mort\u00a0: v\u00eatu \u00e0 l\u2019afghane et ne s\u2019exprimant plus qu\u2019en arabe litt\u00e9raire, Taha Fallaha n\u2019existe plus que sous son nom djihadiste d\u2019Abou Mohammed Al-Adnani. Il r\u00e9pand alors l\u2019id\u00e9ologie d\u2019Al-Qaida dans sa r\u00e9gion d\u2019origine.<\/p>\n<p>La Syrie ne va pas <a class=\"lien_interne conjug\" title=\"Conjugaison du verbe tarder\" href=\"http:\/\/conjugaison.lemonde.fr\/conjugaison\/premier-groupe\/tarder\/\" target=\"_blank\">tarder<\/a> \u00e0 \u00eatre \u00e9branl\u00e9e par un soul\u00e8vement populaire contre le r\u00e9gime de Bachar Al-Assad, qui \u00e9clate en mars\u00a02011 dans la foul\u00e9e des r\u00e9volutions arabes. L\u2019activiste en profite pour <a class=\"lien_interne conjug\" title=\"Conjugaison du verbe renouer\" href=\"http:\/\/conjugaison.lemonde.fr\/conjugaison\/premier-groupe\/renouer\/\" target=\"_blank\">renouer<\/a> avec ses anciens compagnons d\u2019armes irakiens.<\/p>\n<p>Une \u00ab\u00a0biographie\u00a0\u00bb d\u2019Abou Mohamed Al-Adnani \u00e0 des fins de propagande a \u00e9t\u00e9 publi\u00e9e le 1<sup>er<\/sup>\u00a0novembre 2014 sur Internet par un membre de l\u2019EI. Elle dresse un portrait bien \u00e9loign\u00e9 de celui peint par ses proches. D\u00e9crit comme un homme instruit ayant grandi dans l\u2019amour de la religion, il serait un fin connaisseur du Coran et du droit islamique. Al-Adnani aurait ainsi \u00e9t\u00e9 un enseignant, permettant <em>\u00ab\u00a0l\u2019\u00e9ducation et l\u2019enseignement des moudjahidine\u00a0\u00bb<\/em>.<\/p>\n<p>Auteur de nombreux textes et po\u00e8mes religieux, il est d\u00e9sign\u00e9 dans ce document comme un <em>\u00ab\u00a0cheikh\u00a0\u00bb<\/em>, <a class=\"lien_interne conjug\" title=\"Conjugaison du verbe titre\" href=\"http:\/\/conjugaison.lemonde.fr\/conjugaison\/troisieme-groupe\/titre\/\" target=\"_blank\">titre<\/a> r\u00e9serv\u00e9 aux \u00e9rudits dans l\u2019<a class=\"lien_interne rub\" title=\"Toute l\u2019actualit\u00e9 islam\" href=\"http:\/\/www.lemonde.fr\/islam\/\">islam<\/a>. Si aucune allusion n\u2019est faite \u00e0 un r\u00f4le suppos\u00e9 dans les op\u00e9rations ext\u00e9rieures du groupuscule, cette biographie partisane fait bien \u00e9tat de son statut de porte-parole officiel de l\u2019EI.<\/p>\n<p class=\"lire marqueur_restreint_atome\">Lire aussi\u00a0: <a href=\"http:\/\/www.lemonde.fr\/attaques-a-paris\/article\/2015\/12\/30\/comment-les-attentats-du-13-novembre-ont-ete-coordonnes-depuis-la-belgique_4839400_4809495.html\">De Molenbeek \u00e0 Paris, sur les traces des terroristes du 13 novembre<\/a><\/p>\n<div class=\"video_player\"><iframe id=\"undefined-undefined_0_1451496071\" src=\"http:\/\/www.digiteka.net\/deliver\/generic\/iframe\/mdtk\/01637594\/src\/5lkps8\/zone\/1\/showtitle\/1\" width=\"534\" height=\"320\" frameborder=\"0\" marginwidth=\"0\" marginheight=\"0\" scrolling=\"no\" allowfullscreen=\"allowfullscreen\"><\/iframe><\/div>\n<div class=\"btn_lecture_zen btn_offre_decouverte_zen\"><a href=\"http:\/\/www.lemonde.fr\/proche-orient\/article\/2015\/12\/30\/abou-mohammed-al-adnani-voix-de-l-etat-islamique-et-cerveau-des-attentats-de-paris_4839809_3218.html#kJaVqJHYE1MBo35w.99\">LE MONDE\u00a0\u00a0<\/a><\/div>\n<\/div>\n","protected":false},"excerpt":{"rendered":"<p>\u00a0Par Lucile Wassermann L\u2019enqu\u00eate sur les attentats de Paris et de Saint-Denis du 13\u00a0novembre a mis \u00e0 jour une coordination en temps r\u00e9el des attaques, depuis la Belgique, selon les informations r\u00e9v\u00e9l\u00e9es par Le Monde. La question du r\u00f4le jou\u00e9 par Abou Mohammed Al-Adnani, porte-parole de l\u2019organisation Etat islamique (EI), dans les op\u00e9rations ext\u00e9rieures du<\/p>\n","protected":false},"author":134,"featured_media":8068,"comment_status":"open","ping_status":"open","sticky":false,"template":"","format":"standard","meta":{"_uf_show_specific_survey":0,"_uf_disable_surveys":false,"footnotes":""},"categories":[37],"tags":[],"class_list":{"0":"post-8067","1":"post","2":"type-post","3":"status-publish","4":"format-standard","5":"has-post-thumbnail","7":"category-alaune-fr"},"aioseo_notices":[],"_links":{"self":[{"href":"https:\/\/middleeasttransparent.com\/fr\/wp-json\/wp\/v2\/posts\/8067","targetHints":{"allow":["GET"]}}],"collection":[{"href":"https:\/\/middleeasttransparent.com\/fr\/wp-json\/wp\/v2\/posts"}],"about":[{"href":"https:\/\/middleeasttransparent.com\/fr\/wp-json\/wp\/v2\/types\/post"}],"author":[{"embeddable":true,"href":"https:\/\/middleeasttransparent.com\/fr\/wp-json\/wp\/v2\/users\/134"}],"replies":[{"embeddable":true,"href":"https:\/\/middleeasttransparent.com\/fr\/wp-json\/wp\/v2\/comments?post=8067"}],"version-history":[{"count":0,"href":"https:\/\/middleeasttransparent.com\/fr\/wp-json\/wp\/v2\/posts\/8067\/revisions"}],"wp:featuredmedia":[{"embeddable":true,"href":"https:\/\/middleeasttransparent.com\/fr\/wp-json\/wp\/v2\/media\/8068"}],"wp:attachment":[{"href":"https:\/\/middleeasttransparent.com\/fr\/wp-json\/wp\/v2\/media?parent=8067"}],"wp:term":[{"taxonomy":"category","embeddable":true,"href":"https:\/\/middleeasttransparent.com\/fr\/wp-json\/wp\/v2\/categories?post=8067"},{"taxonomy":"post_tag","embeddable":true,"href":"https:\/\/middleeasttransparent.com\/fr\/wp-json\/wp\/v2\/tags?post=8067"}],"curies":[{"name":"wp","href":"https:\/\/api.w.org\/{rel}","templated":true}]}}