{"id":8064,"date":"2015-12-30T18:17:53","date_gmt":"2015-12-30T17:17:53","guid":{"rendered":"http:\/\/middleeasttransparent.com\/?p=8064"},"modified":"2016-05-09T19:38:46","modified_gmt":"2016-05-09T18:38:46","slug":"attentats-de-paris-les-commandos-etaient-coordonnes-en-temps-reel-de-belgique","status":"publish","type":"post","link":"https:\/\/middleeasttransparent.com\/fr\/attentats-de-paris-les-commandos-etaient-coordonnes-en-temps-reel-de-belgique\/","title":{"rendered":"Attentats de Paris : les commandos \u00e9taient coordonn\u00e9s en temps r\u00e9el de Belgique"},"content":{"rendered":"<p class=\"tt2\"><strong><span class=\"signature_article\">Par <span class=\"auteur txt2_120\"><a class=\"auteur\" href=\"http:\/\/www.lemonde.fr\/journaliste\/soren-seelow\/\" target=\"_blank\">Soren Seelow<\/a>, <a class=\"auteur\" href=\"http:\/\/www.lemonde.fr\/journaliste\/emeline-cazi\/\" target=\"_blank\">Emeline Cazi<\/a> et <a class=\"auteur\" href=\"http:\/\/www.lemonde.fr\/journaliste\/simon-piel\/\" target=\"_blank\">Simon Piel<\/a><\/span><\/span><\/strong><\/p>\n<div class=\"toolbar\"><\/div>\n<div id=\"articleBody\" class=\"contenu_article js_article_body\">\n<figure class=\"illustration_haut \">Dans le quartier Oberkampf, comme souvent le <a class=\"lien_interne rub\" title=\"Toute l\u2019actualit\u00e9 week-end\" href=\"http:\/\/www.lemonde.fr\/week-end\/\">week-end<\/a>, c\u2019est soir\u00e9e rock ce vendredi 13\u00a0novembre. Le concert des\u00a0<em>Eagles of Death Metal<\/em>, qui affiche complet, r\u00e9unit plus de 1\u00a0500\u00a0personnes au Bataclan. A 21\u00a0h\u00a040, une Polo noire se gare devant la salle avec trois hommes \u00e0 son bord. Deux minutes plus tard, un SMS est envoy\u00e9 d\u2019un t\u00e9l\u00e9phone<a class=\"lien_interne rub\" title=\"Toute l\u2019actualit\u00e9 Samsung\" href=\"http:\/\/www.lemonde.fr\/samsung\/\">Samsung<\/a>, aussit\u00f4t jet\u00e9 dans une poubelle\u00a0:<em> <a href=\"http:\/\/www.lemonde.fr\/attaques-a-paris\/article\/2015\/11\/18\/le-telephone-portable-d-un-membre-du-commando-trouve-pres-du-bataclan-a-permis-de-remonter-a-alfortville_4812515_4809495.html\">\u00ab\u00a0On est parti, on commence.\u00a0\u00bb<\/a><\/em><\/figure>\n<p>Ce message, retrouv\u00e9 dans la m\u00e9moire du t\u00e9l\u00e9phone, donne le coup d\u2019envoi de la prise d\u2019otages du Bataclan, le dernier acte des attentats les plus sanglants qu\u2019ait connus la <a class=\"lien_interne rub\" title=\"Toute l\u2019actualit\u00e9 France\" href=\"http:\/\/www.lemonde.fr\/europeennes-france\/\">France<\/a>.<\/p>\n<p>Il est l\u2019une des premi\u00e8res preuves que les attaques du 13\u00a0novembre \u2013\u00a0les trois kamikazes de <a class=\"lien_interne rub\" title=\"Toute l\u2019actualit\u00e9 Saint-Denis\" href=\"http:\/\/www.lemonde.fr\/saint-denis\/\">Saint-Denis<\/a>, les fusillades des terrasses et la prise d\u2019otages du Bataclan\u00a0\u2013 \u00e9taient coordonn\u00e9es de l\u2019\u00e9tranger. Le destinataire de ce message a \u00e9t\u00e9 localis\u00e9 en <a class=\"lien_interne rub\" title=\"Toute l\u2019actualit\u00e9 Belgique\" href=\"http:\/\/www.lemonde.fr\/belgique\/\">Belgique<\/a> au moment des faits.<\/p>\n<p>On savait que les \u00e9quipes du Stade de France et des terrasses de caf\u00e9 avaient \u00e9t\u00e9 r\u00e9guli\u00e8rement en contact au cours de la soir\u00e9e du 13\u00a0novembre. Les quelque 6\u00a0000\u00a0<a class=\"lien_interne rub\" title=\"Toute l\u2019actualit\u00e9 proc\u00e8s\" href=\"http:\/\/www.lemonde.fr\/proces\/\">proc\u00e8s<\/a>-verbaux de l\u2019<a class=\"lien_interne rub\" title=\"Toute l\u2019actualit\u00e9 enqu\u00eate\" href=\"http:\/\/www.lemonde.fr\/enquetes\/\">enqu\u00eate<\/a> \u2013\u00a0dont <em>Le Monde<\/em> a pris connaissance et qui permettent de <a class=\"lien_interne conjug\" title=\"Conjugaison du verbe retracer\" href=\"http:\/\/conjugaison.lemonde.fr\/conjugaison\/premier-groupe\/retracer\/\" target=\"_blank\">retracer<\/a> avec une grande pr\u00e9cision les pr\u00e9paratifs des terroristes et le d\u00e9roulement des attentats\u00a0\u2013 r\u00e9v\u00e8lent que les trois commandos \u00e9taient pilot\u00e9s en temps r\u00e9el de Belgique. Une <em>\u00ab\u00a0triple coordination\u00a0\u00bb<\/em>, selon les mots des enqu\u00eateurs, chapeautant l\u2019ensemble des op\u00e9rations \u00e0 distance.<\/p>\n<p class=\"lire\">Lire aussi\u00a0: <a href=\"http:\/\/www.lemonde.fr\/attaques-a-paris\/article\/2015\/12\/30\/13-novembre-l-assaut-du-bataclan-heure-par-heure_4839440_4809495.html\">Attentats de Paris\u00a0: l\u2019assaut du Bataclan, racont\u00e9 heure par heure<\/a><\/p>\n<h2 class=\"intertitre\">25 \u00e9changes exclusifs<\/h2>\n<p>A 21\u00a0h\u00a042, lorsque le SMS est envoy\u00e9, son destinataire est situ\u00e9 en Belgique. Sa ligne, ouverte le 12\u00a0novembre \u00e0 22\u00a0h\u00a024, se d\u00e9sactivera juste apr\u00e8s la r\u00e9ception du texto. Durant sa courte existence, elle a \u00e9t\u00e9 en relation exclusive \u2013\u00a0vingt-cinq \u00e9changes\u00a0\u2013 avec le Samsung retrouv\u00e9 dans la poubelle non loin de la salle de spectacle.<\/p>\n<p>Il s\u2019av\u00e8re qu\u2019un second num\u00e9ro belge a \u00e9t\u00e9 en contact durant toute la soir\u00e9e avec Abdelhamid Abaaoud, le conducteur du commando des terrasses, consid\u00e9r\u00e9 comme un des coordinateurs des attaques. Ce num\u00e9ro a lui aussi \u00e9mis en Belgique au moment des faits, \u00e0 l\u2019endroit pr\u00e9cis o\u00f9 se trouvait le destinataire du texto. Les enqu\u00eateurs en d\u00e9duisent qu\u2019au moins un homme a coordonn\u00e9 les attaques de Belgique. Sa ligne provisoire ayant cess\u00e9 d\u2019\u00e9mettre, il n\u2019a, \u00e0 ce jour, pas \u00e9t\u00e9 identifi\u00e9.<\/p>\n<p>La lecture des donn\u00e9es contenues dans le t\u00e9l\u00e9phone Samsung retrouv\u00e9 en face du Bataclan apporte, par ailleurs, des d\u00e9tails sur la pr\u00e9paration de l\u2019attaque. Le 13\u00a0novembre, peu apr\u00e8s 14\u00a0heures, son propri\u00e9taire a t\u00e9l\u00e9charg\u00e9 la messagerie s\u00e9curis\u00e9e Telegram. Il a ensuite pass\u00e9 une bonne partie de l\u2019apr\u00e8s-midi \u00e0 <a class=\"lien_interne conjug\" title=\"Conjugaison du verbe effectuer\" href=\"http:\/\/conjugaison.lemonde.fr\/conjugaison\/premier-groupe\/effectuer\/\" target=\"_blank\">effectuer<\/a> des dizaines de recherches de photos et de plans d\u00e9taill\u00e9s de la salle, dont un tr\u00e8s pr\u00e9cis de la sc\u00e8ne.<\/p>\n<p>Il a \u00e9galement r\u00e9cup\u00e9r\u00e9 le programme de la semaine, puis effectu\u00e9 la recherche <em>\u00ab\u00a0Eagles of Death Metal + White Miles au Bataclan\u00a0\u00bb<\/em>. Les ADN m\u00eal\u00e9s de deux des trois terroristes du commando seront retrouv\u00e9s sur le bo\u00eetier.<\/p>\n<\/div>\n<p><a href=\"http:\/\/www.lemonde.fr\/societe\/article\/2015\/12\/30\/comment-les-attentats-du-13-novembre-ont-ete-coordonnes-depuis-la-belgique_4839418_3224.html#MUgdqFXrZbibt7L4.99\">LE MONDE\u00a0<\/a><\/p>\n","protected":false},"excerpt":{"rendered":"<p>Par Soren Seelow, Emeline Cazi et Simon Piel Dans le quartier Oberkampf, comme souvent le week-end, c\u2019est soir\u00e9e rock ce vendredi 13\u00a0novembre. Le concert des\u00a0Eagles of Death Metal, qui affiche complet, r\u00e9unit plus de 1\u00a0500\u00a0personnes au Bataclan. A 21\u00a0h\u00a040, une Polo noire se gare devant la salle avec trois hommes \u00e0 son bord. Deux minutes<\/p>\n","protected":false},"author":134,"featured_media":8065,"comment_status":"open","ping_status":"open","sticky":false,"template":"","format":"standard","meta":{"_uf_show_specific_survey":0,"_uf_disable_surveys":false,"footnotes":""},"categories":[22],"tags":[],"class_list":{"0":"post-8064","1":"post","2":"type-post","3":"status-publish","4":"format-standard","5":"has-post-thumbnail","7":"category-actualites-fr"},"aioseo_notices":[],"_links":{"self":[{"href":"https:\/\/middleeasttransparent.com\/fr\/wp-json\/wp\/v2\/posts\/8064","targetHints":{"allow":["GET"]}}],"collection":[{"href":"https:\/\/middleeasttransparent.com\/fr\/wp-json\/wp\/v2\/posts"}],"about":[{"href":"https:\/\/middleeasttransparent.com\/fr\/wp-json\/wp\/v2\/types\/post"}],"author":[{"embeddable":true,"href":"https:\/\/middleeasttransparent.com\/fr\/wp-json\/wp\/v2\/users\/134"}],"replies":[{"embeddable":true,"href":"https:\/\/middleeasttransparent.com\/fr\/wp-json\/wp\/v2\/comments?post=8064"}],"version-history":[{"count":0,"href":"https:\/\/middleeasttransparent.com\/fr\/wp-json\/wp\/v2\/posts\/8064\/revisions"}],"wp:featuredmedia":[{"embeddable":true,"href":"https:\/\/middleeasttransparent.com\/fr\/wp-json\/wp\/v2\/media\/8065"}],"wp:attachment":[{"href":"https:\/\/middleeasttransparent.com\/fr\/wp-json\/wp\/v2\/media?parent=8064"}],"wp:term":[{"taxonomy":"category","embeddable":true,"href":"https:\/\/middleeasttransparent.com\/fr\/wp-json\/wp\/v2\/categories?post=8064"},{"taxonomy":"post_tag","embeddable":true,"href":"https:\/\/middleeasttransparent.com\/fr\/wp-json\/wp\/v2\/tags?post=8064"}],"curies":[{"name":"wp","href":"https:\/\/api.w.org\/{rel}","templated":true}]}}