{"id":8003,"date":"2015-12-28T17:34:17","date_gmt":"2015-12-28T16:34:17","guid":{"rendered":"http:\/\/middleeasttransparent.com\/?p=8003"},"modified":"2015-12-28T17:34:41","modified_gmt":"2015-12-28T16:34:41","slug":"au-yemen-des-combats-de-plus-en-plus-intenses-autour-de-la-capitale","status":"publish","type":"post","link":"https:\/\/middleeasttransparent.com\/fr\/au-yemen-des-combats-de-plus-en-plus-intenses-autour-de-la-capitale\/","title":{"rendered":"Au Y\u00e9men, des combats de plus en plus intenses autour de la capitale"},"content":{"rendered":"<p class=\"tt2\"><span id=\"publisher\" data-source=\"Le Monde.fr avec AFP\"><\/span><strong>La capitale du <a class=\"lien_interne rub\" title=\"Toute l\u2019actualit\u00e9 Y\u00e9men\" href=\"http:\/\/www.lemonde.fr\/yemen\/\">Y\u00e9men<\/a>, Sanaa, est chaque jour un peu plus au c\u0153ur des combats qui opposent les forces loyalistes et les rebelles chiites houthistes, malgr\u00e9 le cessez-le-feu sign\u00e9 \u00e0 la mi-d\u00e9cembre.<\/strong><\/p>\n<div id=\"articleBody\" class=\"contenu_article js_article_body\">\n<p>Les miliciens houthistes, oppos\u00e9s au r\u00e9gime y\u00e9m\u00e9nite depuis le d\u00e9but des ann\u00e9es 2000, ont lanc\u00e9 \u00e0 la fin de l\u2019\u00e9t\u00e9 2014 une offensive qui leur a permis de <a class=\"lien_interne conjug\" title=\"Conjugaison du verbe prendre\" href=\"http:\/\/conjugaison.lemonde.fr\/conjugaison\/troisieme-groupe\/prendre\/\" target=\"_blank\">prendre<\/a> le contr\u00f4le de Sanaa d\u00e8s le mois de septembre, poussant Abd Rabbo Mansour Hadi, le pr\u00e9sident reconnu par la communaut\u00e9 internationale, \u00e0 s\u2019exiler.<\/p>\n<p class=\"lire\">Lire aussi\u00a0: <a href=\"http:\/\/www.lemonde.fr\/proche-orient\/article\/2015\/12\/07\/des-pourparlers-de-paix-pour-le-yemen-se-tiendront-en-suisse-a-partir-du-15-decembre_4826386_3218.html\">Des pourparlers de paix pour le Y\u00e9men se tiendront en Suisse \u00e0 partir du 15\u00a0d\u00e9cembre<\/a><\/p>\n<p>Depuis plusieurs semaines, les efforts de la coalition militaire arabe pilot\u00e9e par l\u2019<a class=\"lien_interne rub\" title=\"Toute l\u2019actualit\u00e9 Arabie saoudite\" href=\"http:\/\/www.lemonde.fr\/arabie-saoudite\/\">Arabie saoudite<\/a>, qui intervient depuis maintenant neuf mois jour pour jour, ont permis aux forces loyalistes de se<a class=\"lien_interne conjug\" title=\"Conjugaison du verbe rapprocher\" href=\"http:\/\/conjugaison.lemonde.fr\/conjugaison\/premier-groupe\/rapprocher\/\" target=\"_blank\">rapprocher<\/a> de Sanaa.<\/p>\n<h2 class=\"intertitre\">Des combats autour de Sanaa<\/h2>\n<p>Vendredi 18\u00a0d\u00e9cembre, ils sont parvenus \u00e0 <a class=\"lien_interne conjug\" title=\"Conjugaison du verbe reprendre\" href=\"http:\/\/conjugaison.lemonde.fr\/conjugaison\/troisieme-groupe\/reprendre\/\" target=\"_blank\">reprendre<\/a> le contr\u00f4le de Djebel Al-Salb, une ville \u00e0 seulement 40 kilom\u00e8tres de la capitale, qui \u00e9tait tomb\u00e9e aux mains des rebelles l\u2019an dernier. Le 26\u00a0d\u00e9cembre, les rebelles ont tent\u00e9 de <a class=\"lien_interne conjug\" title=\"Conjugaison du verbe contre-attaquer\" href=\"http:\/\/conjugaison.lemonde.fr\/conjugaison\/premier-groupe\/contre-attaquer\/\" target=\"_blank\">contre-attaquer<\/a>, sans succ\u00e8s, selon plusieurs sources militaires. Les forces loyalistes avaient justement renforc\u00e9 leurs positions en acheminant dans le secteur des renforts en hommes et en mat\u00e9riels, dont des blind\u00e9s et des chars.<\/p>\n<p>Le m\u00eame jour, six soldats loyalistes ont \u00e9t\u00e9 tu\u00e9s par l\u2019explosion de trois roquettes tir\u00e9es par des houthistes dans l\u2019enceinte d\u2019un b\u00e2timent contr\u00f4l\u00e9 par les loyalistes \u00e0 Marib. Les loyalistes ont nettement progress\u00e9 ces derniers jours dans cette ville situ\u00e9e \u00e0 environ 120\u00a0kilom\u00e8tres \u00e0 l\u2019est de Sanaa.<\/p>\n<p class=\"lire\">Lire aussi\u00a0: <a href=\"http:\/\/www.lemonde.fr\/proche-orient\/article\/2015\/12\/11\/des-ecoles-visees-par-des-frappes-au-yemen-selon-amnesty_4829349_3218.html\">Des \u00e9coles vis\u00e9es par des frappes au Y\u00e9men, selon Amnesty<\/a><\/p>\n<p>Au nord de la capitale cette fois, des avions de combat de la coalition ont men\u00e9 \u00e0 l\u2019aube plusieurs raids contre des poches de r\u00e9sistance des rebelles \u00e0 Majzar, une r\u00e9gion de la province d\u2019Al-Jawf, contr\u00f4l\u00e9e en grande partie par les forces loyalistes.<\/p>\n<p>Les \u00e9v\u00e9nements de samedi s\u2019expliquent par la volont\u00e9 des loyalistes de reprendre Sanaa, en progressant par le sud et le <a class=\"lien_interne rub\" title=\"Toute l\u2019actualit\u00e9 centre\" href=\"http:\/\/www.lemonde.fr\/centre\/\">centre<\/a>. En neuf mois, les frappes de la coalition leur ont d\u00e9j\u00e0 permis de<a class=\"lien_interne conjug\" title=\"Conjugaison du verbe regagner\" href=\"http:\/\/conjugaison.lemonde.fr\/conjugaison\/premier-groupe\/regagner\/\" target=\"_blank\">regagner<\/a> du terrain. Le pr\u00e9sident en exil a pu <a class=\"lien_interne conjug\" title=\"Conjugaison du verbe revenir\" href=\"http:\/\/conjugaison.lemonde.fr\/conjugaison\/troisieme-groupe\/revenir\/\" target=\"_blank\">revenir<\/a> dans le pays, \u00e0 Aden, en\u00a0septembre. Les houthistes conservent cependant une large partie du nord-est du pays, leur bastion historique, qui a \u00e9galement fait l\u2019objet de frappes de la coalition, samedi.<\/p>\n<p>Malgr\u00e9 cette progression, aucun des deux camps ne semble <a class=\"lien_interne conjug\" title=\"Conjugaison du verbe pouvoir\" href=\"http:\/\/conjugaison.lemonde.fr\/conjugaison\/troisieme-groupe\/pouvoir\/\" target=\"_blank\">pouvoir<\/a> prendre un avantage d\u00e9cisif dans le conflit qui a fait au moins 6\u00a0000\u00a0morts, 28\u00a0000 bless\u00e9s et 2,5\u00a0millions de d\u00e9plac\u00e9s, selon les Nations unies.<\/p>\n<p class=\"lire\">Lire aussi\u00a0: <a href=\"http:\/\/www.lemonde.fr\/international\/article\/2015\/12\/22\/yemen-neuf-mois-de-guerre-quatre-cessez-le-feu-deux-tentatives-de-pourparlers-et-6-000-morts_4836759_3210.html\">Au Y\u00e9men, 9 mois de guerre, 4 cessez-le-feu, 2 tentatives de pourparlers et 6\u00a0000 morts<\/a><\/p>\n<\/div>\n<p><a href=\"http:\/\/www.lemonde.fr\/proche-orient\/article\/2015\/12\/27\/yemen-des-combats-de-plus-en-plus-intenses-autour-de-la-capitale-sanaa_4838311_3218.html#SK3LWvxBT7AmmehU.99\">LE MONDE\u00a0\u00a0<\/a><\/p>\n","protected":false},"excerpt":{"rendered":"<p>La capitale du Y\u00e9men, Sanaa, est chaque jour un peu plus au c\u0153ur des combats qui opposent les forces loyalistes et les rebelles chiites houthistes, malgr\u00e9 le cessez-le-feu sign\u00e9 \u00e0 la mi-d\u00e9cembre. Les miliciens houthistes, oppos\u00e9s au r\u00e9gime y\u00e9m\u00e9nite depuis le d\u00e9but des ann\u00e9es 2000, ont lanc\u00e9 \u00e0 la fin de l\u2019\u00e9t\u00e9 2014 une offensive<\/p>\n","protected":false},"author":134,"featured_media":8004,"comment_status":"open","ping_status":"open","sticky":false,"template":"","format":"standard","meta":{"_uf_show_specific_survey":0,"_uf_disable_surveys":false,"footnotes":""},"categories":[22],"tags":[],"class_list":{"0":"post-8003","1":"post","2":"type-post","3":"status-publish","4":"format-standard","5":"has-post-thumbnail","7":"category-actualites-fr"},"aioseo_notices":[],"_links":{"self":[{"href":"https:\/\/middleeasttransparent.com\/fr\/wp-json\/wp\/v2\/posts\/8003","targetHints":{"allow":["GET"]}}],"collection":[{"href":"https:\/\/middleeasttransparent.com\/fr\/wp-json\/wp\/v2\/posts"}],"about":[{"href":"https:\/\/middleeasttransparent.com\/fr\/wp-json\/wp\/v2\/types\/post"}],"author":[{"embeddable":true,"href":"https:\/\/middleeasttransparent.com\/fr\/wp-json\/wp\/v2\/users\/134"}],"replies":[{"embeddable":true,"href":"https:\/\/middleeasttransparent.com\/fr\/wp-json\/wp\/v2\/comments?post=8003"}],"version-history":[{"count":0,"href":"https:\/\/middleeasttransparent.com\/fr\/wp-json\/wp\/v2\/posts\/8003\/revisions"}],"wp:featuredmedia":[{"embeddable":true,"href":"https:\/\/middleeasttransparent.com\/fr\/wp-json\/wp\/v2\/media\/8004"}],"wp:attachment":[{"href":"https:\/\/middleeasttransparent.com\/fr\/wp-json\/wp\/v2\/media?parent=8003"}],"wp:term":[{"taxonomy":"category","embeddable":true,"href":"https:\/\/middleeasttransparent.com\/fr\/wp-json\/wp\/v2\/categories?post=8003"},{"taxonomy":"post_tag","embeddable":true,"href":"https:\/\/middleeasttransparent.com\/fr\/wp-json\/wp\/v2\/tags?post=8003"}],"curies":[{"name":"wp","href":"https:\/\/api.w.org\/{rel}","templated":true}]}}