{"id":7752,"date":"2015-12-21T21:22:05","date_gmt":"2015-12-21T20:22:05","guid":{"rendered":"http:\/\/middleeasttransparent.com\/?p=7752"},"modified":"2015-12-21T21:22:05","modified_gmt":"2015-12-21T20:22:05","slug":"scandale-de-dopage-tempete-politique-au-senegal-apres-les-propos-de-lamine-diack","status":"publish","type":"post","link":"https:\/\/middleeasttransparent.com\/fr\/scandale-de-dopage-tempete-politique-au-senegal-apres-les-propos-de-lamine-diack\/","title":{"rendered":"Scandale de dopage : temp\u00eate politique au S\u00e9n\u00e9gal apr\u00e8s les propos de Lamine Diack"},"content":{"rendered":"<p class=\"content-headline\"><strong>Par <a class=\"auteur\" href=\"http:\/\/www.lemonde.fr\/journaliste\/cyril-bensimon\/\" target=\"_blank\">Cyril Bensimon<\/a> (avec Yann Bouchez)<\/strong><\/p>\n<p class=\"content-metaline\">\n<div class=\"toolbar\"><\/div>\n<div class=\"content-article-body contenu_article\">\n<figure class=\"illustration_haut\" data-toggle=\"popover\" data-target=\"this\">&nbsp;<\/p>\n<\/figure>\n<h3 class=\"taille_courante\">Il y a dans les aveux de Lamine Diack de quoi <a class=\"lien_interne conjug\" title=\"Conjugaison du verbe nourrir\" href=\"http:\/\/conjugaison.lemonde.fr\/conjugaison\/deuxieme-groupe\/nourrir\/\" target=\"_blank\">nourrir<\/a> un scandale d\u2019Etat au <a class=\"lien_interne rub\" title=\"Toute l\u2019actualit\u00e9 S\u00e9n\u00e9gal\" href=\"http:\/\/www.lemonde.fr\/senegal\/\">S\u00e9n\u00e9gal<\/a>. En reconnaissant devant des enqu\u00eateurs fran\u00e7ais, <a href=\"http:\/\/www.lemonde.fr\/athletisme\/article\/2015\/12\/18\/le-pacte-de-moscou_4834601_1616661.html\">comme l\u2019a r\u00e9v\u00e9l\u00e9 Le Monde vendredi 18\u00a0d\u00e9cembre, <\/a>qu\u2019il avait couvert des athl\u00e8tes russes soup\u00e7onn\u00e9s de <a class=\"lien_interne rub\" title=\"Toute l\u2019actualit\u00e9 dopage\" href=\"http:\/\/www.lemonde.fr\/dopage\/\">dopage<\/a> en contrepartie de financements des campagnes de l\u2019opposition s\u00e9n\u00e9galaise en\u00a02009 puis en\u00a02012 par Moscou, l\u2019ancien pr\u00e9sident de la F\u00e9d\u00e9ration internationale d\u2019<a class=\"lien_interne rub\" title=\"Toute l\u2019actualit\u00e9 athl\u00e9tisme\" href=\"http:\/\/www.lemonde.fr\/athletisme\/\">athl\u00e9tisme<\/a> (IAAF) ne pouvait <a class=\"lien_interne conjug\" title=\"Conjugaison du verbe ignorer\" href=\"http:\/\/conjugaison.lemonde.fr\/conjugaison\/premier-groupe\/ignorer\/\" target=\"_blank\">ignorer<\/a> l\u2019impact de <a class=\"lien_interne bourse\" href=\"http:\/\/www.lemonde.fr\/bourse\/nyse-euronext-paris-equities\/ses\/\">ses<\/a> d\u00e9clarations \u00e0 Dakar. Il s\u2019est d\u2019ailleurs gard\u00e9 de <a class=\"lien_interne conjug\" title=\"Conjugaison du verbe citer\" href=\"http:\/\/conjugaison.lemonde.fr\/conjugaison\/premier-groupe\/citer\/\" target=\"_blank\">citer<\/a> nomm\u00e9ment les dirigeants politiques b\u00e9n\u00e9ficiaires de ces actes de corruption.<\/h3>\n<p>Dans les heures qui ont suivi la publication d\u2019extraits de son audition, le vieil homme de 82\u00a0ans, pass\u00e9 par de hautes fonctions politiques au S\u00e9n\u00e9gal avant de <a class=\"lien_interne conjug\" title=\"Conjugaison du verbe prendre\" href=\"http:\/\/conjugaison.lemonde.fr\/conjugaison\/troisieme-groupe\/prendre\/\" target=\"_blank\">prendre<\/a> la t\u00eate de l\u2019athl\u00e9tisme mondial puis de se <a class=\"lien_interne conjug\" title=\"Conjugaison du verbe retrouver\" href=\"http:\/\/conjugaison.lemonde.fr\/conjugaison\/premier-groupe\/retrouver\/\" target=\"_blank\">retrouver<\/a> mis en examen le 3\u00a0novembre pour <em>\u00ab\u00a0corruption passive\u00a0\u00bb<\/em> et <em>\u00ab\u00a0blanchiment aggrav\u00e9\u00a0\u00bb<\/em>, s\u2019est employ\u00e9 \u00e0 <a class=\"lien_interne conjug\" title=\"Conjugaison du verbe calmer\" href=\"http:\/\/conjugaison.lemonde.fr\/conjugaison\/premier-groupe\/calmer\/\" target=\"_blank\">calmer<\/a> la pol\u00e9mique et \u00e0 <a class=\"lien_interne conjug\" title=\"Conjugaison du verbe d\u00e9douaner\" href=\"http:\/\/conjugaison.lemonde.fr\/conjugaison\/premier-groupe\/d%C3%A9douaner\/\" target=\"_blank\">d\u00e9douaner<\/a>Macky Sall, au <a class=\"lien_interne conjug\" title=\"Conjugaison du verbe pouvoir\" href=\"http:\/\/conjugaison.lemonde.fr\/conjugaison\/troisieme-groupe\/pouvoir\/\" target=\"_blank\">pouvoir<\/a> depuis sa victoire de 2012 sur Abdoulaye Wade.<\/p>\n<p><em>\u00ab\u00a0En dehors du pr\u00e9sident en exercice, il y avait 13 autres candidats. Il y avait des jeunes qui s\u2019\u00e9taient mobilis\u00e9s et j\u2019ai mis\u00e9 sur eux. Je les ai financ\u00e9s <\/em>(\u2026). <em>Mais je n\u2019ai pas financ\u00e9 un candidat particulier. <\/em>(\u2026) <em>Je ne suis le copain de personne. Le pr\u00e9sident Macky Sall, je ne l\u2019ai vu qu\u2019apr\u00e8s sa victoire contre Wade, pas avant\u00a0\u00bb, <\/em>a d\u00e9clar\u00e9 Lamine Diack sur RFM, une radio locale. Ce dernier, contrairement \u00e0 ce que plusieurs <a class=\"lien_interne rub\" title=\"Toute l\u2019actualit\u00e9 m\u00e9dias\" href=\"http:\/\/www.lemonde.fr\/actualite-medias\/\">m\u00e9dias<\/a> \u2013 dont <em>Le Monde<\/em> dans un r\u00e9sum\u00e9 erron\u00e9 \u2013 ont affirm\u00e9, n\u2019a pas mentionn\u00e9 la campagne de M. Sall comme b\u00e9n\u00e9ficiaire de ces versements.<\/p>\n<p>A l\u2019en <a class=\"lien_interne conjug\" title=\"Conjugaison du verbe croire\" href=\"http:\/\/conjugaison.lemonde.fr\/conjugaison\/troisieme-groupe\/croire\/\" target=\"_blank\">croire<\/a>, ce sont tout d\u2019abord <em>\u00ab\u00a0400-450\u00a0000\u00a0euros pour la campagne\u00a0\u00bb <\/em>des \u00e9lections municipales de 2009 marqu\u00e9es par la d\u00e9faite de Karim Wade, le fils et h\u00e9ritier putatif d\u2019Abdoulaye Wade, puis <em>\u00ab\u00a0environ 1,5\u00a0million d\u2019euros\u00a0\u00bb <\/em>pour la pr\u00e9sidentielle et les l\u00e9gislatives de 2012 qui sont venus<em> \u00ab\u00a0n\u00e9cessairement du gouvernement\u00a0\u00bb<\/em> russe.<\/p>\n<p class=\"lire\">Lire aussi\u00a0: <a href=\"http:\/\/www.lemonde.fr\/athletisme\/article\/2015\/12\/18\/le-pacte-de-moscou_4834601_1616661.html\">Les incroyables confessions de Lamine Diack, ex-pr\u00e9sident de la F\u00e9d\u00e9ration internationale d\u2019athl\u00e9tisme<\/a><\/p>\n<h3 class=\"intertitre\">D\u00e9mentis<\/h3>\n<p>Les d\u00e9mentis en provenance de Moscou ou de la pr\u00e9sidence \u00e0 Dakar n\u2019ont \u00e9t\u00e9 d\u2019aucun effet sur le Parti d\u00e9mocratique s\u00e9n\u00e9galais (PDS), qui n\u2019attendait pas meilleure occasion pour<a class=\"lien_interne conjug\" title=\"Conjugaison du verbe attaquer\" href=\"http:\/\/conjugaison.lemonde.fr\/conjugaison\/premier-groupe\/attaquer\/\" target=\"_blank\">attaquer<\/a> le pouvoir sur le terrain de l\u2019argent sale. Le parti \u00ab\u00a0lib\u00e9ral\u00a0\u00bb vit toujours dans l\u2019ombre tut\u00e9laire d\u2019un Wade p\u00e8re bient\u00f4t nonag\u00e9naire et se bat pour la lib\u00e9ration de son fils condamn\u00e9 en mars \u00e0 six ans de prison pour <em>\u00ab\u00a0enrichissement illicite\u00a0\u00bb<\/em>. <em>\u00ab\u00a0Nous demandons \u00e0 Macky Sall qu\u2019il nous dise s\u2019il fait partie des opposants financ\u00e9s par l\u2019argent du dopage et de la corruption\u00a0\u00bb,<\/em> somme l\u2019ancien ministre de la <a class=\"lien_interne rub\" title=\"Toute l\u2019actualit\u00e9 justice\" href=\"http:\/\/www.lemonde.fr\/justice\/\">justice<\/a> Amadou Sall, sans <a class=\"lien_interne conjug\" title=\"Conjugaison du verbe oublier\" href=\"http:\/\/conjugaison.lemonde.fr\/conjugaison\/premier-groupe\/oublier\/\" target=\"_blank\">oublier<\/a> de <a class=\"lien_interne conjug\" title=\"Conjugaison du verbe faire\" href=\"http:\/\/conjugaison.lemonde.fr\/conjugaison\/troisieme-groupe\/faire\/\" target=\"_blank\">faire<\/a> le d\u00e9tail de la d\u00e9claration de patrimoine de <em>\u00ab\u00a0ce chef d\u2019Etat qui a promis une gestion vertueuse et transparente et qui a, avec son \u00e9pouse, 35 v\u00e9hicules immatricul\u00e9s, une dizaine de villas dont un appartement \u00e0 Houston\u00a0\u00bb.<\/em><\/p>\n<p>Oumar Sarr, le secr\u00e9taire g\u00e9n\u00e9ral adjoint du PDS, a \u00e9t\u00e9 interpell\u00e9 samedi matin apr\u00e8s <a class=\"lien_interne conjug\" title=\"Conjugaison du verbe avoir\" href=\"http:\/\/conjugaison.lemonde.fr\/conjugaison\/auxiliaire\/avoir\/\" target=\"_blank\">avoir<\/a> port\u00e9 des accusations du m\u00eame ordre et Massamba M\u2019baye, le directeur du groupe D-M\u00e9dia, qui avait organis\u00e9 un d\u00e9bat sur le sujet vendredi, a pass\u00e9 la journ\u00e9e suivante aux mains de la <a class=\"lien_interne rub\" title=\"Toute l\u2019actualit\u00e9 police\" href=\"http:\/\/www.lemonde.fr\/police\/\">police<\/a>. Nul doute qu\u2019Abdoulaye Wade, depuis son pavillon versaillais o\u00f9 il s\u2019est retir\u00e9, savoure en silence.<\/p>\n<p>Si les propos de Lamine Diack sont av\u00e9r\u00e9s, reste une question\u00a0: \u00e0 qui ont profit\u00e9 les fonds en provenance de <a class=\"lien_interne rub\" title=\"Toute l\u2019actualit\u00e9 Russie\" href=\"http:\/\/www.lemonde.fr\/russie\/\">Russie<\/a>\u00a0? Les options sont peu nombreuses, selon le politologue et \u00e9ditorialiste Babacar Justin Ndiaye\u00a0: <em>\u00ab\u00a0Poutine n\u2019aurait pas voulu <a class=\"lien_interne conjug\" title=\"Conjugaison du verbe soutenir\" href=\"http:\/\/conjugaison.lemonde.fr\/conjugaison\/troisieme-groupe\/soutenir\/\" target=\"_blank\">soutenir<\/a> un second couteau et il n\u2019y avait que quatre t\u00e9nors de l\u2019opposition en\u00a02012\u00a0: Macky Sall, Ousmane Tanor Dieng, Moustapha Niasse et Idrissa Seck.\u00a0\u00bb<\/em> Les trois derniers cit\u00e9s ont soutenu le premier lors du second tour.<\/p>\n<p><em>\u00ab\u00a0R\u00e9trospectivement, il appara\u00eet que les \u00e9lecteurs avaient le choix (corn\u00e9lien) entre une dynastie des Wade qui creuse la tombe de la d\u00e9mocratie et une alternative qui \u00e9vapore la souverainet\u00e9 nationale\u00a0\u00bb, <\/em>analyse-t-il encore sur le site Dakaractu.com.<\/p>\n<p>Selon les documents auxquels <em>Le Monde<\/em> a eu acc\u00e8s, \u00e0 la question du juge Van Ruymbeke\u00a0: <em>\u00ab\u00a0Avez-<a class=\"lien_interne rub\" title=\"Toute l\u2019actualit\u00e9 vous\" href=\"http:\/\/www.lemonde.fr\/vous\/\">vous<\/a> fait part de cette d\u00e9cision d\u2019<a class=\"lien_interne rub\" title=\"Toute l\u2019actualit\u00e9 aide\" href=\"http:\/\/www.lemonde.fr\/services-aux-internautes\/\">aide<\/a> aux opposants\u00a0?<\/em><\/p>\n<p><em>\u2013 Oui, en leur disant que l\u2019aide venait des Russes\u00a0\u00bb, <\/em>a r\u00e9pondu Lamine Diack.<\/p>\n<p><em>\u00ab\u00a0Ont-ils re\u00e7u l\u2019aide\u00a0?<\/em><\/p>\n<p><em>\u2013 Oui.\u00a0\u00bb<\/em><\/p>\n<\/div>\n<p><a href=\"http:\/\/www.lemonde.fr\/afrique\/article\/2015\/12\/21\/au-senegal-les-propos-de-lamine-diack-provoquent-une-tempete-politique_4835782_3212.html#vuStuslGA2qDdCRu.99\">LE MONDE \u00a0<\/a><\/p>\n","protected":false},"excerpt":{"rendered":"<p>Par Cyril Bensimon (avec Yann Bouchez) &nbsp; Il y a dans les aveux de Lamine Diack de quoi nourrir un scandale d\u2019Etat au S\u00e9n\u00e9gal. En reconnaissant devant des enqu\u00eateurs fran\u00e7ais, comme l\u2019a r\u00e9v\u00e9l\u00e9 Le Monde vendredi 18\u00a0d\u00e9cembre, qu\u2019il avait couvert des athl\u00e8tes russes soup\u00e7onn\u00e9s de dopage en contrepartie de financements des campagnes de l\u2019opposition s\u00e9n\u00e9galaise<\/p>\n","protected":false},"author":134,"featured_media":7753,"comment_status":"open","ping_status":"open","sticky":false,"template":"","format":"standard","meta":{"_uf_show_specific_survey":0,"_uf_disable_surveys":false,"footnotes":""},"categories":[22],"tags":[],"class_list":{"0":"post-7752","1":"post","2":"type-post","3":"status-publish","4":"format-standard","5":"has-post-thumbnail","7":"category-actualites-fr"},"aioseo_notices":[],"_links":{"self":[{"href":"https:\/\/middleeasttransparent.com\/fr\/wp-json\/wp\/v2\/posts\/7752","targetHints":{"allow":["GET"]}}],"collection":[{"href":"https:\/\/middleeasttransparent.com\/fr\/wp-json\/wp\/v2\/posts"}],"about":[{"href":"https:\/\/middleeasttransparent.com\/fr\/wp-json\/wp\/v2\/types\/post"}],"author":[{"embeddable":true,"href":"https:\/\/middleeasttransparent.com\/fr\/wp-json\/wp\/v2\/users\/134"}],"replies":[{"embeddable":true,"href":"https:\/\/middleeasttransparent.com\/fr\/wp-json\/wp\/v2\/comments?post=7752"}],"version-history":[{"count":0,"href":"https:\/\/middleeasttransparent.com\/fr\/wp-json\/wp\/v2\/posts\/7752\/revisions"}],"wp:featuredmedia":[{"embeddable":true,"href":"https:\/\/middleeasttransparent.com\/fr\/wp-json\/wp\/v2\/media\/7753"}],"wp:attachment":[{"href":"https:\/\/middleeasttransparent.com\/fr\/wp-json\/wp\/v2\/media?parent=7752"}],"wp:term":[{"taxonomy":"category","embeddable":true,"href":"https:\/\/middleeasttransparent.com\/fr\/wp-json\/wp\/v2\/categories?post=7752"},{"taxonomy":"post_tag","embeddable":true,"href":"https:\/\/middleeasttransparent.com\/fr\/wp-json\/wp\/v2\/tags?post=7752"}],"curies":[{"name":"wp","href":"https:\/\/api.w.org\/{rel}","templated":true}]}}