{"id":7736,"date":"2015-12-21T17:03:24","date_gmt":"2015-12-21T16:03:24","guid":{"rendered":"http:\/\/middleeasttransparent.com\/?p=7736"},"modified":"2015-12-21T17:06:12","modified_gmt":"2015-12-21T16:06:12","slug":"suspendus-huit-ans-par-la-fifa-michel-platini-et-joseph-blatter-menacent-de-saisir-la-justice","status":"publish","type":"post","link":"https:\/\/middleeasttransparent.com\/fr\/suspendus-huit-ans-par-la-fifa-michel-platini-et-joseph-blatter-menacent-de-saisir-la-justice\/","title":{"rendered":"Suspendus huit ans par la FIFA, Michel Platini et Joseph Blatter menacent de saisir la justice"},"content":{"rendered":"<p class=\"tt2\"><strong>\u00a0<span class=\"signature_article\">Par <span class=\"auteur txt2_120\"><a class=\"auteur\" href=\"http:\/\/www.lemonde.fr\/journaliste\/remi-dupre\/\" target=\"_blank\">R\u00e9mi Dupr\u00e9<\/a> (Zurich (envoy\u00e9 sp\u00e9cial))<\/span><\/span><\/strong><\/p>\n<div id=\"articleBody\" class=\"contenu_article js_article_body\">\n<h3 class=\"taille_courante\">Le jugement est tomb\u00e9. Lundi 21\u00a0d\u00e9cembre, Michel Platini et Joseph Blatter ont \u00e9t\u00e9 suspendus pour huit ans de toute activit\u00e9 li\u00e9e au football par le comit\u00e9 d\u2019\u00e9thique de la F\u00e9d\u00e9ration internationale de <a class=\"lien_interne rub\" title=\"Toute l\u2019actualit\u00e9 football\" href=\"http:\/\/www.lemonde.fr\/football\/\">football<\/a> (<a class=\"lien_interne rub\" title=\"Toute l\u2019actualit\u00e9 FIFA\" href=\"http:\/\/www.lemonde.fr\/corruption-a-la-fifa\/\">FIFA<\/a>). Cette suspension, \u00e0 effet imm\u00e9diat, a \u00e9t\u00e9 assortie d\u2019une amende de 80\u00a0000\u00a0francs suisses (74\u00a0000\u00a0euros) pour M. Platini et 50\u00a0000\u00a0francs suisses (46\u00a0000\u00a0euros) pour M. Blatter.<\/h3>\n<p>La <a class=\"lien_interne rub\" title=\"Toute l\u2019actualit\u00e9 justice\" href=\"http:\/\/www.lemonde.fr\/justice\/\">justice<\/a> interne de la FIFA a jug\u00e9 que les deux hommes avaient <em>\u00ab\u00a0abus\u00e9\u00a0\u00bb<\/em> de leur position. Si les charges de corruption n\u2019ont pas \u00e9t\u00e9 retenues, le comit\u00e9 d\u2019\u00e9thique les a jug\u00e9s coupables de<em>\u00ab\u00a0conflit d\u2019int\u00e9r\u00eat\u00a0\u00bb<\/em> et de<em> \u00ab\u00a0gestion d\u00e9loyale\u00a0\u00bb<\/em>.<\/p>\n<p>Les juges estiment que M. Blatter, pr\u00e9sident d\u00e9missionnaire de l\u2019instance mondiale du football, <em>\u00ab\u00a0ni dans sa d\u00e9claration \u00e9crite ni \u00e0 l\u2019audience, n\u2019a \u00e9t\u00e9 en mesure de <a class=\"lien_interne conjug\" title=\"Conjugaison du verbe d\u00e9montrer\" href=\"http:\/\/conjugaison.lemonde.fr\/conjugaison\/premier-groupe\/d%C3%A9montrer\/\" target=\"_blank\">d\u00e9montrer<\/a> une base l\u00e9gale \u00e0 ce paiement. Son affirmation d\u2019un accord oral n\u2019a pas \u00e9t\u00e9 d\u00e9termin\u00e9e comme convaincante et a \u00e9t\u00e9 rejet\u00e9e par le comit\u00e9\u00a0\u00bb<\/em>.<\/p>\n<p class=\"lire\">Lire aussi\u00a0: <a href=\"http:\/\/www.lemonde.fr\/football\/article\/2015\/12\/21\/les-soutiens-de-michel-platini-denoncent-sa-suspension-par-la-fifa_4836058_1616938.html\">Les soutiens de Michel Platini d\u00e9noncent sa suspension par la FIFA<\/a><\/p>\n<p class=\"intertitre\"><strong>\u00ab\u00a0Je vais <a class=\"lien_interne conjug\" title=\"Conjugaison du verbe lutter\" href=\"http:\/\/conjugaison.lemonde.fr\/conjugaison\/premier-groupe\/lutter\/\" target=\"_blank\">lutter<\/a>, je vais me <a class=\"lien_interne conjug\" title=\"Conjugaison du verbe battre\" href=\"http:\/\/conjugaison.lemonde.fr\/conjugaison\/troisieme-groupe\/battre\/\" target=\"_blank\">battre<\/a> pour <a class=\"lien_interne rub\" title=\"Toute l\u2019actualit\u00e9 moi\" href=\"http:\/\/www.lemonde.fr\/m-moi\/\">moi<\/a>, pour la FIFA\u00a0\u00bb<\/strong><\/p>\n<p class=\"video_player\">Dans une conf\u00e9rence de presse lors de laquelle il a altern\u00e9 entre l\u2019anglais, le fran\u00e7ais et l\u2019espagnol, M.\u00a0Blatter a annonc\u00e9 qu\u2019il allait <a class=\"lien_interne conjug\" title=\"Conjugaison du verbe faire\" href=\"http:\/\/conjugaison.lemonde.fr\/conjugaison\/troisieme-groupe\/faire\/\" target=\"_blank\">faire<\/a> appel devant la FIFA, puis devant le Tribunal arbitral du<a class=\"lien_interne rub\" title=\"Toute l\u2019actualit\u00e9 sport\" href=\"http:\/\/www.lemonde.fr\/sport\/\">sport<\/a> (TAS) <em>\u00ab\u00a0et m\u00eame devant la justice <a class=\"lien_interne rub\" title=\"Toute l\u2019actualit\u00e9 suisse\" href=\"http:\/\/www.lemonde.fr\/suisse\/\">suisse<\/a>, s\u2019il le faut\u00a0\u00bb. <\/em>Il s\u2019est d\u00e9fendu en expliquant\u00a0:<\/p>\n<blockquote class=\"citation\"><p>\u00ab\u00a0Disons que je suis vraiment d\u00e9sol\u00e9, je suis d\u00e9sol\u00e9, de me <a class=\"lien_interne conjug\" title=\"Conjugaison du verbe trouver\" href=\"http:\/\/conjugaison.lemonde.fr\/conjugaison\/premier-groupe\/trouver\/\" target=\"_blank\">trouver<\/a> encore comme un punching-ball alors que je suis encore pr\u00e9sident de la FIFA, je suis triste pour la FIFA que je sers depuis plus de quarante ans, mais je suis surtout d\u00e9sol\u00e9 pour moi, de <a class=\"lien_interne conjug\" title=\"Conjugaison du verbe voir\" href=\"http:\/\/conjugaison.lemonde.fr\/conjugaison\/troisieme-groupe\/voir\/\" target=\"_blank\">voir<\/a> comment on me traite dans cette situation. (\u2026) La commission d\u2019\u00e9thique n\u2019est pas habilit\u00e9e \u00e0 <a class=\"lien_interne conjug\" title=\"Conjugaison du verbe poursuivre\" href=\"http:\/\/conjugaison.lemonde.fr\/conjugaison\/troisieme-groupe\/poursuivre\/\" target=\"_blank\">poursuivre<\/a> le pr\u00e9sident de la FIFA. (\u2026) Je vais lutter, je vais me battre pour moi, pour la FIFA.\u00a0\u00bb<\/p><\/blockquote>\n<p>Concernant Michel Platini, le comit\u00e9 d\u2019\u00e9thique note qu\u2019il n\u2019a pas trouv\u00e9 dans le dossier pr\u00e9sent\u00e9 par M. Platini la preuve convaincante d\u2019un <em>\u00ab\u00a0accord oral\u00a0\u00bb<\/em>.<\/p>\n<blockquote class=\"citation\"><p><em>\u00ab\u00a0M.\u00a0Platini a omis d\u2019agir avec une cr\u00e9dibilit\u00e9 et une int\u00e9grit\u00e9 totales, faisant preuve d\u2019une m\u00e9connaissance de l\u2019importance de ses t\u00e2ches et de <a class=\"lien_interne bourse\" href=\"http:\/\/www.lemonde.fr\/bourse\/nyse-euronext-paris-equities\/ses\/\">ses<\/a> obligations et responsabilit\u00e9s concomitantes.\u00a0\u00bb<\/em><\/p><\/blockquote>\n<figure class=\"illustration_haut \">image: http:\/\/s1.lemde.fr\/image2x\/2015\/12\/21\/534&#215;0\/4835731_6_12f1_michel-platini-en-2011-a-zurich_6b9abc96cec3d008ea36c1d60f5073a4.jpg<\/figure>\n<p><img decoding=\"async\" class=\"lazy-retina\" title=\"SEBASTIAN DERUNGS \/ AFP\" src=\"http:\/\/s1.lemde.fr\/image2x\/2015\/12\/21\/534x0\/4835731_6_12f1_michel-platini-en-2011-a-zurich_6b9abc96cec3d008ea36c1d60f5073a4.jpg\" alt=\"Michel Platini, en 2011 \u00e0 Zurich.\" width=\"534\" data-lazyload=\"false\" data-no-hd-src=\"http:\/\/s1.lemde.fr\/image\/2015\/12\/21\/534x0\/4835731_6_12f1_michel-platini-en-2011-a-zurich_6b9abc96cec3d008ea36c1d60f5073a4.jpg\" data-hd-src=\"http:\/\/s1.lemde.fr\/image2x\/2015\/12\/21\/534x0\/4835731_6_12f1_michel-platini-en-2011-a-zurich_6b9abc96cec3d008ea36c1d60f5073a4.jpg\" \/><br \/>\nMichel Platini, en 2011 \u00e0 Zurich. <span class=\"source_image\" data-copyright=\"SEBASTIAN DERUNGS \/ AFP\">SEBASTIAN DERUNGS \/ AFP<\/span><\/p>\n<p>Ce dernier a r\u00e9agi en d\u00e9noncant une <em>\u00ab\u00a0v\u00e9ritable mascarade\u00a0\u00bb<\/em> <em>\u00ab\u00a0mise en sc\u00e8ne\u00a0\u00bb<\/em> pour le <em>\u00ab\u00a0salir\u00a0\u00bb<\/em> par des instances auxquelles il d\u00e9nie <em>\u00ab\u00a0toute l\u00e9gitimit\u00e9 et cr\u00e9dibilit\u00e9\u00a0\u00bb.<\/em><\/p>\n<blockquote class=\"citation\"><p><em>\u00ab\u00a0Parall\u00e8lement \u00e0 la saisine du Tribunal arbitral du <a class=\"lien_interne rub\" title=\"Toute l\u2019actualit\u00e9 sport\" href=\"http:\/\/www.lemonde.fr\/afrique-sport\/\">sport<\/a>, je suis d\u00e9termin\u00e9 \u00e0 <a class=\"lien_interne conjug\" title=\"Conjugaison du verbe saisir\" href=\"http:\/\/conjugaison.lemonde.fr\/conjugaison\/deuxieme-groupe\/saisir\/\" target=\"_blank\">saisir<\/a>, le moment venu, la justice civile pour <a class=\"lien_interne conjug\" title=\"Conjugaison du verbe obtenir\" href=\"http:\/\/conjugaison.lemonde.fr\/conjugaison\/troisieme-groupe\/obtenir\/\" target=\"_blank\">obtenir<\/a> r\u00e9paration de l\u2019int\u00e9<a class=\"lien_interne bourse\" href=\"http:\/\/www.lemonde.fr\/bourse\/nyse-euronext-paris-equities\/g-a-i\/\">gralit<\/a>\u00e9 du pr\u00e9judice que je subis depuis de trop longues semaines du fait de cette proc\u00e9dure. J\u2019irai jusqu\u2019au bout dans cette d\u00e9marche.\u00a0\u00bb<\/em><\/p><\/blockquote>\n<p>Dans l\u2019attente du verdict, M.\u00a0Blatter et M. Platini avaient tous deux \u00e9t\u00e9 radi\u00e9s, le 8\u00a0octobre, pour quatre-vingt-dix jours. Cette sanction faisait \u00e9cho \u00e0 l\u2019ouverture par le minist\u00e8re public de la Conf\u00e9d\u00e9ration helv\u00e9tique (MPC), fin septembre, d\u2019une proc\u00e9dure p\u00e9nale \u00e0 l\u2019encontre de Joseph Blatter \u00e0 la suite d\u2019un \u00ab<em>\u00a0paiement d\u00e9loyal\u00a0<\/em>\u00bb auquel il avait proc\u00e9d\u00e9, en f\u00e9vrier\u00a02011, en faveur de Michel Platini <em>\u00ab\u00a0pr\u00e9tendument pour des travaux\u00a0\u00bb<\/em> effectu\u00e9s par ce dernier entre 1999 et 2002. A l\u2019\u00e9poque, l\u2019ex-num\u00e9ro\u00a010 des Bleus \u2013 entendu par le MPC comme <em>\u00ab\u00a0personne appel\u00e9e \u00e0 <a class=\"lien_interne conjug\" title=\"Conjugaison du verbe donner\" href=\"http:\/\/conjugaison.lemonde.fr\/conjugaison\/premier-groupe\/donner\/\" target=\"_blank\">donner<\/a>des renseignements\u00a0\u00bb<\/em> \u2013 officiait comme <em>\u00ab\u00a0conseiller football\u00a0\u00bb<\/em> du patron de la FIFA.<\/p>\n<p>Le Suisse \u00e9tait \u00e9galement poursuivi pour <a class=\"lien_interne conjug\" title=\"Conjugaison du verbe avoir\" href=\"http:\/\/conjugaison.lemonde.fr\/conjugaison\/auxiliaire\/avoir\/\" target=\"_blank\">avoir<\/a> sign\u00e9, en\u00a02005, <em>\u00ab\u00a0un contrat d\u00e9favorable \u00e0 la FIFA\u00a0\u00bb <\/em>avec l\u2019Union carib\u00e9enne de football (CFU), pr\u00e9sid\u00e9e alors par Jack Warner. Ledit contrat, r\u00e9sili\u00e9 par la FIFA en\u00a02011, octroyait les droits t\u00e9l\u00e9visuels des Mondiaux 2010 et 2014 au CFU pour 600\u00a0000\u00a0dollars (536\u00a0000\u00a0euros).<\/p>\n<p class=\"intertitre\"><strong>Course contre la montre pour Platini<\/strong><\/p>\n<figure class=\"illustration_haut \"><img decoding=\"async\" class=\"lazy-retina\" title=\"Walter Bieri \/ AP\" src=\"http:\/\/s2.lemde.fr\/image2x\/2015\/12\/21\/534x0\/4835979_6_fcdd_2015-12-17-e82a3f4-6c5e8b6e7a8c4c3e9860c0620864d_6b205ff79904e9b6fb166f668f4a17ac.jpg\" alt=\" \" width=\"534\" data-lazyload=\"false\" data-no-hd-src=\"http:\/\/s2.lemde.fr\/image\/2015\/12\/21\/534x0\/4835979_6_fcdd_2015-12-17-e82a3f4-6c5e8b6e7a8c4c3e9860c0620864d_6b205ff79904e9b6fb166f668f4a17ac.jpg\" data-hd-src=\"http:\/\/s2.lemde.fr\/image2x\/2015\/12\/21\/534x0\/4835979_6_fcdd_2015-12-17-e82a3f4-6c5e8b6e7a8c4c3e9860c0620864d_6b205ff79904e9b6fb166f668f4a17ac.jpg\" \/><\/figure>\n<p>Si M. Blatter a \u00e9t\u00e9 entendu durant huit heures par le juge Eckert, le 18\u00a0d\u00e9cembre, M.\u00a0Platini a boycott\u00e9 cette audition, <a href=\"http:\/\/www.lemonde.fr\/football\/article\/2015\/12\/16\/platini-boycotte-son-audition-devant-la-fifa_4833215_1616938.html\">d\u00e9non\u00e7ant un <em>\u00ab\u00a0proc\u00e8s politique\u00a0\u00bb<\/em> et laissant son avocat le repr\u00e9senter.<\/a><em>\u00ab\u00a0Tout est jou\u00e9 d\u2019avance\u00a0\u00bb,<\/em> soufflait un membre de son \u00e9quipe de <a class=\"lien_interne rub\" title=\"Toute l\u2019actualit\u00e9 d\u00e9fense\" href=\"http:\/\/www.lemonde.fr\/defense\/\">d\u00e9fense<\/a> avant l\u2019annonce de la d\u00e9cision du comit\u00e9 d\u2019\u00e9thique et alors que la candidature de l\u2019ex-capitaine des Bleus \u00e0 la pr\u00e9sidence de la FIFA est gel\u00e9e.<\/p>\n<p>Alors que l\u2019\u00e9lection est pr\u00e9vue pour le 26\u00a0f\u00e9vrier, le patron de l\u2019UEFA devrait saisir la commission des recours de la F\u00e9d\u00e9ration internationale avant de faire appel, le cas \u00e9ch\u00e9ant, devant <a href=\"http:\/\/www.lemonde.fr\/football\/article\/2015\/12\/17\/fifa-qui-est-hans-joachim-eckert-le-juge-de-blatter-et-platini_4834027_1616938.html\">le Tribunal arbitral du sport.<\/a> <em>\u00ab\u00a0Ce parcours contentieux est loin d\u2019\u00eatre fini\u00a0\u00bb, <\/em>assure l\u2019un de ses conseillers. L\u2019UEFA a pris la parole pour <a class=\"lien_interne conjug\" title=\"Conjugaison du verbe dire\" href=\"http:\/\/conjugaison.lemonde.fr\/conjugaison\/troisieme-groupe\/dire\/\" target=\"_blank\">dire<\/a> son <em>\u00ab\u00a0soutien\u00a0\u00bb<\/em> \u00e0 son pr\u00e9sident dans son droit <em>\u00ab\u00a0\u00e0 une proc\u00e9dure \u00e9quitable\u00a0\u00bb.<\/em><\/p>\n<p>L\u2019ancien joueur entame une course contre la montre. Car il doit <a class=\"lien_interne conjug\" title=\"Conjugaison du verbe \u00eatre\" href=\"http:\/\/conjugaison.lemonde.fr\/conjugaison\/auxiliaire\/%C3%AAtre\/\" target=\"_blank\">\u00eatre<\/a> d\u00e9finitivement blanchi par le TAS d\u2019ici au 26\u00a0janvier, soit un mois avant l\u2019\u00e9lection, pour <a class=\"lien_interne conjug\" title=\"Conjugaison du verbe esp\u00e9rer\" href=\"http:\/\/conjugaison.lemonde.fr\/conjugaison\/premier-groupe\/esp%C3%A9rer\/\" target=\"_blank\">esp\u00e9rer<\/a> faire <a class=\"lien_interne conjug\" title=\"Conjugaison du verbe valider\" href=\"http:\/\/conjugaison.lemonde.fr\/conjugaison\/premier-groupe\/valider\/\" target=\"_blank\">valider<\/a> sa candidature par la commission \u00e9lectorale de la FIFA.<em> \u00ab\u00a0Cela va \u00eatre tr\u00e8s serr\u00e9 et compliqu\u00e9\u00a0pour Platini\u00a0\u00bb<\/em>, confie un observateur avis\u00e9 des instances mondiales.<\/p>\n<p>D\u00e8s l\u2019annonce de la d\u00e9cision du juge Eckert, Joseph Blatter a, lui, convoqu\u00e9 la presse pr\u00e8s de l\u2019ancien si\u00e8ge de la F\u00e9d\u00e9ration internationale, sur la colline zurichoise du Sonnenberg. Pour <a class=\"lien_interne conjug\" title=\"Conjugaison du verbe r\u00e9gler\" href=\"http:\/\/conjugaison.lemonde.fr\/conjugaison\/premier-groupe\/r%C3%A9gler\/\" target=\"_blank\">r\u00e9gler<\/a>ses comptes\u00a0? <em>\u00ab\u00a0Blatter n\u2019aurait jamais pens\u00e9 que le comit\u00e9 d\u2019\u00e9thique se retournerait contre lui<\/em>, analyse son ancien <a class=\"lien_interne conjug\" title=\"Conjugaison du verbe conseiller\" href=\"http:\/\/conjugaison.lemonde.fr\/conjugaison\/premier-groupe\/conseiller\/\" target=\"_blank\">conseiller<\/a> Guido Tognoni.<em> Il s\u2019en servait surtout pour <a class=\"lien_interne conjug\" title=\"Conjugaison du verbe radier\" href=\"http:\/\/conjugaison.lemonde.fr\/conjugaison\/premier-groupe\/radier\/\" target=\"_blank\">radier<\/a> ses adversaires.<\/em>\u00a0<em>\u00bb<\/em><\/p>\n<p>Elu \u00e0 sa t\u00eate \u00e0 cinq reprises depuis 1998, l\u2019Helv\u00e8te quitte ainsi par la petite porte la FIFA, dont il \u00e9tait salari\u00e9 depuis 1975. Le monarque d\u00e9chu laisse derri\u00e8re lui une organisation richissime (une r\u00e9serve financi\u00e8re de 1,4\u00a0milliard d\u2019euros en\u00a02015) mais min\u00e9e par les scandales de corruption.<\/p>\n<\/div>\n<div class=\"bg_gris_moyen signature\"><a href=\"http:\/\/www.lemonde.fr\/sport\/article\/2015\/12\/21\/la-fifa-suspend-michel-platini-et-joseph-blatter_4835726_3242.html#Hmtjy7EUKBbf5le2.99\">LE MONDE\u00a0<\/a><\/div>\n","protected":false},"excerpt":{"rendered":"<p>\u00a0Par R\u00e9mi Dupr\u00e9 (Zurich (envoy\u00e9 sp\u00e9cial)) Le jugement est tomb\u00e9. Lundi 21\u00a0d\u00e9cembre, Michel Platini et Joseph Blatter ont \u00e9t\u00e9 suspendus pour huit ans de toute activit\u00e9 li\u00e9e au football par le comit\u00e9 d\u2019\u00e9thique de la F\u00e9d\u00e9ration internationale de football (FIFA). Cette suspension, \u00e0 effet imm\u00e9diat, a \u00e9t\u00e9 assortie d\u2019une amende de 80\u00a0000\u00a0francs suisses (74\u00a0000\u00a0euros) pour<\/p>\n","protected":false},"author":134,"featured_media":7737,"comment_status":"open","ping_status":"open","sticky":false,"template":"","format":"standard","meta":{"_uf_show_specific_survey":0,"_uf_disable_surveys":false,"footnotes":""},"categories":[361],"tags":[],"class_list":{"0":"post-7736","1":"post","2":"type-post","3":"status-publish","4":"format-standard","5":"has-post-thumbnail","7":"category-sport-international"},"aioseo_notices":[],"_links":{"self":[{"href":"https:\/\/middleeasttransparent.com\/fr\/wp-json\/wp\/v2\/posts\/7736","targetHints":{"allow":["GET"]}}],"collection":[{"href":"https:\/\/middleeasttransparent.com\/fr\/wp-json\/wp\/v2\/posts"}],"about":[{"href":"https:\/\/middleeasttransparent.com\/fr\/wp-json\/wp\/v2\/types\/post"}],"author":[{"embeddable":true,"href":"https:\/\/middleeasttransparent.com\/fr\/wp-json\/wp\/v2\/users\/134"}],"replies":[{"embeddable":true,"href":"https:\/\/middleeasttransparent.com\/fr\/wp-json\/wp\/v2\/comments?post=7736"}],"version-history":[{"count":0,"href":"https:\/\/middleeasttransparent.com\/fr\/wp-json\/wp\/v2\/posts\/7736\/revisions"}],"wp:featuredmedia":[{"embeddable":true,"href":"https:\/\/middleeasttransparent.com\/fr\/wp-json\/wp\/v2\/media\/7737"}],"wp:attachment":[{"href":"https:\/\/middleeasttransparent.com\/fr\/wp-json\/wp\/v2\/media?parent=7736"}],"wp:term":[{"taxonomy":"category","embeddable":true,"href":"https:\/\/middleeasttransparent.com\/fr\/wp-json\/wp\/v2\/categories?post=7736"},{"taxonomy":"post_tag","embeddable":true,"href":"https:\/\/middleeasttransparent.com\/fr\/wp-json\/wp\/v2\/tags?post=7736"}],"curies":[{"name":"wp","href":"https:\/\/api.w.org\/{rel}","templated":true}]}}