{"id":7236,"date":"2015-12-06T20:04:29","date_gmt":"2015-12-06T19:04:29","guid":{"rendered":"http:\/\/middleeasttransparent.com\/?p=7236"},"modified":"2016-05-09T19:51:17","modified_gmt":"2016-05-09T18:51:17","slug":"le-dejeuner-a-lelysee-qui-a-conduit-le-mondial-au-qatar","status":"publish","type":"post","link":"https:\/\/middleeasttransparent.com\/fr\/le-dejeuner-a-lelysee-qui-a-conduit-le-mondial-au-qatar\/","title":{"rendered":"Le d\u00e9jeuner \u00e0 l\u2019Elys\u00e9e qui a conduit le Mondial au Qatar"},"content":{"rendered":"<h3 class=\"tt2\">\u00a0<span class=\"signature_article\">Par <span class=\"auteur txt2_120\"><a class=\"auteur\" href=\"http:\/\/www.lemonde.fr\/journaliste\/remi-dupre\/\" target=\"_blank\">R\u00e9mi Dupr\u00e9<\/a>, <a class=\"auteur\" href=\"http:\/\/www.lemonde.fr\/journaliste\/alexandre-lemarie\/\" target=\"_blank\">Alexandre Lemari\u00e9<\/a> et <a class=\"auteur\" href=\"http:\/\/www.lemonde.fr\/journaliste\/stephane-mandard\/\" target=\"_blank\">St\u00e9phane Mandard<\/a><\/span><\/span><\/h3>\n<div class=\"toolbar\">\n<div class=\"conteneur_barre_outils\">\n<p class=\"barre_outils\">Au cr\u00e9puscule de sa longue carri\u00e8re, Joseph Blatter, 79 ans dont dix-sept pass\u00e9s \u00e0 la t\u00eate de la F\u00e9d\u00e9ration internationale de <a class=\"lien_interne rub\" title=\"Toute l\u2019actualit\u00e9 football\" href=\"http:\/\/www.lemonde.fr\/football\/\">football<\/a> (<a class=\"lien_interne rub\" title=\"Toute l\u2019actualit\u00e9 FIFA\" href=\"http:\/\/www.lemonde.fr\/corruption-a-la-fifa\/\">FIFA<\/a>), a d\u00e9cid\u00e9 de <a class=\"lien_interne conjug\" title=\"Conjugaison du verbe r\u00e9gler\" href=\"http:\/\/conjugaison.lemonde.fr\/conjugaison\/premier-groupe\/r%C3%A9gler\/\" target=\"_blank\">r\u00e9gler<\/a> <a class=\"lien_interne bourse\" href=\"http:\/\/www.lemonde.fr\/bourse\/nyse-euronext-paris-equities\/ses\/\">ses<\/a> comptes avec son ancien prot\u00e9g\u00e9, Michel Platini. Et m\u00eame si le<a class=\"lien_interne rub\" title=\"Toute l\u2019actualit\u00e9 Suisse\" href=\"http:\/\/www.lemonde.fr\/suisse\/\">Suisse<\/a> a d\u00e9clar\u00e9, mercredi 25 novembre, sur la cha\u00eene helv\u00e8te RTS, que le Fran\u00e7ais est <em>\u00ab un homme honn\u00eate \u00bb<\/em>, l\u2019amabilit\u00e9 s\u2019apparente plut\u00f4t \u00e0 un <a class=\"lien_interne conjug\" title=\"Conjugaison du verbe baiser\" href=\"http:\/\/conjugaison.lemonde.fr\/conjugaison\/premier-groupe\/baiser\/\" target=\"_blank\">baiser<\/a> de la mort. Sous le coup d\u2019une suspension provisoire de 90 jours, le patron du foot mondial et celui de l\u2019Union des associations europ\u00e9ennes de football (UEFA) risquent tous deux une radiation \u00e0 vie, selon les r\u00e9quisitions de la chambre d\u2019investigation du comit\u00e9 d\u2019\u00e9thique de la FIFA. Le dirigeant de la puissante conf\u00e9d\u00e9ration du Vieux Continent devrait <a class=\"lien_interne conjug\" title=\"Conjugaison du verbe \u00eatre\" href=\"http:\/\/conjugaison.lemonde.fr\/conjugaison\/auxiliaire\/%C3%AAtre\/\" target=\"_blank\">\u00eatre<\/a> entendu \u00ab\u00a0<em>entre le 16 et le 18 d\u00e9cembre<\/em>\u00a0\u00bb par la chambre de jugement dudit comit\u00e9 d\u2019\u00e9thique. En cause, les 2 millions de francs suisses (1,8 million d\u2019euros) vers\u00e9s, en f\u00e9vrier 2011, par Blatter \u00e0 Platini pour des travaux r\u00e9alis\u00e9s par ce dernier, alors qu\u2019il \u00e9tait son <a class=\"lien_interne conjug\" title=\"Conjugaison du verbe conseiller\" href=\"http:\/\/conjugaison.lemonde.fr\/conjugaison\/premier-groupe\/conseiller\/\" target=\"_blank\">conseiller<\/a> technique entre 1998 et 2002. Le minist\u00e8re public de la Conf\u00e9d\u00e9ration helv\u00e9tique a ouvert une <a class=\"lien_interne rub\" title=\"Toute l\u2019actualit\u00e9 enqu\u00eate\" href=\"http:\/\/www.lemonde.fr\/enquetes\/\">enqu\u00eate<\/a> p\u00e9nale contre le septuag\u00e9naire pour <em>\u00ab paiement d\u00e9loyal [\u2026] au pr\u00e9judice de la FIFA \u00bb.<\/em><\/p>\n<\/div>\n<\/div>\n<div id=\"articleBody\" class=\"contenu_article js_article_body\">\n<p class=\"lire\">Lire aussi\u00a0: <a href=\"http:\/\/www.lemonde.fr\/football\/article\/2015\/12\/04\/michel-platini-sera-entendu-par-la-commission-d-ethique-de-la-fifa_4824074_1616938.html\">Michel Platini sera entendu par la Commission d\u2019\u00e9thique de la FIFA<\/a><\/p>\n<p>Au bord du pr\u00e9cipice, le Suisse a commenc\u00e9 \u00e0 <a class=\"lien_interne conjug\" title=\"Conjugaison du verbe d\u00e9terrer\" href=\"http:\/\/conjugaison.lemonde.fr\/conjugaison\/premier-groupe\/d%C3%A9terrer\/\" target=\"_blank\">d\u00e9terrer<\/a> des dossiers explosifs, d\u00e9sireux de <a class=\"lien_interne conjug\" title=\"Conjugaison du verbe barrer\" href=\"http:\/\/conjugaison.lemonde.fr\/conjugaison\/premier-groupe\/barrer\/\" target=\"_blank\">barrer<\/a> la route \u00e0 celui qui, malgr\u00e9 le gel temporaire de sa candidature, souhaite toujours lui <a class=\"lien_interne conjug\" title=\"Conjugaison du verbe succ\u00e9der\" href=\"http:\/\/conjugaison.lemonde.fr\/conjugaison\/premier-groupe\/succ%C3%A9der\/\" target=\"_blank\">succ\u00e9der<\/a>lors de l\u2019\u00e9lection \u00e0 la pr\u00e9sidence de la FIFA, programm\u00e9e pour le 26 f\u00e9vrier 2016. Fin octobre, dans des interviews \u00e0 l\u2019agence russe Tass et au journal anglais <em>The Financial Times<\/em>, Joseph Blatter a allum\u00e9 la m\u00e8che, revenant en long et en large sur les dessous du vote d\u2019attribution des Mondiaux 2018 et 2022, respectivement \u00e0 la <a class=\"lien_interne rub\" title=\"Toute l\u2019actualit\u00e9 Russie\" href=\"http:\/\/www.lemonde.fr\/russie\/\">Russie<\/a> et au <a class=\"lien_interne rub\" title=\"Toute l\u2019actualit\u00e9 Qatar\" href=\"http:\/\/www.lemonde.fr\/qatar\/\">Qatar<\/a>, organis\u00e9 le 2 d\u00e9cembre 2010.<\/p>\n<p>Selon le patriarche du foot mondial, <em>\u00ab il y avait un arrangement diplomatique \u00bb<\/em> pour que le Mondial 2022 revienne aux Etats-Unis. Mais \u00e0 la surprise g\u00e9n\u00e9rale, c\u2019est le petit \u00e9mirat du golfe Arabo-Persique qui a emport\u00e9 la mise par 14 voix contre 8. Les conditions d\u2019attribution de la Coupe du <a class=\"lien_interne rub\" title=\"Toute l\u2019actualit\u00e9 monde\" href=\"http:\/\/www.lemonde.fr\/afrique-monde\/\">monde<\/a> au Qatar font, cinq ans plus tard, l\u2019objet d\u2019une enqu\u00eate de la <a class=\"lien_interne rub\" title=\"Toute l\u2019actualit\u00e9 justice\" href=\"http:\/\/www.lemonde.fr\/justice\/\">justice<\/a> suisse, qui a relev\u00e9 <em>\u00ab plus de 120 transactions financi\u00e8res suspectes \u00bb<\/em>. Pour Blatter, ce <em>\u00ab gentleman\u2019s agreement<em> a \u00e9t\u00e9 remis en cause par l\u2019interf\u00e9rence gouvernementale de M. Sarkozy, pr\u00e9sident fran\u00e7ais, avec la contribution de l\u2019un de ses compatriotes<\/em><\/em>, <em>qui ne l\u2019a jamais ni\u00e9, et qui a amen\u00e9 d\u2019autres votants avec lui \u00bb.<\/em><\/p>\n<p class=\"lire marqueur_restreint_atome\">Lire aussi\u00a0: <a href=\"http:\/\/www.lemonde.fr\/football\/article\/2015\/11\/29\/l-ethique-de-michel-platini-a-l-epreuve-de-celle-de-la-fifa_4819869_1616938.html\">L\u2019\u00e9thique de Michel Platini \u00e0 l\u2019\u00e9preuve de celle de la FIFA<\/a><\/p>\n<p><em>\u00ab Une semaine avant le vote, j\u2019ai re\u00e7u un appel t\u00e9l\u00e9phonique de Michel Platini et il m\u2019a dit : \u201cJe ne suis plus ton plan, car le chef de l\u2019Etat m\u2019a dit que nous devrions <a class=\"lien_interne conjug\" title=\"Conjugaison du verbe prendre\" href=\"http:\/\/conjugaison.lemonde.fr\/conjugaison\/troisieme-groupe\/prendre\/\" target=\"_blank\">prendre<\/a> en compte la situation de la <a class=\"lien_interne rub\" title=\"Toute l\u2019actualit\u00e9 France\" href=\"http:\/\/www.lemonde.fr\/europeennes-france\/\">France<\/a>.\u201d Et il m\u2019a dit que cela concernerait plus d\u2019un vote, car il y avait un groupe de votants avec lui \u00bb, <\/em>a d\u00e9taill\u00e9 le pr\u00e9sident d\u00e9missionnaire de la FIFA, qui estime que<em> \u00ab quatre suffrages europ\u00e9ens se sont finalement \u00e9cart\u00e9s des Etats-Unis \u00bb<\/em>. Selon nos informations, outre l\u2019ex-num\u00e9ro 10 des Bleus, qui a rendu public son vote d\u00e8s 2011, trois dirigeants de l\u2019UEFA auraient effectivement vot\u00e9 pour l\u2019\u00e9mirat : le Chypriote Marios Lefkaritis, le Belge Michel D\u2019Hooghe et l\u2019Espagnol Angel Maria Villar, patron du comit\u00e9 de candidature ib\u00e9rique (<a class=\"lien_interne rub\" title=\"Toute l\u2019actualit\u00e9 Espagne\" href=\"http:\/\/www.lemonde.fr\/espagne\/\">Espagne<\/a> et<a class=\"lien_interne rub\" title=\"Toute l\u2019actualit\u00e9 Portugal\" href=\"http:\/\/www.lemonde.fr\/portugal\/\">Portugal<\/a>) pour le Mondial 2018. Lefkaritis, D\u2019Hooghe et Villar ont \u00e9t\u00e9 interrog\u00e9s par la <a class=\"lien_interne rub\" title=\"Toute l\u2019actualit\u00e9 police\" href=\"http:\/\/www.lemonde.fr\/police\/\">police<\/a> suisse dans le cadre de l\u2019enqu\u00eate sur l\u2019attribution du Mondial 2022 au Qatar. L\u2019Espagnol, qui est \u00e0 la fois vice-pr\u00e9sident de l\u2019UEFA et de la FIFA, a \u00e9t\u00e9 sanctionn\u00e9 le 13 novembre d\u2019une amende 25 000 francs suisses et d\u2019un avertissement pour ne pas <a class=\"lien_interne conjug\" title=\"Conjugaison du verbe avoir\" href=\"http:\/\/conjugaison.lemonde.fr\/conjugaison\/auxiliaire\/avoir\/\" target=\"_blank\">avoir<\/a> pleinement collabor\u00e9 avec l\u2019ancien procureur am\u00e9ricain Michael Garcia lors de son enqu\u00eate sur le vote du 2 d\u00e9cembre 2010.<\/p>\n<h2 class=\"intertitre\">Omerta<\/h2>\n<p>Pour de nombreux observateurs, les saillies de Blatter d\u00e9coulent d\u2019une volont\u00e9 de<em> \u00ab <a class=\"lien_interne conjug\" title=\"Conjugaison du verbe d\u00e9truire\" href=\"http:\/\/conjugaison.lemonde.fr\/conjugaison\/troisieme-groupe\/d%C3%A9truire\/\" target=\"_blank\">d\u00e9truire<\/a> l\u2019image de Platini et <a class=\"lien_interne conjug\" title=\"Conjugaison du verbe faire\" href=\"http:\/\/conjugaison.lemonde.fr\/conjugaison\/troisieme-groupe\/faire\/\" target=\"_blank\">faire<\/a> un maximum de d\u00e9g\u00e2ts \u00bb. \u00ab Il ne souhaite pas que Platini lui succ\u00e8de et n\u2019a jamais support\u00e9 que la Coupe du monde revienne au Qatar \u00bb, <\/em>insiste un ex-membre du comit\u00e9 ex\u00e9cutif de la FIFA.<em> \u00ab Blatter raconte des conneries<\/em>, affirme son ancien conseiller Guido Tognoni. <em>C\u2019est un mauvais perdant. Ce sont quatorze adultes qui ont vot\u00e9 pour le Qatar. Pourquoi n\u2019accuser que Platini ? Comme si Sarkozy avait plus d\u2019influence que Blatter. \u00bb<\/em> Sollicit\u00e9 par <em>Le Monde<\/em>, l\u2019ancien chef de l\u2019Etat n\u2019a pas souhait\u00e9 <a class=\"lien_interne conjug\" title=\"Conjugaison du verbe r\u00e9agir\" href=\"http:\/\/conjugaison.lemonde.fr\/conjugaison\/deuxieme-groupe\/r%C3%A9agir\/\" target=\"_blank\">r\u00e9agir<\/a>, nous renvoyant \u00e0 ses d\u00e9clarations, le 29 octobre, sur l\u2019antenne de BFM-TV. <em>\u00ab Voil\u00e0 encore un autre qui me pr\u00eate beaucoup de pouvoir<\/em>, avait rican\u00e9, ce jour-l\u00e0, le chef du parti <a class=\"lien_interne rub\" title=\"Toute l\u2019actualit\u00e9 Les R\u00e9publicains\" href=\"http:\/\/www.lemonde.fr\/les-republicains\/\">Les R\u00e9publicains<\/a>. <em>C\u2019\u00e9tait sans doute une allusion qui fait \u00e9cho \u00e0 sa tr\u00e8s grande amiti\u00e9 pour Michel Platini. \u00bb<\/em><\/p>\n<p>Selon Joseph Blatter, c\u2019est un <a class=\"lien_interne conjug\" title=\"Conjugaison du verbe d\u00e9jeuner\" href=\"http:\/\/conjugaison.lemonde.fr\/conjugaison\/premier-groupe\/d%C3%A9jeuner\/\" target=\"_blank\">d\u00e9jeuner<\/a> organis\u00e9 \u00e0 l\u2019Elys\u00e9e, le 23 novembre 2010, qui <em>\u00ab a compl\u00e8tement chang\u00e9 la donne \u00bb. \u00ab Tout allait bien jusqu\u2019au moment o\u00f9 Sarkozy a tenu une r\u00e9union avec le prince h\u00e9ritier du Qatar, qui est aujourd\u2019hui \u00e9mir <\/em>[Tamim Ben Hamad Al-Thani, au <a class=\"lien_interne conjug\" title=\"Conjugaison du verbe pouvoir\" href=\"http:\/\/conjugaison.lemonde.fr\/conjugaison\/troisieme-groupe\/pouvoir\/\" target=\"_blank\">pouvoir<\/a> depuis 2013]<em>. Et au d\u00e9jeuner qui a suivi<\/em> a<em>vec M. Platini, il a dit que ce serait bien d\u2019aller au Qatar. \u00bb<\/em> Cinq ans apr\u00e8s, l\u2019omerta r\u00e8gne autour de ce fameux d\u00e9jeuner \u00e0 l\u2019Elys\u00e9e, orchestr\u00e9 par <a class=\"lien_interne rub\" title=\"Toute l\u2019actualit\u00e9 Nicolas Sarkozy\" href=\"http:\/\/www.lemonde.fr\/nicolas-sarkozy\/\">Nicolas Sarkozy<\/a>, alors <em>\u00ab tr\u00e8s proche de la <a class=\"lien_interne rub\" title=\"Toute l\u2019actualit\u00e9 famille\" href=\"http:\/\/www.lemonde.fr\/famille\/\">famille<\/a> royale du Qatar<\/em> <em>et du prince Tamim \u00bb<\/em>, selon un diplomate. Ce mardi 23 novembre 2010, le prince h\u00e9ritier du Qatar, le cheikh Hamad ben Jassem, premier ministre et ministre des <a class=\"lien_interne rub\" title=\"Toute l\u2019actualit\u00e9 affaires \u00e9trang\u00e8res\" href=\"http:\/\/www.lemonde.fr\/affaires-etrangeres\/\">affaires \u00e9trang\u00e8res<\/a> de l\u2019\u00e9mirat, et Platini sont effectivement \u00e0 la table du pr\u00e9sident de la R\u00e9publique. Pour quelles raisons ?<\/p>\n<blockquote class=\"citation\"><p><em>\u00ab Blatter ne sait pas tout mais, sur le fond, ce qu\u2019il dit est vrai : Michel Platini a jou\u00e9 un r\u00f4le important pour <a class=\"lien_interne conjug\" title=\"Conjugaison du verbe renverser\" href=\"http:\/\/conjugaison.lemonde.fr\/conjugaison\/premier-groupe\/renverser\/\" target=\"_blank\">renverser<\/a> la vapeur contre les Etats-Unis. Il y a eu un revirement soudain apr\u00e8s ce d\u00e9jeuner du 23 novembre 2010<\/em>, constate un proche du dossier. <em>Sarkozy a fait <a class=\"lien_interne conjug\" title=\"Conjugaison du verbe changer\" href=\"http:\/\/conjugaison.lemonde.fr\/conjugaison\/premier-groupe\/changer\/\" target=\"_blank\">changer<\/a> d\u2019avis Platini. \u00bb<\/em><\/p><\/blockquote>\n<p>Selon nos informations, la cellule diplomatique de l\u2019Elys\u00e9e n\u2019a pas \u00e9t\u00e9 <em>\u00ab concern\u00e9e<\/em> <em>\u00bb<\/em> par l\u2019organisation de cette rencontre. <em>\u00ab C\u2019\u00e9tait Sophie Dion, la conseill\u00e8re sports de Nicolas Sarkozy, qui \u00e9tait comp\u00e9tente en la mati\u00e8re \u00bb<\/em>, souffle un proche de l\u2019ex-chef de l\u2019Etat.<em> \u00ab Quel d\u00e9jeuner ? Je n\u2019y \u00e9tais pas \u00bb<\/em>, assure toutefois au <em>Monde <\/em>celle qui a \u00e9t\u00e9 \u00e9lue d\u00e9put\u00e9e (Les R\u00e9publicains) de la Haute-Savoie en 2012. Pourtant, selon les archives officielles de l\u2019Elys\u00e9e, M<sup>me<\/sup> Dion \u00e9tait bien mentionn\u00e9e comme pr\u00e9sente au d\u00e9jeuner du 23 novembre 2010. Elle qui est vice-pr\u00e9sidente du groupe d\u2019amiti\u00e9 France-Qatar \u00e0 l\u2019Assembl\u00e9e nationale et dont la chaire sur \u00ab L\u2019\u00e9thique et la s\u00e9curit\u00e9 dans le <a class=\"lien_interne rub\" title=\"Toute l\u2019actualit\u00e9 sport\" href=\"http:\/\/www.lemonde.fr\/sport\/\">sport<\/a> \u00bb \u00e0 l\u2019universit\u00e9 <a class=\"lien_interne rub\" title=\"Toute l\u2019actualit\u00e9 Paris\" href=\"http:\/\/www.lemonde.fr\/paris\/\">Paris<\/a>-1 Panth\u00e9on-Sorbonne est financ\u00e9e par le <a class=\"lien_interne rub\" title=\"Toute l\u2019actualit\u00e9 Centre\" href=\"http:\/\/www.lemonde.fr\/centre\/\">Centre<\/a><a class=\"lien_interne rub\" title=\"Toute l\u2019actualit\u00e9 international\" href=\"http:\/\/www.lemonde.fr\/international\/\">international<\/a> pour la s\u00e9curit\u00e9 dans le <a class=\"lien_interne rub\" title=\"Toute l\u2019actualit\u00e9 sport\" href=\"http:\/\/www.lemonde.fr\/afrique-sport\/\">sport<\/a> (ICSS), une fondation de droit qatarien, approvisionn\u00e9e par l\u2019\u00e9mirat.<\/p>\n<p>Selon les m\u00eames archives de l\u2019Elys\u00e9e, Claude Gu\u00e9ant, alors secr\u00e9taire g\u00e9n\u00e9ral de l\u2019Elys\u00e9e, faisait aussi partie des convives. Contact\u00e9 par <em>Le Monde<\/em>, Claude Gu\u00e9ant fait la m\u00eame r\u00e9ponse que Sophie Dion : <em>\u00ab Ce d\u00e9jeuner ne me dit rien. Je n\u2019en ai aucun <a class=\"lien_interne conjug\" title=\"Conjugaison du verbe souvenir\" href=\"http:\/\/conjugaison.lemonde.fr\/conjugaison\/troisieme-groupe\/souvenir\/\" target=\"_blank\">souvenir<\/a>. Je n\u2019y \u00e9tais pas, je ne peux pas <a class=\"lien_interne rub\" title=\"Toute l\u2019actualit\u00e9 vous\" href=\"http:\/\/www.lemonde.fr\/vous\/\">vous<\/a> <a class=\"lien_interne conjug\" title=\"Conjugaison du verbe dire\" href=\"http:\/\/conjugaison.lemonde.fr\/conjugaison\/troisieme-groupe\/dire\/\" target=\"_blank\">dire<\/a>. \u00bb<\/em> Le comit\u00e9 d\u2019organisation qatari du Mondial 2022 n\u2019a pas r\u00e9pondu aux sollicitations du <em>Monde<\/em>.<\/p>\n<h2 class=\"intertitre\">\u00ab Un revirement soudain \u00bb<\/h2>\n<p>Une circulaire du 7 juillet 2010 sign\u00e9e par l\u2019ex-secr\u00e9taire g\u00e9n\u00e9ral fran\u00e7ais de la FIFA, J\u00e9r\u00f4me Valcke (\u00e9galement suspendu 90 jours depuis le 8 octobre), invitait les candidats \u00e0 l\u2019organisation des Mondiaux 2018 et 2022 \u00e0 <em>\u00ab s\u2019abstenir d\u2019essayer d\u2019influencer les membres du comit\u00e9 ex\u00e9cutif de la FIFA \u00bb.<\/em><\/p>\n<p>Michel Platini, lui, aurait <em>\u00ab inform\u00e9 tout de suite \u00bb<\/em> Blatter de la pr\u00e9sence des dignitaires qataris \u00e0 ce d\u00e9jeuner, <em>\u00ab dans un souci de transparence et par respect \u00bb<\/em>, comme l\u2019affirmait le ma\u00eetre de la FIFA en mai 2014. Soit plus d\u2019un an avant que l\u2019Helv\u00e8te n\u2019accuse, dans les colonnes du journal allemand <em>Welt am Sonntag,<\/em> Nicolas Sarkozy d\u2019avoir <em>\u00ab essay\u00e9 d\u2019influencer le vote de <\/em>[son]<em>repr\u00e9sentant \u00bb<\/em>. L\u2019ancien chef de l\u2019Etat, qui n\u2019a jamais cach\u00e9 sa passion pour le football et le PSG en particulier, avait contribu\u00e9 \u00e0 la victoire \u00e9triqu\u00e9e de la France (7 voix \u00e0 6) face \u00e0 la <a class=\"lien_interne rub\" title=\"Toute l\u2019actualit\u00e9 Turquie\" href=\"http:\/\/www.lemonde.fr\/turquie\/\">Turquie<\/a> en rencontrant \u00e0 Gen\u00e8ve les membres du comit\u00e9 ex\u00e9cutif de l\u2019UEFA le 28 mai 2010, en marge du vote d\u2019attribution de l\u2019<a class=\"lien_interne rub\" title=\"Toute l\u2019actualit\u00e9 Euro 2016\" href=\"http:\/\/www.lemonde.fr\/euro-2016\/\">Euro 2016<\/a>. A-t-il demand\u00e9 de son c\u00f4t\u00e9 \u00e0 Michel Platini d\u2019apporter son suffrage \u00e0 l\u2019\u00e9mirat, partenaire \u00e9conomique et diplomatique important de la France ? <em>\u00ab Jamais<\/em> <em>personne ne m\u2019a dit pour qui je devais <a class=\"lien_interne conjug\" title=\"Conjugaison du verbe voter\" href=\"http:\/\/conjugaison.lemonde.fr\/conjugaison\/premier-groupe\/voter\/\" target=\"_blank\">voter<\/a> \u00bb, <\/em>avait insist\u00e9, en juin 2014, dans les colonnes de<em>L\u2019Equipe<\/em>, l\u2019ex-s\u00e9lectionneur des Bleus. Il reconnaissait toutefois avoir <em>\u00ab senti qu\u2019il y avait un message subliminal \u00bb<\/em> de la part de Nicolas Sarkozy lorsqu\u2019il s\u2019\u00e9tait <em>\u00ab retrouv\u00e9 avec des Qatariens \u00bb.<\/em><\/p>\n<p class=\"lire\">Lire aussi\u00a0: <a href=\"http:\/\/www.lemonde.fr\/football\/article\/2015\/11\/25\/fifa-michel-platini-sous-la-menace-d-une-suspension-a-vie_4816790_1616938.html\">FIFA\u00a0: le clan Platini d\u00e9nonce \u00ab\u00a0une chasse \u00e0 l\u2019homme\u00a0\u00bb<\/a><\/p>\n<p>A plusieurs reprises, Platini a affirm\u00e9, goguenard, avoir \u00e9t\u00e9<em> \u00ab surpris \u00bb <\/em>en d\u00e9couvrant la pr\u00e9sence du prince h\u00e9ritier du Qatar et de son premier ministre le 23 novembre 2010, au d\u00e9jeuner de l\u2019Elys\u00e9e. Selon plusieurs sources, le pr\u00e9sident de l\u2019UEFA pensait pourtant \u00e0 l\u2019origine y <a class=\"lien_interne conjug\" title=\"Conjugaison du verbe rencontrer\" href=\"http:\/\/conjugaison.lemonde.fr\/conjugaison\/premier-groupe\/rencontrer\/\" target=\"_blank\">rencontrer<\/a> l\u2019\u00e9mir du Qatar, le cheikh Hamad ben Khalifa Al-Thani. Au pouvoir de 1995 \u00e0 2013, l\u2019\u00e9mir <em>\u00ab venait r\u00e9guli\u00e8rement en France pour s\u2019entretenir avec le pr\u00e9sident de la R\u00e9publique \u00e0 propos de la coop\u00e9ration <a class=\"lien_interne rub\" title=\"Toute l\u2019actualit\u00e9 politique\" href=\"http:\/\/www.lemonde.fr\/politique\/\">politique<\/a> et \u00e9conomique entre nos deux pays \u00bb<\/em>, confie un ancien collaborateur de l\u2019ex-chef de l\u2019Etat. Avant de se <a class=\"lien_interne conjug\" title=\"Conjugaison du verbe rendre\" href=\"http:\/\/conjugaison.lemonde.fr\/conjugaison\/troisieme-groupe\/rendre\/\" target=\"_blank\">rendre<\/a> au d\u00e9jeuner, l\u2019ancien capitaine des Bleus n\u2019aurait d\u2019ailleurs pas cach\u00e9 en priv\u00e9 qu\u2019il allait d\u00e9jeuner <em>\u00ab avec Sarko et le cheikh \u00bb <\/em>Hamad.<\/p>\n<p>Selon un fin connaisseur des arcanes du foot mondial, le patron de la Conf\u00e9d\u00e9ration europ\u00e9enne aurait ensuite <em>\u00ab tent\u00e9 de <a class=\"lien_interne conjug\" title=\"Conjugaison du verbe noyer\" href=\"http:\/\/conjugaison.lemonde.fr\/conjugaison\/premier-groupe\/noyer\/\" target=\"_blank\">noyer<\/a> le poisson avec des versions \u00e0 g\u00e9om\u00e9trie variable \u00bb<\/em>, assurant a posteriori qu\u2019il pensait d\u00e9jeuner en t\u00eate \u00e0 t\u00eate avec M. Sarkozy. Contact\u00e9s par <em>Le Monde<\/em>, les conseillers juridiques de M. Platini ont fait <a class=\"lien_interne conjug\" title=\"Conjugaison du verbe savoir\" href=\"http:\/\/conjugaison.lemonde.fr\/conjugaison\/troisieme-groupe\/savoir\/\" target=\"_blank\">savoir<\/a> par la voix de Thomas Clay que \u00ab<em> ce d\u00e9jeuner n\u2019est pas<\/em> [leur]<em>pr\u00e9occupation dans le <a class=\"lien_interne rub\" title=\"Toute l\u2019actualit\u00e9 contexte\" href=\"http:\/\/www.lemonde.fr\/contexte\/\">contexte<\/a> de la proc\u00e9dure devant le TAS <\/em>[Tribunal arbitral du sport] \u00bb. Saisi par les avocats du patron de l\u2019UEFA pour <a class=\"lien_interne conjug\" title=\"Conjugaison du verbe contester\" href=\"http:\/\/conjugaison.lemonde.fr\/conjugaison\/premier-groupe\/contester\/\" target=\"_blank\">contester<\/a> la supension provisoire de 90 jours, le TAS doit rendre son jugement dans les prochains jours.<\/p>\n<figure class=\"illustration_haut \">image: http:\/\/s2.lemde.fr\/image2x\/2015\/12\/05\/534&#215;0\/4825300_6_5795_l-emir-du-qatar-le-cheikh-hamad-ben-khalifa_b79eebcff490e1fab11245e91f686684.jpg<img decoding=\"async\" class=\"lazy-retina aligncenter\" title=\"Anja Niedringhaus \/ AP\" src=\"http:\/\/s2.lemde.fr\/image2x\/2015\/12\/05\/534x0\/4825300_6_5795_l-emir-du-qatar-le-cheikh-hamad-ben-khalifa_b79eebcff490e1fab11245e91f686684.jpg\" alt=\"L'\u00e9mir du Qatar, le cheikh Hamad ben Khalifa Al-Thani, le 2 d\u00e9cembre 2010.\" width=\"534\" data-lazyload=\"false\" data-no-hd-src=\"http:\/\/s2.lemde.fr\/image\/2015\/12\/05\/534x0\/4825300_6_5795_l-emir-du-qatar-le-cheikh-hamad-ben-khalifa_b79eebcff490e1fab11245e91f686684.jpg\" data-hd-src=\"http:\/\/s2.lemde.fr\/image2x\/2015\/12\/05\/534x0\/4825300_6_5795_l-emir-du-qatar-le-cheikh-hamad-ben-khalifa_b79eebcff490e1fab11245e91f686684.jpg\" \/><figcaption class=\"legende\" data-caption=\"L'\u00e9mir du Qatar, le cheikh Hamad ben Khalifa Al-Thani, le 2 d\u00e9cembre 2010.\"><em>L&rsquo;\u00e9mir du Qatar, le cheikh Hamad ben Khalifa Al-Thani, le 2 d\u00e9cembre 2010. <span class=\"source_image\" data-copyright=\"Anja Niedringhaus \/ AP\">ANJA NIEDRINGHAUS \/ AP<\/span><\/em><\/figcaption><\/figure>\n<p>\u00ab Les hauts dirigeants qataris connaissent Platini depuis plusieurs ann\u00e9es et ce bien avant l\u2019attribution du Mondial 2022. Tout ceci s\u2019est donc op\u00e9r\u00e9 dans la continuit\u00e9 d\u2019une relation professionnelle et amicale ancienne et assum\u00e9e \u00bb, assure un dirigeant influent du foot fran\u00e7ais. Plus concr\u00e8tement, le vote de Platini a-t-il \u00e9t\u00e9 t\u00e9l\u00e9guid\u00e9 par l\u2019Elys\u00e9e ? \u00ab Platini est bien entour\u00e9, et il n\u2019agit pas en franc-tireur, surtout sur un dossier de cette importance \u00bb, observe l\u2019homme d\u2019affaires Luc Dayan qui, en 2006, avait vainement \u00ab travaill\u00e9 sur le dossier du rachat du Paris-Saint-Germain avec des investisseurs qataris comme actionnaires de r\u00e9f\u00e9rence. \u00bb \u00ab On n\u2019a pas forc\u00e9 la main \u00e0 Michel \u00bb, balaye un ancien dirigeant du PSG.<\/p>\n<p>Apr\u00e8s son vote en faveur du Qatar, Platini avait plaid\u00e9 pour un tournoi organis\u00e9 en hiver \u2013 en raison des fortes chaleurs estivales qui r\u00e8gnent dans l\u2019\u00e9mirat \u2013 et \u00e9largi aux autres monarchies du Golfe. En priv\u00e9, il assure avoir \u00e9t\u00e9 convaincu par le dossier technique pr\u00e9sent\u00e9 par l\u2019\u00e9mirat et le souci d\u2019offrir ce Mondial \u00e0 une r\u00e9gion qui ne l\u2019avait jamais re\u00e7u. <em>\u00ab Blatter ne sait pas tout mais, sur le fond, ce qu\u2019il dit est vrai : Michel Platini a jou\u00e9 un r\u00f4le important pour renverser la vapeur contre les Etats-Unis. Il y a eu un revirement soudain apr\u00e8s ce d\u00e9jeuner du 23 novembre 2010<\/em>, constate un proche du dossier. <em>Sarkozy a fait changer d\u2019avis Platini. \u00bb \u00ab On ne sait rien de ce d\u00e9jeuner d\u2019il y a cinq ans, on ne s\u2019en occupe pas \u00bb, <\/em>insiste Thomas Clay, professeur de droit \u00e0 l\u2019universit\u00e9 de Versailles-Saint-Quentin-en-Yvelines et membre de l\u2019\u00e9quipe de <a class=\"lien_interne rub\" title=\"Toute l\u2019actualit\u00e9 d\u00e9fense\" href=\"http:\/\/www.lemonde.fr\/defense\/\">d\u00e9fense<\/a> de Michel Platini.<\/p>\n<h2 class=\"intertitre\">\u00ab Conflit d\u2019int\u00e9r\u00eats \u00bb<\/h2>\n<p>Il faut dire que le patron de l\u2019UEFA \u00e9tait initialement loin d\u2019\u00eatre s\u00e9duit par le dossier de candidature du Qatar. Au printemps 2010, il effectue un <a class=\"lien_interne rub\" title=\"Toute l\u2019actualit\u00e9 voyage\" href=\"http:\/\/www.lemonde.fr\/m-voyage\/\">voyage<\/a> en <a class=\"lien_interne rub\" title=\"Toute l\u2019actualit\u00e9 Cor\u00e9e du Sud\" href=\"http:\/\/www.lemonde.fr\/coree-du-sud\/\">Cor\u00e9e du Sud<\/a> afin de rencontrer Chung Mong-joon, vice-pr\u00e9sident de la FIFA de 1994 \u00e0 2011 et dont le pays postule \u00e9galement \u00e0 l\u2019organisation du Mondial 2022. Candidat \u00e0 la succession de Blatter mais suspendu six ans, le 8 octobre, par le comit\u00e9 d\u2019\u00e9thique de la F\u00e9d\u00e9ration internationale, l\u2019h\u00e9ritier de l\u2019empire industriel Hyundai a nourri d\u2019\u00e9normes espoirs apr\u00e8s la visite de son h\u00f4te de marque. Mais, \u00e0 l\u2019\u00e9t\u00e9 2010, \u00ab Platoche \u00bb rencontre Sunil Gulati, le pr\u00e9sident de la F\u00e9d\u00e9ration des Etats-Unis (USSF), \u00e0 Nyon (Suisse), o\u00f9 si\u00e8ge l\u2019UEFA. Le patron du foot europ\u00e9en lui aurait propos\u00e9 un deal : en \u00e9change du retrait de la candidature am\u00e9ricaine pour l\u2019attribution du Mondial 2018, l\u2019ex-meneur de jeu des Bleus aurait promis de <a class=\"lien_interne conjug\" title=\"Conjugaison du verbe soutenir\" href=\"http:\/\/conjugaison.lemonde.fr\/conjugaison\/troisieme-groupe\/soutenir\/\" target=\"_blank\">soutenir<\/a> le dossier de l\u2019USSF pour l\u2019\u00e9dition 2022. Strat\u00e9giquement, le pr\u00e9sident de l\u2019UEFA souhaite alors <a class=\"lien_interne conjug\" title=\"Conjugaison du verbe laisser\" href=\"http:\/\/conjugaison.lemonde.fr\/conjugaison\/premier-groupe\/laisser\/\" target=\"_blank\">laisser<\/a> la voie libre aux candidatures europ\u00e9ennes pour le tournoi de 2018. Le 24 septembre 2015, lors d\u2019un entretien \u00e0 l\u2019agence am\u00e9ricaine Associated Press, Michel Platini a d\u2019ailleurs reconnu avoir <em>\u00ab peut-\u00eatre \u00bb<\/em> promis son vote aux Etats-Unis.<\/p>\n<p>Pensant \u00eatre assur\u00e9 du soutien de Platini, Sunil Gulati officialise, en octobre 2010, le forfait des Etats-Unis pour le Mondial 2018 et confirme la candidature pour la Coupe du monde 2022. Mais le fameux d\u00e9jeuner \u00e0 l\u2019Elys\u00e9e semble avoir chang\u00e9 la donne. Peu avant le vote du 2 d\u00e9cembre 2010, le patron de l\u2019UEFA refuse de <a class=\"lien_interne conjug\" title=\"Conjugaison du verbe recevoir\" href=\"http:\/\/conjugaison.lemonde.fr\/conjugaison\/troisieme-groupe\/recevoir\/\" target=\"_blank\">recevoir<\/a> l\u2019ex-pr\u00e9sident am\u00e9ricain Bill Clinton, patron honoraire du comit\u00e9 de candidature des Etats-Unis, alors que ce dernier occupe le m\u00eame h\u00f4tel que lui. Exc\u00e9d\u00e9 par la volte-face de Platini, Sunil Gulati n\u2019a jamais cach\u00e9, en priv\u00e9, son sentiment d\u2019avoir \u00e9t\u00e9 trahi. <em>\u00ab Je ne lui pardonnerai jamais \u00bb<\/em>, murmure-t-il apr\u00e8s le vote de 2010. Contact\u00e9 par <em>Le Monde<\/em>, il n\u2019a pas souhait\u00e9 faire de commentaire.<\/p>\n<p>Cinq ans apr\u00e8s, et ind\u00e9pendamment des saillies de Blatter, le d\u00e9jeuner du 23 novembre 2010 continue \u00e0 <a class=\"lien_interne conjug\" title=\"Conjugaison du verbe alimenter\" href=\"http:\/\/conjugaison.lemonde.fr\/conjugaison\/premier-groupe\/alimenter\/\" target=\"_blank\">alimenter<\/a> les soup\u00e7ons de collusions d\u2019int\u00e9r\u00eats. Sept mois apr\u00e8s avoir obtenu l\u2019organisation de la Coupe du monde 2022, le Qatar r\u00e9ussissait un nouveau joli coup en achetant le PSG. En juin 2011, le fonds Qatar Sports Investments (QSI) acquiert le club de la capitale si cher \u00e0 Nicolas Sarkozy pour 76 millions d\u2019euros, r\u00e9gl\u00e9s en une seule fois. Depuis 2006, le PSG \u00e9tait la propri\u00e9t\u00e9 du fonds am\u00e9ricain Colony Capital, dont le repr\u00e9sentant en France est l\u2019homme d\u2019affaires S\u00e9bastien Bazin, ami intime de l\u2019ex-chef de l\u2019Etat depuis mai 1993 et la prise d\u2019otages dans une \u00e9cole maternelle de Neuilly-sur-Seine. Maire de la commune, Sarkozy m\u00e8ne les n\u00e9gociations avec le forcen\u00e9 \u00ab Human Bomb \u00bb, lest\u00e9 de deux kilos de dynamite, pour <a class=\"lien_interne conjug\" title=\"Conjugaison du verbe lib\u00e9rer\" href=\"http:\/\/conjugaison.lemonde.fr\/conjugaison\/premier-groupe\/lib%C3%A9rer\/\" target=\"_blank\">lib\u00e9rer<\/a> les 21 otages, dont la fille de Bazin.<\/p>\n<p>Supporteur historique du PSG, proche de l\u2019ex-pr\u00e9sident du club Michel Denisot (1991-1998) et habitu\u00e9 de la tribune pr\u00e9sidentielle du Parc des Princes, Nicolas Sarkozy conna\u00eet parfaitement les vicissitudes de son \u00e9quipe de c\u0153ur en novembre 2010. Tra\u00eenant des pertes de 20 millions d\u2019euros depuis plusieurs saisons, tout juste capable de <a class=\"lien_interne conjug\" title=\"Conjugaison du verbe payer\" href=\"http:\/\/conjugaison.lemonde.fr\/conjugaison\/premier-groupe\/payer\/\" target=\"_blank\">payer<\/a> ses joueurs, le PSG de Colony Capital est en proie \u00e0 l\u2019instabilit\u00e9 sportive (il flirte avec la rel\u00e9gation au printemps 2008) et confront\u00e9 aux rixes entre les supporteurs des kops Auteuil et Boulogne. Apr\u00e8s la mort de deux supporteurs parisiens (en 2006 et 2010) lors d\u2019\u00e9chauffour\u00e9es, le pr\u00e9sident du club, Robin Leproux, met en place un plan de s\u00e9curit\u00e9 drastique pour <a class=\"lien_interne conjug\" title=\"Conjugaison du verbe pacifier\" href=\"http:\/\/conjugaison.lemonde.fr\/conjugaison\/premier-groupe\/pacifier\/\" target=\"_blank\">pacifier<\/a> le Parc.<\/p>\n<p>Dans ce contexte agit\u00e9, Nicolas Sarkozy a-t-il jou\u00e9 le r\u00f4le d\u2019interm\u00e9diaire entre S\u00e9bastien Bazin et les dignitaires qataris ? <em>\u00ab Le deal de Sarko, c\u2019\u00e9tait la vente du PSG en \u00e9change du vote pour le Qatar. Il y a eu un conflit d\u2019int\u00e9r\u00eats avec Platini et Sarkozy \u00bb<\/em>, affirme un connaisseur du dossier. Contact\u00e9 par <em>Le Monde<\/em>, l\u2019avocat de Nicolas Sarkozy, Thierry Herzog, n\u2019a pas r\u00e9pondu \u00e0 nos sollicitations.<\/p>\n<figure class=\"illustration_haut \">image: http:\/\/s1.lemde.fr\/image2x\/2015\/12\/05\/534&#215;0\/4825302_6_8126_nicolas-sarkozy-et-l-emir-du-qatar-cheikh_2eb7efe779b7d9c738d64230646feef8.jpg<img decoding=\"async\" class=\"lazy-retina aligncenter\" title=\"FRANCK FIFE \/ AFP\" src=\"http:\/\/s1.lemde.fr\/image2x\/2015\/12\/05\/534x0\/4825302_6_8126_nicolas-sarkozy-et-l-emir-du-qatar-cheikh_2eb7efe779b7d9c738d64230646feef8.jpg\" alt=\"Nicolas Sarkozy et l'\u00e9mir du Qatar, cheikh Tamim ben Hamad Al-Thani, au Parc des Princes, le 28 novembre 2015.\" width=\"534\" data-lazyload=\"false\" data-no-hd-src=\"http:\/\/s1.lemde.fr\/image\/2015\/12\/05\/534x0\/4825302_6_8126_nicolas-sarkozy-et-l-emir-du-qatar-cheikh_2eb7efe779b7d9c738d64230646feef8.jpg\" data-hd-src=\"http:\/\/s1.lemde.fr\/image2x\/2015\/12\/05\/534x0\/4825302_6_8126_nicolas-sarkozy-et-l-emir-du-qatar-cheikh_2eb7efe779b7d9c738d64230646feef8.jpg\" \/><figcaption class=\"legende\" data-caption=\"Nicolas Sarkozy et l'\u00e9mir du Qatar, cheikh Tamim ben Hamad Al-Thani, au Parc des Princes, le 28 novembre 2015.\"><em>Nicolas Sarkozy et l&rsquo;\u00e9mir du Qatar, cheikh Tamim ben Hamad Al-Thani, au Parc des Princes, le 28 novembre 2015. <span class=\"source_image\" data-copyright=\"FRANCK FIFE \/ AFP\">FRANCK FIFE \/ AFP<\/span><\/em><\/figcaption><\/figure>\n<p>\u00ab Il y avait un contact direct entre les Qataris et l\u2019ancien pr\u00e9sident de la R\u00e9publique. Cela a permis d\u2019acc\u00e9l\u00e9rer les choses. Sarkozy a bien aid\u00e9 le PSG \u00e0 s\u2019en <a class=\"lien_interne conjug\" title=\"Conjugaison du verbe sortir\" href=\"http:\/\/conjugaison.lemonde.fr\/conjugaison\/troisieme-groupe\/sortir\/\" target=\"_blank\">sortir<\/a>. Cela a bien profit\u00e9 au club et cela a permis \u00e0 l\u2019actionnaire Colony Capital de <a class=\"lien_interne conjug\" title=\"Conjugaison du verbe boucler\" href=\"http:\/\/conjugaison.lemonde.fr\/conjugaison\/premier-groupe\/boucler\/\" target=\"_blank\">boucler<\/a> plus rapidement l\u2019affaire, confirme un ex-cadre du PSG. Il n\u2019y avait pas d\u2019urgence pour les Qataris. L\u2019urgence \u00e9tait du c\u00f4t\u00e9 de Colony et du PSG. La survie du club \u00e9tait en jeu. \u00bb \u00ab Tout <a class=\"lien_interne rub\" title=\"Toute l\u2019actualit\u00e9 le monde\" href=\"http:\/\/www.lemonde.fr\/le-monde\/\">le monde<\/a> savait que le PSG \u00e9tait dans une situation catastrophique au moment de la candidature qatarie pour l\u2019attribution du Mondial 2022 \u00bb,d\u00e9veloppe Luc Dayan, qui avait perdu son <a class=\"lien_interne rub\" title=\"Toute l\u2019actualit\u00e9 proc\u00e8s\" href=\"http:\/\/www.lemonde.fr\/proces\/\">proc\u00e8s<\/a> en mai 2011 contre Colony Capital, et qui d\u00e9nonce le \u00ab coup de Trafalgar dont avait profit\u00e9 Bazin en 2006 pour <a class=\"lien_interne conjug\" title=\"Conjugaison du verbe mettre\" href=\"http:\/\/conjugaison.lemonde.fr\/conjugaison\/troisieme-groupe\/mettre\/\" target=\"_blank\">mettre<\/a> la main sur le PSG \u00bb. \u00ab Il fallait faire quelque chose pour \u201cressortir\u201d Colony du PSG sans que des comptes soient demand\u00e9s \u00e0 son repr\u00e9sentant, poursuit M. Dayan. Que Nicolas Sarkozy s\u2019implique \u201cpolitiquement\u201d, c\u2019est dans la logique de ce qui se passe en France depuis longtemps dans le domaine du football. S\u00e9bastien Bazin et Nicolas Sarkozy se connaissent de longue date et ne s\u2019en sont jamais cach\u00e9s. \u00bb<\/p>\n<p>Selon plusieurs sources, S\u00e9bastien Bazin aurait fait une apparition lors du fameux d\u00e9jeuner du 23 novembre 2010. Lui a toujours d\u00e9menti.<em> \u00ab <\/em>S<em>\u00e9bastien Bazin \u00e9tait, ce jour-l\u00e0, en Asie pour un<a class=\"lien_interne rub\" title=\"Toute l\u2019actualit\u00e9 voyage\" href=\"http:\/\/www.lemonde.fr\/voyage\/\">voyage<\/a> d\u2019affaires<\/em>. <em>On a consult\u00e9 son agenda \u00bb<\/em>, assure son entourage apr\u00e8s que <em>Le Monde<\/em> a tent\u00e9 de <a class=\"lien_interne conjug\" title=\"Conjugaison du verbe contacter\" href=\"http:\/\/conjugaison.lemonde.fr\/conjugaison\/premier-groupe\/contacter\/\" target=\"_blank\">contacter<\/a> l\u2019homme d\u2019affaires. <em>\u00ab Il n\u2019y \u00e9tait s\u00fbrement pas,<\/em> affirme l\u2019un de ses proches. <em>S\u2019il y \u00e9tait et mentait, il prendrait de gros risques<\/em>.<em> \u00bb<\/em><\/p>\n<blockquote class=\"citation\"><p><em>\u00ab\u00a0Le choix de Platini a \u00e9t\u00e9 \u00e9vident et assum\u00e9 sans r\u00e9serve d\u2019ailleurs ! Il y a eu \u00e9videmment concomitance entre l\u2019arriv\u00e9e de QSI au PSG, l\u2019\u00e9mergence de BeIn Sport et le vote solidaire europ\u00e9en pour Qatar 2022. Mais est-ce r\u00e9pr\u00e9hensible<\/em> ? \u00bb<\/p><\/blockquote>\n<p>Cinq ans apr\u00e8s, une derni\u00e8re interrogation plane toujours sur le d\u00e9jeuner du 23 novembre : a-t-il \u00e9t\u00e9 question, entre le plat de r\u00e9sistance et le dessert, de la cr\u00e9ation \u00e0 <a class=\"lien_interne conjug\" title=\"Conjugaison du verbe venir\" href=\"http:\/\/conjugaison.lemonde.fr\/conjugaison\/troisieme-groupe\/venir\/\" target=\"_blank\">venir<\/a> de la cha\u00eene de t\u00e9l\u00e9vision BeIN Sports, filiale du groupe qatari Al-Jazira, lanc\u00e9e en juin 2012 pour l\u2019Euro et dirig\u00e9e alors par Nasser Al-Khela\u00effi, l\u2019actuel pr\u00e9sident du PSG et lui aussi proche de Nicolas Sarkozy ? D\u00e8s le 23 juin 2011, la cha\u00eene Al-Jazira Sport, pr\u00e9sid\u00e9e par M. Al-Khela\u00effi, avait particip\u00e9 \u00e0 l\u2019appel d\u2019offres sur les droits t\u00e9l\u00e9vis\u00e9s de la <a class=\"lien_interne rub\" title=\"Toute l\u2019actualit\u00e9 Ligue 1\" href=\"http:\/\/www.lemonde.fr\/ligue-1\/\">Ligue 1<\/a> pour la p\u00e9riode 2012-2016, d\u00e9pensant 90 millions d\u2019euros afin de <a class=\"lien_interne conjug\" title=\"Conjugaison du verbe diffuser\" href=\"http:\/\/conjugaison.lemonde.fr\/conjugaison\/premier-groupe\/diffuser\/\" target=\"_blank\">diffuser<\/a> deux matchs par journ\u00e9e. <em>\u00ab Tout le monde savait que Nicolas Sarkozy avait une dent contre Canal + qui, par ailleurs, tentait discr\u00e8tement de se <a class=\"lien_interne conjug\" title=\"Conjugaison du verbe rapprocher\" href=\"http:\/\/conjugaison.lemonde.fr\/conjugaison\/premier-groupe\/rapprocher\/\" target=\"_blank\">rapprocher<\/a> d\u2019Al-Jazira Sport,<\/em> <em>avec laquelle les synergies <\/em>\u201c<em>business<\/em>\u201d<em> \u00e9taient r\u00e9elles, <\/em>glisse un proche du dossier.<em> En agissant ainsi, il se faisait un petit plaisir en mettant BeIN dans les pattes de Canal+, avec les cons\u00e9quences que l\u2019on a pu <a class=\"lien_interne conjug\" title=\"Conjugaison du verbe constater\" href=\"http:\/\/conjugaison.lemonde.fr\/conjugaison\/premier-groupe\/constater\/\" target=\"_blank\">constater<\/a> par la suite. \u00bb<\/em><\/p>\n<p>L\u2019UEFA avait-elle \u00e9galement un int\u00e9r\u00eat \u00e0 <a class=\"lien_interne conjug\" title=\"Conjugaison du verbe voir\" href=\"http:\/\/conjugaison.lemonde.fr\/conjugaison\/troisieme-groupe\/voir\/\" target=\"_blank\">voir<\/a> cette nouvelle cha\u00eene sportive <a class=\"lien_interne conjug\" title=\"Conjugaison du verbe \u00e9clore\" href=\"http:\/\/conjugaison.lemonde.fr\/conjugaison\/troisieme-groupe\/%C3%A9clore\/\" target=\"_blank\">\u00e9clore<\/a> pour faire monter les droits en jouant la concurrence ? <em>\u00ab <a class=\"lien_interne conjug\" title=\"Conjugaison du verbe voter\" href=\"http:\/\/conjugaison.lemonde.fr\/conjugaison\/premier-groupe\/voter\/\" target=\"_blank\">Voter<\/a> pour le Qatar, c\u2019\u00e9tait \u00e9galement l\u2019int\u00e9r\u00eat de l\u2019UEFA au niveau des appels d\u2019offres pour les droits t\u00e9l\u00e9 sur lesquels BeIN s\u2019est rapidement positionn\u00e9e,<\/em> analyse Luc Dayan. <em>Le choix de Platini a \u00e9t\u00e9 \u00e9vident et assum\u00e9 sans r\u00e9serve d\u2019ailleurs ! Il y a eu \u00e9videmment concomitance entre l\u2019arriv\u00e9e de QSI au PSG, l\u2019\u00e9mergence de BeIn Sport et le vote solidaire europ\u00e9en pour Qatar 2022. Mais est-ce r\u00e9pr\u00e9hensible<\/em> ? \u00bb Depuis, BeIN Sports s\u2019est offert l\u2019int\u00e9<a class=\"lien_interne bourse\" href=\"http:\/\/www.lemonde.fr\/bourse\/nyse-euronext-paris-equities\/g-a-i\/\">gralit<\/a>\u00e9 des 51 matchs de l\u2019Euro 2016 organis\u00e9 en France contre 60 millions d\u2019euros. D\u00e8s sa naissance, la cha\u00eene payante avait \u00e9galement acquis les droits de l\u2019<a class=\"lien_interne rub\" title=\"Toute l\u2019actualit\u00e9 Euro 2012\" href=\"http:\/\/www.lemonde.fr\/euro2012\/\">Euro 2012<\/a>en <a class=\"lien_interne rub\" title=\"Toute l\u2019actualit\u00e9 Ukraine\" href=\"http:\/\/www.lemonde.fr\/ukraine\/\">Ukraine<\/a> et en <a class=\"lien_interne rub\" title=\"Toute l\u2019actualit\u00e9 Pologne\" href=\"http:\/\/www.lemonde.fr\/pologne\/\">Pologne<\/a>.<\/p>\n<blockquote class=\"citation\"><p><em>\u00ab\u00a0Il y a eu une tentative d\u2019influence de l\u2019ancien chef de l\u2019Etat pour <a class=\"lien_interne conjug\" title=\"Conjugaison du verbe favoriser\" href=\"http:\/\/conjugaison.lemonde.fr\/conjugaison\/premier-groupe\/favoriser\/\" target=\"_blank\">favoriser<\/a> la victoire du Qatar lors du processus d\u2019attribution du Mondial 2022\u00a0\u00bb<\/em><\/p><\/blockquote>\n<p>Autres \u00e9l\u00e9ments susceptibles d\u2019alimenter les soup\u00e7ons de collusion : l\u2019embauche du fils de Michel Platini, Laurent, par QSI un an apr\u00e8s le fameux d\u00e9jeuner, puis sa promotion, en f\u00e9vrier 2012, comme directeur g\u00e9n\u00e9ral de Burrda Sport, l\u2019\u00e9quipementier sportif de l\u2019\u00e9mirat. Ancien directeur juridique du PSG sous l\u2019\u00e8re Colony Capital, le jeune homme de 36 ans a assur\u00e9, en juin dans les colonnes du<em> Parisien, <\/em>s\u2019\u00eatre rapproch\u00e9 de Nasser Al-Khela\u00effi par l\u2019interm\u00e9diaire de S\u00e9bastien Bazin et en dehors de toute intervention de son p\u00e8re. <em>\u00ab Michel \u00e9prouve des regrets par rapport \u00e0 l\u2019embauche de son fils<\/em>, murmure un proche du pr\u00e9sident de l\u2019UEFA. <em>Il estime que c\u2019\u00e9tait une connerie. Aujourd\u2019hui, il lui conseillerait de ne pas prendre le job<\/em>.<em> \u00bb<\/em> <em>\u00ab Rachat du PSG, vote de Platini et de l\u2019<a class=\"lien_interne rub\" title=\"Toute l\u2019actualit\u00e9 Europe\" href=\"http:\/\/www.lemonde.fr\/europe\/\">Europe<\/a> pour le Qatar, BeIN, embauche de Laurent Platini par QSI : tout se tient \u00bb<\/em>, l\u00e2che, perfide, un proche du dossier.<\/p>\n<h2 class=\"intertitre\">\u00ab M\u00e9lange des genres malsain \u00bb<\/h2>\n<p>Sur l\u2019\u00e9chiquier <a class=\"lien_interne rub\" title=\"Toute l\u2019actualit\u00e9 politique\" href=\"http:\/\/www.lemonde.fr\/afrique-politique\/\">politique<\/a> fran\u00e7ais, on grince des dents \u00e0 l\u2019\u00e9vocation du d\u00e9jeuner du 23 novembre 2010. <strong><em>\u00ab<\/em><\/strong><em> Je pense que Platini a pris sa d\u00e9cision seul, comme un grand gar\u00e7on. M\u00eame s\u2019il n\u2019\u00e9tait pas dupe en venant \u00e0 ce d\u00e9jeuner entre quatre z\u2019yeux.<\/em> <em>Mais je fais partie des gens qui pensent qu\u2019il y a eu une tentative d\u2019influence de l\u2019ancien chef de l\u2019Etat pour favoriser la victoire du Qatar lors du processus d\u2019attribution du Mondial 2022<\/em>, affirme Alexis Bachelay, d\u00e9put\u00e9 (PS) des Hauts-de-Seine et membre du groupe d\u2019amiti\u00e9 France-Qatar \u00e0 l\u2019Assembl\u00e9e nationale. <em>Quand on conna\u00eet les rapports proches qu\u2019avaient Sarkozy et l\u2019ancien \u00e9mir du Qatar, le fait que Sarkozy ait fait voter <\/em>(en 2008) <em>une convention fiscale avantageuse pour le Qatar<\/em> (exempt\u00e9 de l\u2019imp\u00f4t de solidarit\u00e9 sur la fortune) <em>en France, qu\u2019il continue \u00e0 faire des conf\u00e9rences bien r\u00e9mun\u00e9r\u00e9es \u00e0 Doha\u2026 Objectivement, on peut tout <a class=\"lien_interne conjug\" title=\"Conjugaison du verbe imaginer\" href=\"http:\/\/conjugaison.lemonde.fr\/conjugaison\/premier-groupe\/imaginer\/\" target=\"_blank\">imaginer<\/a> par rapport \u00e0 ce d\u00e9jeuner. Il y a des co\u00efncidences troublantes en termes de dates. Il y a un m\u00e9lange des genres malsain. \u00bb<\/em> Pour Claude Gu\u00e9ant, le gouvernement Sarkozy <em>\u00ab<\/em> <em>n\u2019avait aucun int\u00e9r\u00eat dans cette affaire du Mondial. \u00bb \u00ab<\/em> <em>La question de fond, c\u2019est : y a-t-il eu un <\/em>\u201c<em>donnant-donnant<\/em>\u201d<em> avec le soutien de la France \u00e0 la candidature du Qatar pour le Mondial 2022 ou bien une mise en r\u00e9sonance d\u2019une strat\u00e9gie commune et concert\u00e9e dans le domaine du sport et des <a class=\"lien_interne rub\" title=\"Toute l\u2019actualit\u00e9 m\u00e9dias\" href=\"http:\/\/www.lemonde.fr\/actualite-medias\/\">m\u00e9dias<\/a> entre le Qatar et la France sous Nicolas Sarkozy ? \u00bb<\/em>, s\u2019interroge, \u00e0 voix haute, Luc Dayan.<\/p>\n<p>Le discours tenu par l\u2019ex-chef de l\u2019Etat, le 11 d\u00e9cembre 2012 \u00e0 la tribune des Doha Goals, forum sur le sport organis\u00e9 par l\u2019homme d\u2019affaires Richard Attias, mari de son ex-\u00e9pouse C\u00e9cilia, trahit sa satisfaction d\u2019avoir <em>\u00ab<\/em> <em>soutenu le choix<\/em> <em>\u00bb<\/em> du Qatar pour le Mondial 2022 et replace la probl\u00e9matique sur le terrain politico-diplomatique. <em>\u00ab Il a fallu <a class=\"lien_interne conjug\" title=\"Conjugaison du verbe attendre\" href=\"http:\/\/conjugaison.lemonde.fr\/conjugaison\/troisieme-groupe\/attendre\/\" target=\"_blank\">attendre<\/a> le XXI<sup>e<\/sup> si\u00e8cle pour qu\u2019un pays musulman organise pour la premi\u00e8re fois un \u00e9v\u00e9nement de cette importance,<\/em> s\u2019\u00e9tait enorgueilli Nicolas Sarkozy<em>. C\u2019est une grande d\u00e9cision. \u00bb<\/em><\/p>\n<\/div>\n<p><a href=\"http:\/\/www.lemonde.fr\/football\/article\/2015\/12\/05\/le-dejeuner-a-l-elysee-qui-a-conduit-le-mondial-au-qatar_4825303_1616938.html#YSzL2A7irPlvyhro.99\">Le Monde\u00a0<\/a><\/p>\n","protected":false},"excerpt":{"rendered":"<p>\u00a0Par R\u00e9mi Dupr\u00e9, Alexandre Lemari\u00e9 et St\u00e9phane Mandard Au cr\u00e9puscule de sa longue carri\u00e8re, Joseph Blatter, 79 ans dont dix-sept pass\u00e9s \u00e0 la t\u00eate de la F\u00e9d\u00e9ration internationale de football (FIFA), a d\u00e9cid\u00e9 de r\u00e9gler ses comptes avec son ancien prot\u00e9g\u00e9, Michel Platini. Et m\u00eame si leSuisse a d\u00e9clar\u00e9, mercredi 25 novembre, sur la cha\u00eene<\/p>\n","protected":false},"author":134,"featured_media":7238,"comment_status":"open","ping_status":"open","sticky":false,"template":"","format":"standard","meta":{"_uf_show_specific_survey":0,"_uf_disable_surveys":false,"footnotes":""},"categories":[361],"tags":[],"class_list":{"0":"post-7236","1":"post","2":"type-post","3":"status-publish","4":"format-standard","5":"has-post-thumbnail","7":"category-sport-international"},"aioseo_notices":[],"_links":{"self":[{"href":"https:\/\/middleeasttransparent.com\/fr\/wp-json\/wp\/v2\/posts\/7236","targetHints":{"allow":["GET"]}}],"collection":[{"href":"https:\/\/middleeasttransparent.com\/fr\/wp-json\/wp\/v2\/posts"}],"about":[{"href":"https:\/\/middleeasttransparent.com\/fr\/wp-json\/wp\/v2\/types\/post"}],"author":[{"embeddable":true,"href":"https:\/\/middleeasttransparent.com\/fr\/wp-json\/wp\/v2\/users\/134"}],"replies":[{"embeddable":true,"href":"https:\/\/middleeasttransparent.com\/fr\/wp-json\/wp\/v2\/comments?post=7236"}],"version-history":[{"count":0,"href":"https:\/\/middleeasttransparent.com\/fr\/wp-json\/wp\/v2\/posts\/7236\/revisions"}],"wp:featuredmedia":[{"embeddable":true,"href":"https:\/\/middleeasttransparent.com\/fr\/wp-json\/wp\/v2\/media\/7238"}],"wp:attachment":[{"href":"https:\/\/middleeasttransparent.com\/fr\/wp-json\/wp\/v2\/media?parent=7236"}],"wp:term":[{"taxonomy":"category","embeddable":true,"href":"https:\/\/middleeasttransparent.com\/fr\/wp-json\/wp\/v2\/categories?post=7236"},{"taxonomy":"post_tag","embeddable":true,"href":"https:\/\/middleeasttransparent.com\/fr\/wp-json\/wp\/v2\/tags?post=7236"}],"curies":[{"name":"wp","href":"https:\/\/api.w.org\/{rel}","templated":true}]}}