{"id":7159,"date":"2015-12-05T15:45:34","date_gmt":"2015-12-05T14:45:34","guid":{"rendered":"http:\/\/middleeasttransparent.com\/?p=7159"},"modified":"2015-12-05T15:45:52","modified_gmt":"2015-12-05T14:45:52","slug":"algerie-lex-patron-des-services-secrets-rompt-le-silence","status":"publish","type":"post","link":"https:\/\/middleeasttransparent.com\/fr\/algerie-lex-patron-des-services-secrets-rompt-le-silence\/","title":{"rendered":"Alg\u00e9rie : l&rsquo;ex-patron des services secrets rompt le silence"},"content":{"rendered":"<div class=\"fig-article-header\">\n<p><strong>\u00a0<a class=\"fig-anchor fig-picto-journaliste-haut\" href=\"http:\/\/www.lefigaro.fr\/international\/2015\/12\/04\/01003-20151204ARTFIG00425-algerie-l-ex-patron-des-services-secrets-rompt-le-silence.php#auteur\">Adem Arroudj<\/a><\/strong><\/p>\n<\/div>\n<div class=\"fig-main-col\">\n<p class=\"fig-chapo\"><strong>Le l\u00e9gendaire chef du DRS durant 25 ans, Mohamed Medi\u00e8ne, alias Toufik, a d\u00e9nonc\u00e9 dans un message diffus\u00e9 sur le site du quotidien El Watan la condamnation \u00e0 cinq ans de prison du g\u00e9n\u00e9ral \u00e0 la retraite Abdelkader A\u00eft Ourabi, dit Hassan.<\/strong><\/p>\n<div class=\"fig-article-body\">\n<p><strong>C&rsquo;est une premi\u00e8re dans l&rsquo;histoire de l&rsquo;Alg\u00e9rie. L&rsquo;ex-patron des services secrets, le g\u00e9n\u00e9ral de corps d&rsquo;arm\u00e9e \u00e0 la retraite <a href=\"http:\/\/www.lefigaro.fr\/international\/2015\/09\/14\/01003-20150914ARTFIG00365-algerie-toufik-le-general-sans-visage-qui-regnait-sur-le-systeme.php\" target=\"\">Mohamed Medi\u00e8ne, alias Toufik<\/a>, a diffus\u00e9 un message, publi\u00e9 ce vendredi sur le site du quotidien<i> El Watan<\/i> pour d\u00e9fendre son subalterne le g\u00e9n\u00e9ral Abdelkader A\u00eft Ourabi, dit Hassan, condamn\u00e9 \u00e0 cinq ans de prison le 26 novembre dernier.<\/strong><\/p>\n<p>Jamais le l\u00e9gendaire et tr\u00e8s secret chef du D\u00e9partement du Renseignement et de la S\u00e9curit\u00e9 (DRS) durant 25 ans ne s&rsquo;\u00e9tait exprim\u00e9 publiquement jusqu&rsquo;\u00e0 ce jour. \u00abConstern\u00e9 par l&rsquo;annonce du verdict prononc\u00e9 par le tribunal militaire d&rsquo;Oran \u00e0 l&rsquo;encontre du g\u00e9n\u00e9ral Hassan, et apr\u00e8s avoir us\u00e9 de toutes les voies r\u00e9glementaires et officielles, j&rsquo;ai estim\u00e9 qu&rsquo;il est de mon devoir de faire conna\u00eetre mes appr\u00e9ciations \u00e0 l&rsquo;intention de tous ceux qui sont concern\u00e9s par ce dossier, ainsi que tous ceux qui le suivent de pr\u00e8s ou de loin\u00bb, \u00e9crit-il.<\/p>\n<h2>\u00abLa guerre des clans\u00bb<\/h2>\n<p>La condamnation du g\u00e9n\u00e9ral Hassan, responsable de la cellule antiterroriste du DRS, par un tribunal militaire pour \u00abdestruction de documents\u00bb et \u00abinfractions aux consignes g\u00e9n\u00e9rales\u00bb a d&rsquo;ailleurs cette semaine suscit\u00e9 de violentes r\u00e9actions. De la part de son avocat, d&rsquo;abord, qui, brisant le secret du huis clos, a d\u00e9nonc\u00e9 \u00ables violations des droits de la d\u00e9fense\u00bb. De la part du g\u00e9n\u00e9ral \u00e0 la retraite Khaled Nezzar, ancien ministre de la D\u00e9fense, qui a qualifi\u00e9 cette condamnation de \u00abcriminelle\u00bb et par une partie de l&rsquo;opposition politique qui s&rsquo;est offusqu\u00e9e de la peine inflig\u00e9e \u00e0 celui qu&rsquo;elle pr\u00e9sente comme un \u00abh\u00e9ros de la lutte antiterroriste\u00bb.<\/p>\n<p>\u00abEn ce qui concerne l&rsquo;op\u00e9ration qui lui a valu l&rsquo;accusation d\u00a0\u00bbinfraction aux consignes g\u00e9n\u00e9rales\u00a0\u00bb, j&rsquo;affirme qu&rsquo;il a trait\u00e9 ce dossier dans le respect des normes et en rendant compte aux moments opportuns. Apr\u00e8s les r\u00e9sultats probants qui ont sanctionn\u00e9 la premi\u00e8re phase de l&rsquo;op\u00e9ration, je l&rsquo;ai f\u00e9licit\u00e9\u00bb, \u00e9crit le g\u00e9n\u00e9ral Toufik.<\/p>\n<h2>Homme le plus puissant d&rsquo;Alg\u00e9rie<\/h2>\n<p>Ce message survient \u00e0 un moment particulier de ce que l&rsquo;on a l&rsquo;habitude d&rsquo;appeler \u00abla guerre des clans\u00bb, c&rsquo;est \u00e0 dire la lutte d&rsquo;influence que livrent le cercle pr\u00e9sidentiel (Abdelaziz Bouteflika, son fr\u00e8re Sa\u00efd, une partie du patronat et le chef d&rsquo;\u00e9tat-major et vice-ministre de la D\u00e9fense Ahmed Ga\u00efd Salah) et les services secrets, repr\u00e9sent\u00e9s par le g\u00e9n\u00e9ral Toufik jusqu&rsquo;en septembre dernier.<\/p>\n<p>En effet, \u00e0 la fin de l&rsquo;\u00e9t\u00e9, la Pr\u00e9sidence a officiellement annonc\u00e9 son d\u00e9part \u00e0 la retraite. Si depuis, l&rsquo;homme le plus puissant d&rsquo;Alg\u00e9rie \u00e9t\u00e9 remplac\u00e9 par Bachir Tartag, de nombreux hauts officiers assurent que son influence est intacte, en d\u00e9pit du d\u00e9membrement de ses services orchestr\u00e9 depuis deux ans par <a href=\"http:\/\/www.lefigaro.fr\/international\/2015\/11\/09\/01003-20151109ARTFIG00236-bouteflika-gouverne-t-il-encore-l-algerie.php\" target=\"\">le Pr\u00e9sident Bouteflika<\/a> pour les rattacher au commandement de l&rsquo;\u00e9tat-major.<\/p>\n<p><strong>\u00abSi Toufik parle maintenant, ce n&rsquo;est pas anodin\u00bb, commente un haut-grad\u00e9 proche de M\u00e9di\u00e8ne. \u00abUn front interne hostile \u00e0 Bouteflika et \u00e0 Ga\u00efd Salah s&rsquo;est constitu\u00e9 au sein de l&rsquo;arm\u00e9e et du DRS. C&rsquo;est une v\u00e9ritable d\u00e9claration de guerre car elle d\u00e9cr\u00e9dibilise l&rsquo;action du chef d&rsquo;\u00e9tat-major. Cela sous-entend que Medi\u00e8ne aussi est capable d\u00e9 r\u00e9v\u00e9ler des choses.\u00bb<\/strong><\/p>\n<p><strong><a href=\"http:\/\/www.lefigaro.fr\/international\/2015\/12\/04\/01003-20151204ARTFIG00425-algerie-l-ex-patron-des-services-secrets-rompt-le-silence.php\">Le Figaro<\/a><\/strong><\/p>\n<\/div>\n<\/div>\n","protected":false},"excerpt":{"rendered":"<p>\u00a0Adem Arroudj Le l\u00e9gendaire chef du DRS durant 25 ans, Mohamed Medi\u00e8ne, alias Toufik, a d\u00e9nonc\u00e9 dans un message diffus\u00e9 sur le site du quotidien El Watan la condamnation \u00e0 cinq ans de prison du g\u00e9n\u00e9ral \u00e0 la retraite Abdelkader A\u00eft Ourabi, dit Hassan. C&rsquo;est une premi\u00e8re dans l&rsquo;histoire de l&rsquo;Alg\u00e9rie. L&rsquo;ex-patron des services secrets,<\/p>\n","protected":false},"author":152,"featured_media":7160,"comment_status":"open","ping_status":"open","sticky":false,"template":"","format":"standard","meta":{"_uf_show_specific_survey":0,"_uf_disable_surveys":false,"footnotes":""},"categories":[22],"tags":[],"class_list":{"0":"post-7159","1":"post","2":"type-post","3":"status-publish","4":"format-standard","5":"has-post-thumbnail","7":"category-actualites-fr"},"aioseo_notices":[],"_links":{"self":[{"href":"https:\/\/middleeasttransparent.com\/fr\/wp-json\/wp\/v2\/posts\/7159","targetHints":{"allow":["GET"]}}],"collection":[{"href":"https:\/\/middleeasttransparent.com\/fr\/wp-json\/wp\/v2\/posts"}],"about":[{"href":"https:\/\/middleeasttransparent.com\/fr\/wp-json\/wp\/v2\/types\/post"}],"author":[{"embeddable":true,"href":"https:\/\/middleeasttransparent.com\/fr\/wp-json\/wp\/v2\/users\/152"}],"replies":[{"embeddable":true,"href":"https:\/\/middleeasttransparent.com\/fr\/wp-json\/wp\/v2\/comments?post=7159"}],"version-history":[{"count":0,"href":"https:\/\/middleeasttransparent.com\/fr\/wp-json\/wp\/v2\/posts\/7159\/revisions"}],"wp:featuredmedia":[{"embeddable":true,"href":"https:\/\/middleeasttransparent.com\/fr\/wp-json\/wp\/v2\/media\/7160"}],"wp:attachment":[{"href":"https:\/\/middleeasttransparent.com\/fr\/wp-json\/wp\/v2\/media?parent=7159"}],"wp:term":[{"taxonomy":"category","embeddable":true,"href":"https:\/\/middleeasttransparent.com\/fr\/wp-json\/wp\/v2\/categories?post=7159"},{"taxonomy":"post_tag","embeddable":true,"href":"https:\/\/middleeasttransparent.com\/fr\/wp-json\/wp\/v2\/tags?post=7159"}],"curies":[{"name":"wp","href":"https:\/\/api.w.org\/{rel}","templated":true}]}}