{"id":6697,"date":"2015-11-23T23:23:01","date_gmt":"2015-11-23T22:23:01","guid":{"rendered":"http:\/\/middleeasttransparent.com\/?p=6697"},"modified":"2015-11-30T12:28:08","modified_gmt":"2015-11-30T11:28:08","slug":"mondial-2022-michel-platini-savait-quil-allait-rencontrer-les-qataris-a-lelysee","status":"publish","type":"post","link":"https:\/\/middleeasttransparent.com\/fr\/mondial-2022-michel-platini-savait-quil-allait-rencontrer-les-qataris-a-lelysee\/","title":{"rendered":"Mondial 2022 : Michel Platini savait qu\u2019il allait rencontrer les Qataris \u00e0 l\u2019Elys\u00e9e"},"content":{"rendered":"<h3>Par <span class=\"auteur txt2_120\"><a class=\"auteur\" href=\"http:\/\/www.lemonde.fr\/journaliste\/remi-dupre\/\" target=\"_blank\">R\u00e9mi Dupr\u00e9<\/a><\/span><\/h3>\n<h3>Il y a cinq ans jour pour jour, le 23\u00a0novembre 2010, <a class=\"lien_interne rub\" title=\"Toute l\u2019actualit\u00e9 Nicolas Sarkozy\" href=\"http:\/\/www.lemonde.fr\/nicolas-sarkozy\/\">Nicolas Sarkozy<\/a> recevait \u00e0 <a class=\"lien_interne conjug\" title=\"Conjugaison du verbe d\u00e9jeuner\" href=\"http:\/\/conjugaison.lemonde.fr\/conjugaison\/premier-groupe\/d%C3%A9jeuner\/\" target=\"_blank\">d\u00e9jeuner<\/a> \u00e0 l\u2019Elys\u00e9e le cheikh Tamin ben Hamad Al-Thani, prince h\u00e9ritier du <a class=\"lien_interne rub\" title=\"Toute l\u2019actualit\u00e9 Qatar\" href=\"http:\/\/www.lemonde.fr\/qatar\/\">Qatar<\/a> et actuel \u00e9mir, le cheikh Hamad ben Jassem, premier ministre et ministre des <a class=\"lien_interne rub\" title=\"Toute l\u2019actualit\u00e9 affaires \u00e9trang\u00e8res\" href=\"http:\/\/www.lemonde.fr\/affaires-etrangeres\/\">affaires \u00e9trang\u00e8res<\/a> de l\u2019\u00e9mirat, et Michel Platini, patron de l\u2019Union des associations europ\u00e9ennes de <a class=\"lien_interne rub\" title=\"Toute l\u2019actualit\u00e9 football\" href=\"http:\/\/www.lemonde.fr\/football\/\">football<\/a> (UEFA).<\/h3>\n<div class=\"body contenu_article js_article_body\">\n<h3>L\u2019ex-meneur de jeu des Bleus a toujours assur\u00e9 <a class=\"lien_interne conjug\" title=\"Conjugaison du verbe avoir\" href=\"http:\/\/conjugaison.lemonde.fr\/conjugaison\/auxiliaire\/avoir\/\" target=\"_blank\">avoir<\/a> \u00e9t\u00e9<em> \u00ab surpris \u00bb<\/em> en d\u00e9couvrant la pr\u00e9sence du prince h\u00e9ritier du Qatar et de son premier ministre \u00e0 ce d\u00e9jeuner organis\u00e9 avant le vote du 2 d\u00e9cembre 2010 pour l\u2019attribution des Mondiaux 2018 et 2022 respectivement \u00e0 la <a class=\"lien_interne rub\" title=\"Toute l\u2019actualit\u00e9 Russie\" href=\"http:\/\/www.lemonde.fr\/russie\/\">Russie<\/a> et au Qatar.<\/h3>\n<p>Michel Platini, qui avait \u00e9cart\u00e9 l\u2019id\u00e9e de <a class=\"lien_interne conjug\" title=\"Conjugaison du verbe recevoir\" href=\"http:\/\/conjugaison.lemonde.fr\/conjugaison\/troisieme-groupe\/recevoir\/\" target=\"_blank\">recevoir<\/a> l\u2019ex-pr\u00e9sident Bill Clinton, dirigeant d\u2019honneur du comit\u00e9 de candidature des Etats-Unis, pour <a class=\"lien_interne conjug\" title=\"Conjugaison du verbe \u00e9viter\" href=\"http:\/\/conjugaison.lemonde.fr\/conjugaison\/premier-groupe\/%C3%A9viter\/\" target=\"_blank\">\u00e9viter<\/a> tout conflit d\u2019int\u00e9r\u00eats, assurait qu\u2019il pensait <a class=\"lien_interne conjug\" title=\"Conjugaison du verbe voir\" href=\"http:\/\/conjugaison.lemonde.fr\/conjugaison\/troisieme-groupe\/voir\/\" target=\"_blank\">voir<\/a> Nicolas Sarkozy en t\u00eate \u00e0 t\u00eate. Pourtant, le patron de l\u2019UEFA s\u2019attendait \u00e0 <a class=\"lien_interne conjug\" title=\"Conjugaison du verbe rencontrer\" href=\"http:\/\/conjugaison.lemonde.fr\/conjugaison\/premier-groupe\/rencontrer\/\" target=\"_blank\">rencontrer<\/a> l\u2019\u00e9mir du Qatar, Hamad ben Khalifa Al-Thani, \u00e0 l\u2019Elys\u00e9e. Selon nos informations, Michel Platini n\u2019a pas cach\u00e9, dans un premier temps, qu\u2019il allait d\u00e9jeuner avec M. Sarkozy et le cheikh Hamad, au <a class=\"lien_interne conjug\" title=\"Conjugaison du verbe pouvoir\" href=\"http:\/\/conjugaison.lemonde.fr\/conjugaison\/troisieme-groupe\/pouvoir\/\" target=\"_blank\">pouvoir<\/a> jusqu\u2019en 2013, avant de <a class=\"lien_interne conjug\" title=\"Conjugaison du verbe modifier\" href=\"http:\/\/conjugaison.lemonde.fr\/conjugaison\/premier-groupe\/modifier\/\" target=\"_blank\">modifier<\/a> sa version de ce rendez-<a class=\"lien_interne rub\" title=\"Toute l\u2019actualit\u00e9 vous\" href=\"http:\/\/www.lemonde.fr\/vous\/\">vous<\/a> apr\u00e8s les premi\u00e8res critiques.<\/p>\n<h3 class=\"intertitre\">\u00ab IL Y A EU UN REVIREMENT SOUDAIN APR\u00c8S CE D\u00c9JEUNER \u00bb<\/h3>\n<p>Or, ce d\u00e9jeuner aurait \u00e9t\u00e9 tout sauf anodin. C\u2019est \u00e0 <a class=\"lien_interne conjug\" title=\"Conjugaison du verbe partir\" href=\"http:\/\/conjugaison.lemonde.fr\/conjugaison\/troisieme-groupe\/partir\/\" target=\"_blank\">partir<\/a> de ce moment-l\u00e0 que le soutien du patron de l\u2019UEFA \u00e0 la candidature am\u00e9ricaine pour 2022 aurait bascul\u00e9 vers un soutien \u00e0 la candidature du Qatar. C\u2019est en tout cas ce qu\u2019assure le <a class=\"lien_interne rub\" title=\"Toute l\u2019actualit\u00e9 Suisse\" href=\"http:\/\/www.lemonde.fr\/suisse\/\">Suisse<\/a> Joseph Blatter, dirigeant de la F\u00e9d\u00e9ration internationale de football (<a class=\"lien_interne rub\" title=\"Toute l\u2019actualit\u00e9 FIFA\" href=\"http:\/\/www.lemonde.fr\/corruption-a-la-fifa\/\">FIFA<\/a>) depuis 1998 (suspendu en octobre pour quatre-vingt-dix jours par le comit\u00e9 d\u2019\u00e9thique de l\u2019organisation internationale, tout comme Michel Platini).<\/p>\n<p>Ce d\u00e9jeuner <em>\u00ab\u00a0a compl\u00e8tement chang\u00e9 la donne\u00a0\u00bb, <\/em>assure Joseph Blatter, qui, dans un entretien \u00e0 l\u2019agence de presse russe TASS, le 28 octobre, avait rendu l\u2019ex-chef de l\u2019Etat et le dirigeant de l\u2019UEFA responsables de la victoire (quatorze voix \u00e0 huit) dans les urnes du Qatar face aux Etats-Unis pour l\u2019organisation du Mondial 2022.<\/p>\n<blockquote class=\"citation\"><p><em>\u00ab Tout allait bien jusqu\u2019au moment o\u00f9 M.\u00a0Sarkozy a tenu une r\u00e9union avec le prince h\u00e9ritier du Qatar, qui est aujourd\u2019hui \u00e9mir, <\/em>a d\u00e9clar\u00e9 Joseph Blatter.<em> Et au d\u00e9jeuner qui a suivi<\/em> a<em>vec M.\u00a0Platini il a dit que ce serait bien d\u2019aller au Qatar.<\/em> <em>Il y a eu un vote \u00e0 bulletins secrets. Quatre suffrages europ\u00e9ens se sont finalement \u00e9cart\u00e9s des Etats-Unis<\/em> e<em>t le r\u00e9sultat a \u00e9t\u00e9 de quatorze voix contre huit.\u00a0<\/em>\u00bb<\/p><\/blockquote>\n<p><strong>Ce scrutin d\u2019attribution fait d\u2019ailleurs l\u2019objet d\u2019une <a class=\"lien_interne rub\" title=\"Toute l\u2019actualit\u00e9 enqu\u00eate\" href=\"http:\/\/www.lemonde.fr\/enquetes\/\">enqu\u00eate<\/a> du minist\u00e8re public de la Conf\u00e9d\u00e9ration helv\u00e9tique (MPC). Le bureau du procureur g\u00e9n\u00e9ral suisse ayant mis au jour <em>\u00ab\u00a0plus de 120 transactions financi\u00e8res suspectes <\/em>\u00bb.<\/strong><\/p>\n<p>Michel Platini, qui a reconnu avoir apport\u00e9 son suffrage au richissime \u00e9mirat, avait assur\u00e9 dans les colonnes de<em> L\u2019Equipe,<\/em> en juin 2014 :<em> \u00ab Personne ne m\u2019a dit pour qui je devais <a class=\"lien_interne conjug\" title=\"Conjugaison du verbe voter\" href=\"http:\/\/conjugaison.lemonde.fr\/conjugaison\/premier-groupe\/voter\/\" target=\"_blank\">voter<\/a>.\u00a0\u00bb \u00ab\u00a0Jamais le Qatar ne m\u2019a demand\u00e9 de voter pour lui. Ni Sarkozy, ni personne \u00bb, <\/em>avait insist\u00e9 l\u2019ex-s\u00e9lectionneur des Tricolores (1988-1992), qui reconnaissait toutefois avoir <em>\u00ab senti qu\u2019il y avait un message subliminal \u00bb<\/em> de l\u2019ex-chef de l\u2019Etat lorsqu\u2019il s\u2019\u00e9tait <em>\u00ab retrouv\u00e9 avec des Qatariens \u00bb.<\/em><\/p>\n<p><em>\u00ab Il y a eu un revirement soudain apr\u00e8s ce d\u00e9jeuner. Blatter est loin de tout <a class=\"lien_interne conjug\" title=\"Conjugaison du verbe savoir\" href=\"http:\/\/conjugaison.lemonde.fr\/conjugaison\/troisieme-groupe\/savoir\/\" target=\"_blank\">savoir<\/a> mais, sur le fond, ce qu\u2019il dit est vrai : Platini a jou\u00e9 un r\u00f4le important pour <a class=\"lien_interne conjug\" title=\"Conjugaison du verbe renverser\" href=\"http:\/\/conjugaison.lemonde.fr\/conjugaison\/premier-groupe\/renverser\/\" target=\"_blank\">renverser<\/a> la vapeur contre les Etats-Unis <\/em>\u00bb, assure une source contact\u00e9e par <em>Le Monde<\/em>.<\/p>\n<p class=\"lire\">Lire aussi\u00a0: <a href=\"http:\/\/mobile.lemonde.fr\/football\/article\/2015\/11\/21\/la-commission-d-ethique-de-la-fifa-requiert-des-sanctions-contre-blatter-et-platini_4814887_1616938.html\">La commission d\u2019\u00e9thique de la FIFA requiert des sanctions contre Blatter et Platini<\/a><\/p>\n<h3 class=\"intertitre\">UN DEAL TRAHI AVEC LES ETATS-UNIS<\/h3>\n<p>Selon nos informations, Michel Platini \u00e9tait initialement loin d\u2019\u00eatre s\u00e9duit par le dossier de candidature du Qatar. Au printemps\u00a02010, il avait effectu\u00e9 un <a class=\"lien_interne rub\" title=\"Toute l\u2019actualit\u00e9 voyage\" href=\"http:\/\/www.lemonde.fr\/m-voyage\/\">voyage<\/a> en <a class=\"lien_interne rub\" title=\"Toute l\u2019actualit\u00e9 Cor\u00e9e du Sud\" href=\"http:\/\/www.lemonde.fr\/coree-du-sud\/\">Cor\u00e9e du Sud<\/a> afin de rencontrer Chung Mong-joon, membre du comit\u00e9 ex\u00e9cutif de la FIFA depuis 1994 et dont le pays postulait \u00e9galement \u00e0 l\u2019organisation du Mondial 2022.<\/p>\n<p>Mais \u00e0 l\u2019\u00e9t\u00e9 2010, le pr\u00e9sident de l\u2019UEFA avait rencontr\u00e9 Sunil Gulati, pr\u00e9sident de la F\u00e9d\u00e9ration des Etats-Unis (USSF), \u00e0 Nyon (Suisse), afin de lui <a class=\"lien_interne conjug\" title=\"Conjugaison du verbe proposer\" href=\"http:\/\/conjugaison.lemonde.fr\/conjugaison\/premier-groupe\/proposer\/\" target=\"_blank\">proposer<\/a> un deal. En \u00e9change du retrait de la candidature am\u00e9ricaine pour l\u2019attribution du Mondial 2018, l\u2019ex-meneur de jeu des Bleus a promis de <a class=\"lien_interne conjug\" title=\"Conjugaison du verbe soutenir\" href=\"http:\/\/conjugaison.lemonde.fr\/conjugaison\/troisieme-groupe\/soutenir\/\" target=\"_blank\">soutenir<\/a> le dossier de l\u2019USSF pour l\u2019\u00e9dition 2022.<\/p>\n<p>En\u00a0octobre\u00a02010, Sunil Gulati avait par cons\u00e9quent officialis\u00e9 le forfait des Etats-Unis pour le Mondial 2018 et confirm\u00e9 leur candidature pour la Coupe du <a class=\"lien_interne rub\" title=\"Toute l\u2019actualit\u00e9 monde\" href=\"http:\/\/www.lemonde.fr\/afrique-monde\/\">monde<\/a> 2022.<\/p>\n<p>Le pacte scell\u00e9 avec le pr\u00e9sident de l\u2019USSF a ainsi \u00e9t\u00e9 rompu par Michel Platini apr\u00e8s le d\u00e9jeuner organis\u00e9 \u00e0 l\u2019Elys\u00e9e le 23\u00a0novembre.<\/p>\n<p>En d\u00e9cembre\u00a02012, \u00e0 la tribune des Doha Goals, forum mondial du <a class=\"lien_interne rub\" title=\"Toute l\u2019actualit\u00e9 sport\" href=\"http:\/\/www.lemonde.fr\/sport\/\">sport<\/a>, Nicolas Sarkozy s\u2019\u00e9tait enorgueilli d\u2019avoir \u00ab\u00a0<em>soutenu le choix<\/em>\u00a0\u00bb du Qatar. <em>\u00ab\u00a0Il a fallu <a class=\"lien_interne conjug\" title=\"Conjugaison du verbe attendre\" href=\"http:\/\/conjugaison.lemonde.fr\/conjugaison\/troisieme-groupe\/attendre\/\" target=\"_blank\">attendre<\/a> le XXI<sup>e<\/sup>\u00a0si\u00e8cle pour qu\u2019un pays musulman organise pour la premi\u00e8re fois un \u00e9v\u00e9nement de cette importance. C\u2019est une grande d\u00e9cision\u00a0\u00bb, <\/em>avait-il d\u00e9clar\u00e9.<\/p>\n<p>De son c\u00f4t\u00e9, Sunil Gulati n\u2019a jamais cach\u00e9, en priv\u00e9, son sentiment d\u2019avoir \u00e9t\u00e9 trahi par Michel Platini. <em>\u00ab\u00a0Je ne lui pardonnerai jamais\u00a0\u00bb<\/em>, avait-il murmur\u00e9 apr\u00e8s le vote de 2010. Depuis, il se mure dans le silence.<\/p>\n<p><a href=\"http:\/\/www.lemonde.fr\/football\/article\/2015\/11\/23\/fifa-il-y-a-cinq-ans-platini-sarkozy-et-le-prince-heritier-du-qatar-au-dejeuner-de-l-elysee_4815602_1616938.html#xtor=AL-32280270\">Le Monde<\/a><\/p>\n<\/div>\n","protected":false},"excerpt":{"rendered":"<p>Par R\u00e9mi Dupr\u00e9 Il y a cinq ans jour pour jour, le 23\u00a0novembre 2010, Nicolas Sarkozy recevait \u00e0 d\u00e9jeuner \u00e0 l\u2019Elys\u00e9e le cheikh Tamin ben Hamad Al-Thani, prince h\u00e9ritier du Qatar et actuel \u00e9mir, le cheikh Hamad ben Jassem, premier ministre et ministre des affaires \u00e9trang\u00e8res de l\u2019\u00e9mirat, et Michel Platini, patron de l\u2019Union des<\/p>\n","protected":false},"author":134,"featured_media":6698,"comment_status":"open","ping_status":"open","sticky":false,"template":"","format":"standard","meta":{"_uf_show_specific_survey":0,"_uf_disable_surveys":false,"footnotes":""},"categories":[361],"tags":[],"class_list":{"0":"post-6697","1":"post","2":"type-post","3":"status-publish","4":"format-standard","5":"has-post-thumbnail","7":"category-sport-international"},"aioseo_notices":[],"_links":{"self":[{"href":"https:\/\/middleeasttransparent.com\/fr\/wp-json\/wp\/v2\/posts\/6697","targetHints":{"allow":["GET"]}}],"collection":[{"href":"https:\/\/middleeasttransparent.com\/fr\/wp-json\/wp\/v2\/posts"}],"about":[{"href":"https:\/\/middleeasttransparent.com\/fr\/wp-json\/wp\/v2\/types\/post"}],"author":[{"embeddable":true,"href":"https:\/\/middleeasttransparent.com\/fr\/wp-json\/wp\/v2\/users\/134"}],"replies":[{"embeddable":true,"href":"https:\/\/middleeasttransparent.com\/fr\/wp-json\/wp\/v2\/comments?post=6697"}],"version-history":[{"count":0,"href":"https:\/\/middleeasttransparent.com\/fr\/wp-json\/wp\/v2\/posts\/6697\/revisions"}],"wp:featuredmedia":[{"embeddable":true,"href":"https:\/\/middleeasttransparent.com\/fr\/wp-json\/wp\/v2\/media\/6698"}],"wp:attachment":[{"href":"https:\/\/middleeasttransparent.com\/fr\/wp-json\/wp\/v2\/media?parent=6697"}],"wp:term":[{"taxonomy":"category","embeddable":true,"href":"https:\/\/middleeasttransparent.com\/fr\/wp-json\/wp\/v2\/categories?post=6697"},{"taxonomy":"post_tag","embeddable":true,"href":"https:\/\/middleeasttransparent.com\/fr\/wp-json\/wp\/v2\/tags?post=6697"}],"curies":[{"name":"wp","href":"https:\/\/api.w.org\/{rel}","templated":true}]}}