{"id":6547,"date":"2015-11-18T18:48:41","date_gmt":"2015-11-18T17:48:41","guid":{"rendered":"http:\/\/middleeasttransparent.com\/news\/?p=6547"},"modified":"2016-05-09T19:47:56","modified_gmt":"2016-05-09T18:47:56","slug":"assaut-a-saint-denis-ce-que-lon-sait-ce-que-lon-ignore","status":"publish","type":"post","link":"https:\/\/middleeasttransparent.com\/fr\/assaut-a-saint-denis-ce-que-lon-sait-ce-que-lon-ignore\/","title":{"rendered":"Assaut \u00e0 Saint-Denis\u00a0: ce que l\u2019on sait, ce que l\u2019on ignore"},"content":{"rendered":"<h1 class=\"tt2\"><\/h1>\n<div id=\"articleBody\" class=\"contenu_article js_article_body\">\n<h3 class=\"tag\"><span class=\"oubli\"><strong>CE QU\u2019ON SAIT\u00a0:<\/strong><\/span><\/h3>\n<h3 class=\"intertitre\">L\u2019op\u00e9ration<\/h3>\n<h3 class=\"taille_courante\">Dans le cadre de l\u2019<a class=\"lien_interne rub\" title=\"Toute l\u2019actualit\u00e9 enqu\u00eate\" href=\"http:\/\/www.lemonde.fr\/enquetes\/\">enqu\u00eate<\/a> sur les attentats du 13\u00a0novembre,<a href=\"http:\/\/www.lemonde.fr\/attaques-a-paris\/article\/2015\/11\/18\/un-assaut-policier-en-cours-a-saint-denis-dans-le-cadre-de-l-enquete-sur-les-attentats-du-13-novembre_4812248_4809495.html\"> un assaut a \u00e9t\u00e9 donn\u00e9<\/a> \u00e0 <a class=\"lien_interne conjug\" title=\"Conjugaison du verbe partir\" href=\"http:\/\/conjugaison.lemonde.fr\/conjugaison\/troisieme-groupe\/partir\/\" target=\"_blank\">partir<\/a> de 4\u00a0h\u00a020 mercredi 18\u00a0novembre, dans un appartement situ\u00e9 rue Corbillon et sur le boulevard Carnot, \u00e0 Saint-Denis (Seine-<a class=\"lien_interne rub\" title=\"Toute l\u2019actualit\u00e9 Saint-Denis\" href=\"http:\/\/www.lemonde.fr\/saint-denis\/\">Saint-Denis<\/a>), au nord de <a class=\"lien_interne rub\" title=\"Toute l\u2019actualit\u00e9 Paris\" href=\"http:\/\/www.lemonde.fr\/paris\/\">Paris<\/a>. L\u2019op\u00e9ration, men\u00e9e par le RAID et la BRI, et impliquant 110 policiers au <a class=\"lien_interne bourse\" href=\"http:\/\/www.lemonde.fr\/bourse\/nyse-euronext-paris-equities\/total\/\">total<\/a>, s\u2019est termin\u00e9e peu apr\u00e8s 11\u00a0h\u00a045.<\/h3>\n<div class=\"snippet multimedia-embed\">\n<p class=\"lire\"><a href=\"http:\/\/www.lemonde.fr\/societe\/live\/2015\/11\/18\/attentats-du-13-novembre-les-dernieres-informations-en-direct_4812231_3224.html\" target=\"_blank\">Suivez la situation en direct dans notre live<\/a><\/p>\n<\/div>\n<figure class=\"illustration_haut \"><\/figure>\n<figure class=\"illustration_haut \"><img decoding=\"async\" class=\"lazy-retina\" title=\"Infographie Le Monde\" src=\"http:\/\/s2.lemde.fr\/image2x\/2015\/11\/18\/534x0\/4812480_6_1ef8_2015-11-18-96e93fb-25557-e85czt_894356c08f36e4aa9fbf533130ffe996.png\" alt=\" \" width=\"534\" data-lazyload=\"false\" data-no-hd-src=\"http:\/\/s2.lemde.fr\/image\/2015\/11\/18\/534x0\/4812480_6_1ef8_2015-11-18-96e93fb-25557-e85czt_894356c08f36e4aa9fbf533130ffe996.png\" data-hd-src=\"http:\/\/s2.lemde.fr\/image2x\/2015\/11\/18\/534x0\/4812480_6_1ef8_2015-11-18-96e93fb-25557-e85czt_894356c08f36e4aa9fbf533130ffe996.png\" \/><figcaption class=\"legende\" data-caption=\"\"><span class=\"source_image\" data-copyright=\"Infographie Le Monde\">INFOGRAPHIE LE MONDE<\/span><\/figcaption><\/figure>\n<h2 class=\"intertitre\">La cible<\/h2>\n<p>Les enqu\u00eateurs recherchaient <strong>Abdelhamid Abaaoud,<\/strong> un djihadiste belge de 28 ans qui a rejoint les rangs de l\u2019Etat islamique (EI) au d\u00e9but de l\u2019ann\u00e9e 2013, et qui pourrait <a class=\"lien_interne conjug\" title=\"Conjugaison du verbe \u00eatre\" href=\"http:\/\/conjugaison.lemonde.fr\/conjugaison\/auxiliaire\/%C3%AAtre\/\" target=\"_blank\">\u00eatre<\/a> le coordinateur des attaques visant Paris et Saint-Denis. D\u00e9but octobre, il avait alors \u00e9t\u00e9 vis\u00e9 lors des frappes fran\u00e7aises men\u00e9es sur Rakka, en <a class=\"lien_interne rub\" title=\"Toute l\u2019actualit\u00e9 Syrie\" href=\"http:\/\/www.lemonde.fr\/syrie\/\">Syrie<\/a>, la capitale de l\u2019<a class=\"lien_interne rub\" title=\"Toute l\u2019actualit\u00e9 Etat islamique\" href=\"http:\/\/www.lemonde.fr\/etat-islamique\/\">Etat islamique<\/a>.<\/p>\n<p>On ignore s\u2019il \u00e9tait pr\u00e9sent \u00e0 Saint-Denis.<\/p>\n<p class=\"lire\">Lire aussi\u00a0: <a href=\"http:\/\/www.lemonde.fr\/attaques-a-paris\/article\/2015\/11\/16\/qui-est-abdelhamid-abaaoud-le-commanditaire-presume-des-attaques-de-paris_4811009_4809495.html\">Qui est Abdelhamid Abaaoud, le commanditaire pr\u00e9sum\u00e9 des attentats cibl\u00e9 par le RAID \u00e0 Saint-Denis ?<\/a><\/p>\n<h2 class=\"intertitre\">Le bilan<\/h2>\n<p>\u00ab\u00a0Tous les terroristes sont neutralis\u00e9s\u00a0\u00bb, a annonc\u00e9 le porte-parole du gouvernement. <strong>Deux terroristes sont morts dans l\u2019assaut<\/strong>, de source polici\u00e8re\u00a0: une femme, retranch\u00e9e dans l\u2019appartement, qui a activ\u00e9 son gilet explosif, et un homme dont on ignore l\u2019identit\u00e9, touch\u00e9 par des projectiles et des grenades.<\/p>\n<p>Cinq policiers du RAID ont subi des blessures l\u00e9g\u00e8res, <a href=\"https:\/\/twitter.com\/PNationale\/status\/666905339405705217\">selon la police nationale<\/a>. Une <a href=\"https:\/\/twitter.com\/PNationale\/status\/666915776167677952\">chienne d\u2019assaut<\/a> a \u00e9galement \u00e9t\u00e9 tu\u00e9e lors de l\u2019op\u00e9ration.<\/p>\n<p><strong>Sept personnes ont \u00e9t\u00e9 arr\u00eat\u00e9es <\/strong>et plac\u00e9es en garde \u00e0 vue\u00a0: six hommes et une femme, dont on ne conna\u00eet pas l\u2019identit\u00e9. Selon nos informations, il ne s\u2019agit ni d\u2019Abdelhamid Abaaoud ni de Salah Abdeslam, principal suspect recherch\u00e9 apr\u00e8s les attentats. Selon le procureur de Paris, Fran\u00e7ois Molins, l\u2019un d\u2019entre eux serait la personne qui a fourni l\u2019appartement.<\/p>\n<p class=\"lire\">Lire aussi\u00a0: <a href=\"http:\/\/www.lemonde.fr\/les-decodeurs\/article\/2015\/11\/15\/que-sait-on-des-auteurs-des-attaques-du-13-novembre_4810502_4355770.html\">Attentats du 13\u00a0novembre\u00a0: que sait-on des terroristes\u00a0impliqu\u00e9s\u00a0?<\/a><\/p>\n<h2 class=\"intertitre\">Les origines de l\u2019op\u00e9ration<\/h2>\n<p>Un<strong> t\u00e9l\u00e9phone<\/strong>, retrouv\u00e9 dans une poubelle \u00e0 proximit\u00e9 du Bataclan et utilis\u00e9 par les terroristes vendredi, aurait orient\u00e9 les enqu\u00eateurs. L\u2019exploitation de l\u2019appareil a <em>\u00ab\u00a0permis d\u2019obtenir des \u00e9l\u00e9ments qui pouvaient <a class=\"lien_interne conjug\" title=\"Conjugaison du verbe laisser\" href=\"http:\/\/conjugaison.lemonde.fr\/conjugaison\/premier-groupe\/laisser\/\" target=\"_blank\">laisser<\/a> penser que le d\u00e9nomm\u00e9 Abaaoud \u00e9tait susceptible de se <a class=\"lien_interne conjug\" title=\"Conjugaison du verbe retrouver\" href=\"http:\/\/conjugaison.lemonde.fr\/conjugaison\/premier-groupe\/retrouver\/\" target=\"_blank\">retrouver<\/a> dans un appartement conspiratif \u00e0 Saint-Denis\u00a0\u00bb, <\/em>selon le procureur de Paris.<\/p>\n<p>Il contenait un SMS, envoy\u00e9 \u00e0 21\u00a0h\u00a042, juste avant l\u2019attaque de la salle de spectacle, disant <em>\u00ab\u00a0On est parti on commence\u00a0<\/em>\u00bb. La recherche de g\u00e9olocalisation aurait men\u00e9 \u00e0 un point de chute du commando dans un appartement de r\u00e9sidence h\u00f4teli\u00e8re lou\u00e9 au nom de Salah Abdeslam, Alfortville (Val-de-Marne). Le propri\u00e9taire du t\u00e9l\u00e9phone y \u00e9tait pass\u00e9 avant les attaques de vendredi.<\/p>\n<p>Le <a class=\"lien_interne rub\" title=\"Toute l\u2019actualit\u00e9 logement\" href=\"http:\/\/www.lemonde.fr\/logement\/\">logement<\/a> d\u2019Alfortville a \u00e9t\u00e9 perquisitionn\u00e9 par les enqu\u00eateurs, de m\u00eame qu\u2019un deuxi\u00e8me site, un pavillon de Bobigny (Seine-Saint-Denis), lou\u00e9 par Brahim Abdeslam, du 10 au 17\u00a0novembre.<\/p>\n<p class=\"lire marqueur_restreint_atome\">Lire aussi\u00a0: <a href=\"http:\/\/www.lemonde.fr\/attaques-a-paris\/article\/2015\/11\/18\/pourquoi-et-comment-une-intervention-a-t-elle-ete-lancee-a-saint-denis_4812526_4809495.html\">A Saint-Denis, l\u2019assaut contre les terroristes<\/a><\/p>\n<h2 class=\"intertitre\">Les cons\u00e9quences \u00e0 Saint-Denis<\/h2>\n<p>Les <a class=\"lien_interne rub\" title=\"Toute l\u2019actualit\u00e9 transports\" href=\"http:\/\/www.lemonde.fr\/transports\/\">transports<\/a> en commun ont \u00e9t\u00e9 perturb\u00e9s par l\u2019assaut. Le trafic des lignes 5 et 13 du m\u00e9tro a \u00e9t\u00e9 interrompu apr\u00e8s la d\u00e9couverte d\u2019un colis suspect, ainsi que plusieurs lignes de bus. De nombreux <strong>b\u00e2timents publics sont rest\u00e9s ferm\u00e9s<\/strong> mercredi \u00e0 Saint-Denis (cr\u00e8ches, \u00e9coles\u2026). Retrouvez <a href=\"http:\/\/ville-saint-denis.fr\/jcms\/jcms\/prod_72122\/intervention-policiere-dans-le-centre-ville\">la liste sur le site de la mairie de Saint-Denis.<\/a><\/p>\n<p class=\"lire\">Lire aussi\u00a0: <a href=\"http:\/\/www.lemonde.fr\/attaques-a-paris\/article\/2015\/11\/18\/attentats-du-13-novembre-saint-denis-se-reveille-dans-une-ambiance-de-guerre_4812463_4809495.html\">Attentats du 13\u00a0novembre\u00a0: \u00ab\u00a0une ambiance de guerre\u00a0\u00bb \u00e0 Saint-Denis<\/a><\/p>\n<h2 class=\"intertitre\">\u00a0<a href=\"http:\/\/middleeasttransparent.com\/news\/fr\/assaut-a-saint-denis-ce-que-lon-sait-ce-que-lon-ignore\/2048x1536-fit_operation-anti-terroriste-mercredi-matin-saint-denis\/\" rel=\"attachment wp-att-6550\"><img fetchpriority=\"high\" decoding=\"async\" class=\"size-full wp-image-6550 aligncenter\" src=\"http:\/\/middleeasttransparent.com\/news\/wp-content\/uploads\/2015\/11\/2048x1536-fit_operation-anti-terroriste-mercredi-matin-saint-denis.jpg\" alt=\"2048x1536-fit_operation-anti-terroriste-mercredi-matin-saint-denis\" width=\"768\" height=\"512\" srcset=\"https:\/\/middleeasttransparent.com\/wp-content\/uploads\/2015\/11\/2048x1536-fit_operation-anti-terroriste-mercredi-matin-saint-denis.jpg 768w, https:\/\/middleeasttransparent.com\/wp-content\/uploads\/2015\/11\/2048x1536-fit_operation-anti-terroriste-mercredi-matin-saint-denis-600x400.jpg 600w\" sizes=\"(max-width: 768px) 100vw, 768px\" \/><\/a><\/h2>\n<h3 class=\"tag\"><span class=\"oubli\"><strong>LES INTERROGATIONS<\/strong><\/span><\/h3>\n<h3 class=\"intertitre\">Le sort d\u2019Abaaoud<\/h3>\n<h3><strong>Aucun \u00e9l\u00e9ment ne confirme que la cible de l\u2019op\u00e9ration, Abdelhamid Abaaoud, \u00e9tait bien pr\u00e9sent mercredi 18\u00a0novembre<\/strong> sur le lieu de l\u2019assaut de Saint-Denis. Le procureur n\u2019a pas indiqu\u00e9 s\u2019il faisait partie des personnes tu\u00e9es. Selon nos informations, il ne se trouve pas parmi les sept personnes interpell\u00e9es.<\/h3>\n<h3 class=\"intertitre\">La localisation de Salah Abdeslam<\/h3>\n<h3>Salah Abdeslam est en fuite depuis les attentats de vendredi. Il avait \u00e9t\u00e9 incarc\u00e9r\u00e9 en\u00a02010 avec Abdelhamid Abaaoud en <a class=\"lien_interne rub\" title=\"Toute l\u2019actualit\u00e9 Belgique\" href=\"http:\/\/www.lemonde.fr\/belgique\/\">Belgique<\/a> pour braquage. Son fr\u00e8re Brahim Abdeslam s\u2019est fait<a class=\"lien_interne conjug\" title=\"Conjugaison du verbe exploser\" href=\"http:\/\/conjugaison.lemonde.fr\/conjugaison\/premier-groupe\/exploser\/\" target=\"_blank\">exploser<\/a> dans un bar boulevard Voltaire.<\/h3>\n<p>Les deux Belges qui sont venus le <a class=\"lien_interne conjug\" title=\"Conjugaison du verbe chercher\" href=\"http:\/\/conjugaison.lemonde.fr\/conjugaison\/premier-groupe\/chercher\/\" target=\"_blank\">chercher<\/a> \u00e0 Paris ont \u00e9t\u00e9 plac\u00e9s sous mandat d\u2019arr\u00eat, lundi 16\u00a0novembre, pour \u00ab\u200aattentat terroriste\u200a\u00bb par la <a class=\"lien_interne rub\" title=\"Toute l\u2019actualit\u00e9 justice\" href=\"http:\/\/www.lemonde.fr\/justice\/\">justice<\/a> belge.<\/p>\n<h3 class=\"intertitre\">L\u2019identification des derniers terroristes<\/h3>\n<p>Mercredi, toutes les gardes \u00e0 vue de membres de l\u2019entourage familial d\u2019Isma\u00ebl Omar Mostefai et de Samy Amimour, deux des assaillants du Bataclan, ont \u00e9t\u00e9 lev\u00e9es.<\/p>\n<p>Le troisi\u00e8me assaillant de la salle de spectacle, tu\u00e9 \u00e0 l\u2019\u00e9tage lors de l\u2019assaut de la BRI, est toujours en cours d\u2019identification, tout comme l\u2019un des kamikazes du Stade de <a class=\"lien_interne rub\" title=\"Toute l\u2019actualit\u00e9 France\" href=\"http:\/\/www.lemonde.fr\/europeennes-france\/\">France<\/a>.<\/p>\n<p>Un appel \u00e0 t\u00e9moins a \u00e9t\u00e9 lanc\u00e9 mardi soir, pour <a class=\"lien_interne conjug\" title=\"Conjugaison du verbe identifier\" href=\"http:\/\/conjugaison.lemonde.fr\/conjugaison\/premier-groupe\/identifier\/\" target=\"_blank\">identifier<\/a> un autre membre du commando de Saint-Denis. Un passeport syrien avait \u00e9t\u00e9 retrouv\u00e9 pr\u00e8s de son corps. Le document, qui lui a servi \u00e0 <a class=\"lien_interne conjug\" title=\"Conjugaison du verbe entrer\" href=\"http:\/\/conjugaison.lemonde.fr\/conjugaison\/premier-groupe\/entrer\/\" target=\"_blank\">entrer<\/a> en <a class=\"lien_interne rub\" title=\"Toute l\u2019actualit\u00e9 Europe\" href=\"http:\/\/www.lemonde.fr\/europe\/\">Europe<\/a> via la <a class=\"lien_interne rub\" title=\"Toute l\u2019actualit\u00e9 Gr\u00e8ce\" href=\"http:\/\/www.lemonde.fr\/grece\/\">Gr\u00e8ce<\/a>, est un faux, mais la <a class=\"lien_interne rub\" title=\"Toute l\u2019actualit\u00e9 photo\" href=\"http:\/\/www.lemonde.fr\/photo\/\">photo<\/a> correspond bien au terroriste qui s\u2019est fait <a class=\"lien_interne conjug\" title=\"Conjugaison du verbe tuer\" href=\"http:\/\/conjugaison.lemonde.fr\/conjugaison\/premier-groupe\/tuer\/\" target=\"_blank\">tuer<\/a> lors de l\u2019attentat.<\/p>\n<\/div>\n<p><a href=\"http:\/\/www.lemonde.fr\/attaques-a-paris\/article\/2015\/11\/18\/assaut-a-saint-denis-ce-qu-on-sait-ce-qu-on-ignore_4812399_4809495.html#WGz2eZRErqHpE8rr.99\">Le Monde \u00a0\u00a0<\/a><\/p>\n","protected":false},"excerpt":{"rendered":"<p>CE QU\u2019ON SAIT\u00a0: L\u2019op\u00e9ration Dans le cadre de l\u2019enqu\u00eate sur les attentats du 13\u00a0novembre, un assaut a \u00e9t\u00e9 donn\u00e9 \u00e0 partir de 4\u00a0h\u00a020 mercredi 18\u00a0novembre, dans un appartement situ\u00e9 rue Corbillon et sur le boulevard Carnot, \u00e0 Saint-Denis (Seine-Saint-Denis), au nord de Paris. L\u2019op\u00e9ration, men\u00e9e par le RAID et la BRI, et impliquant 110 policiers<\/p>\n","protected":false},"author":134,"featured_media":6549,"comment_status":"open","ping_status":"open","sticky":false,"template":"","format":"standard","meta":{"_uf_show_specific_survey":0,"_uf_disable_surveys":false,"footnotes":""},"categories":[22],"tags":[],"class_list":{"0":"post-6547","1":"post","2":"type-post","3":"status-publish","4":"format-standard","5":"has-post-thumbnail","7":"category-actualites-fr"},"aioseo_notices":[],"_links":{"self":[{"href":"https:\/\/middleeasttransparent.com\/fr\/wp-json\/wp\/v2\/posts\/6547","targetHints":{"allow":["GET"]}}],"collection":[{"href":"https:\/\/middleeasttransparent.com\/fr\/wp-json\/wp\/v2\/posts"}],"about":[{"href":"https:\/\/middleeasttransparent.com\/fr\/wp-json\/wp\/v2\/types\/post"}],"author":[{"embeddable":true,"href":"https:\/\/middleeasttransparent.com\/fr\/wp-json\/wp\/v2\/users\/134"}],"replies":[{"embeddable":true,"href":"https:\/\/middleeasttransparent.com\/fr\/wp-json\/wp\/v2\/comments?post=6547"}],"version-history":[{"count":0,"href":"https:\/\/middleeasttransparent.com\/fr\/wp-json\/wp\/v2\/posts\/6547\/revisions"}],"wp:featuredmedia":[{"embeddable":true,"href":"https:\/\/middleeasttransparent.com\/fr\/wp-json\/wp\/v2\/media\/6549"}],"wp:attachment":[{"href":"https:\/\/middleeasttransparent.com\/fr\/wp-json\/wp\/v2\/media?parent=6547"}],"wp:term":[{"taxonomy":"category","embeddable":true,"href":"https:\/\/middleeasttransparent.com\/fr\/wp-json\/wp\/v2\/categories?post=6547"},{"taxonomy":"post_tag","embeddable":true,"href":"https:\/\/middleeasttransparent.com\/fr\/wp-json\/wp\/v2\/tags?post=6547"}],"curies":[{"name":"wp","href":"https:\/\/api.w.org\/{rel}","templated":true}]}}