{"id":6502,"date":"2015-11-17T11:59:42","date_gmt":"2015-11-17T10:59:42","guid":{"rendered":"http:\/\/middleeasttransparent.com\/news\/?p=6502"},"modified":"2016-05-09T20:00:07","modified_gmt":"2016-05-09T19:00:07","slug":"attentats-de-paris-une-attaque-decidee-en-syrie-et-organisee-en-belgique","status":"publish","type":"post","link":"https:\/\/middleeasttransparent.com\/fr\/attentats-de-paris-une-attaque-decidee-en-syrie-et-organisee-en-belgique\/","title":{"rendered":"Attentats de Paris : une attaque d\u00e9cid\u00e9e en Syrie et\u00a0organis\u00e9e en Belgique"},"content":{"rendered":"<div class=\"fig-article-header\">\n<p>Par <a class=\"fig-anchor fig-picto-journaliste-haut\" href=\"http:\/\/www.lefigaro.fr\/actualite-france\/2015\/11\/16\/01016-20151116ARTFIG00378-attentats-de-paris-une-attaque-decidee-en-syrie-etorganisee-en-belgique.php#auteur\">Christophe Cornevin<\/a><\/p>\n<\/div>\n<div class=\"fig-main-col\">\n<div class=\"fig-main-media\"><\/div>\n<h3 class=\"fig-chapo\">Alors que Salah Abdeslam, rescap\u00e9 pr\u00e9sum\u00e9 des kamikazes, est recherch\u00e9, les policiers auraient retrouv\u00e9 l&rsquo;appartement conspiratif des commandos, \u00e0 Bobigny.<\/h3>\n<div class=\"fig-article-body\">\n<h2>\u25cf\u00a0Cinq des kamikazes identifi\u00e9s<\/h2>\n<p>\u00c0 mesure que progresse l&rsquo;enqu\u00eate \u00e9clair portant sur les attentats qui ont foudroy\u00e9 vendredi dernier le c\u0153ur de Paris et le Stade de France, les limiers de la Direction g\u00e9n\u00e9rale de la s\u00e9curit\u00e9 int\u00e9rieure et de la Brigade criminelle pr\u00e9cise les contours des trois commandos coordonn\u00e9s qui ont sem\u00e9 la mort et l&rsquo;\u00e9pouvante. Avec m\u00e9thode, ils sont parvenus \u00e0 identifier cinq des kamikazes qui ont p\u00e9ri dans une \u00e9quip\u00e9e se soldant par un bilan encore provisoire de 129 morts et 352 bless\u00e9s, dont plusieurs dizaines en \u00aburgence absolue\u00bb. Et le pire des sc\u00e9narios, tant redout\u00e9, met en sc\u00e8ne des profils \u00abdormants\u00bb et sans relief, de petits voyous et d&rsquo;illumin\u00e9s en apparence parfaitement ins\u00e9r\u00e9s. Jamais le spectre gla\u00e7ant d&rsquo;un terrorisme dilu\u00e9 dans tous les pores de la soci\u00e9t\u00e9 n&rsquo;a autant pris corps.<\/p>\n<figure class=\"fig-photo fig-media-droite\"><img decoding=\"async\" class=\"aligncenter\" src=\"http:\/\/i.f1g.fr\/media\/figaro\/500x421\/2015\/11\/16\/INF3bfdd484-8c90-11e5-b3ea-85458003f3c5-500x421.jpg\" alt=\"\" \/><small><b><a href=\"http:\/\/api.fidji.lefigaro.fr\/media\/figaro\/orig\/2015\/11\/16\/INF3bfdd484-8c90-11e5-b3ea-85458003f3c5-500x421.jpg\" target=\"_blank\">Cliquez ici pour agrandir l&rsquo;infographie<\/a><\/b><\/small><\/figure>\n<p>Ainsi, <strong>Samy Amimour<\/strong>, 28 ans, un des trois kamikazes qui a ensanglant\u00e9 le Bataclan, \u00e9tait-il conducteur de bus \u00e0 la RATP, dont il a claqu\u00e9 la porte pour partir en Syrie. <strong>Isma\u00ebl Omar Mostefa\u00ef<\/strong>, 29 ans, identifi\u00e9 par l&#8217;empreinte d&rsquo;un doigt retrouv\u00e9 sectionn\u00e9 dans la salle de spectacle, paradait quant \u00e0 lui dans des vid\u00e9os amateurs de musique rap. Bien que condamn\u00e9 \u00e0 huit reprises entre 2004 et 2010, ce petit d\u00e9linquant de Courcouronnes (Essonne), par ailleurs fich\u00e9 \u00abS\u00bb, n&rsquo;est jamais pass\u00e9 par la case prison.<strong> Salah Abdeslam<\/strong>, Fran\u00e7ais de 29 ans natif de Bruxelles, a \u00e9t\u00e9 boulanger dans le quartier de la Madeleine \u00e0 Chartres. Unique rescap\u00e9 pr\u00e9sum\u00e9 de la bande de kamikazes toujours en cavale lundi soir, c&rsquo;est lui qui aurait \u00e9t\u00e9 au volant de la Seat noire utilis\u00e9e pour les fusillades des Xe et XIe arrondissement. D\u00e9tect\u00e9 sur des images de vid\u00e9osurveillance, c&rsquo;est aussi lui qui aurait d\u00e9pos\u00e9 <strong>Brahim<\/strong>, son fr\u00e8re a\u00een\u00e9 qui a fait exploser son gilet rempli de TATP devant un restaurant du boulevard Voltaire.<strong> Bilal Hadfi<\/strong>, malfrat fran\u00e7ais de modeste envergure confondu par ses empreintes papillaires pr\u00e9lev\u00e9es pr\u00e8s du McDo du Stade de France o\u00f9 il est mort en martyr, et un migrant syrien de 25 ans pass\u00e9 par la Gr\u00e8ce et la Serbie r\u00e9pondant au nom d&rsquo;Ahmad Al Mohammad si son identit\u00e9 se confirme, compl\u00e8tent presque ce singulier tableau. Seul un des terroristes du Bataclan reste, pour l&rsquo;heure, inconnu.<\/p>\n<figure id=\"attachment_6492\" aria-describedby=\"caption-attachment-6492\" style=\"width: 827px\" class=\"wp-caption aligncenter\"><a href=\"http:\/\/middleeasttransparent.com\/news\/fr\/qui-est-abdelhamid-abaaoud-le-commanditaire-presume-des-attentats-du-13-novembre\/4811006_6_fcb6_cliche-non-date-d-abdelhamid-abaaoud_9ce1d88c9fabc9ea4feaa4a18262e027\/\" rel=\"attachment wp-att-6492\"><img fetchpriority=\"high\" decoding=\"async\" class=\"size-full wp-image-6492\" src=\"http:\/\/middleeasttransparent.com\/news\/wp-content\/uploads\/2015\/11\/4811006_6_fcb6_cliche-non-date-d-abdelhamid-abaaoud_9ce1d88c9fabc9ea4feaa4a18262e027.jpg\" alt=\"Salah Abdeslam, rescap\u00e9 pr\u00e9sum\u00e9 des kamikazes, est recherch\u00e9\" width=\"827\" height=\"827\" srcset=\"https:\/\/middleeasttransparent.com\/wp-content\/uploads\/2015\/11\/4811006_6_fcb6_cliche-non-date-d-abdelhamid-abaaoud_9ce1d88c9fabc9ea4feaa4a18262e027.jpg 827w, https:\/\/middleeasttransparent.com\/wp-content\/uploads\/2015\/11\/4811006_6_fcb6_cliche-non-date-d-abdelhamid-abaaoud_9ce1d88c9fabc9ea4feaa4a18262e027-300x300.jpg 300w, https:\/\/middleeasttransparent.com\/wp-content\/uploads\/2015\/11\/4811006_6_fcb6_cliche-non-date-d-abdelhamid-abaaoud_9ce1d88c9fabc9ea4feaa4a18262e027-600x600.jpg 600w\" sizes=\"(max-width: 827px) 100vw, 827px\" \/><\/a><figcaption id=\"caption-attachment-6492\" class=\"wp-caption-text\">Salah Abdeslam, rescap\u00e9 pr\u00e9sum\u00e9 des kamikazes, est recherch\u00e9<\/figcaption><\/figure>\n<h2>\u25cf\u00a0Camps d&rsquo;entra\u00eenement de Daech<\/h2>\n<p>Si les profils des protagonistes varient, tous sont tomb\u00e9s assez jeunes, a priori sans grand bruit, dans la centrifugeuse de l&rsquo;islam radical avant de se jouer des mailles pourtant resserr\u00e9es des services antiterroristes. Au moins trois d&rsquo;entre eux sont partis dans des camps d&rsquo;entra\u00eenement de Daech qui a achev\u00e9 de les m\u00e9tamorphoser en de redoutables machines \u00e0 tuer. Analystes et experts du renseignement l&rsquo;assurent: la cristallisation radicale se produit en un temps record. \u00abEntre les mains de structures combattantes, les volontaires subissent un v\u00e9ritable processus d&rsquo;\u00e9valuation visant \u00e0 \u00e9prouver la sinc\u00e9rit\u00e9 de leur engagement, leur potentiel physique et op\u00e9rationnel, confiait au <i>Figaro<\/i> d\u00e8s mai 2014 Lo\u00efc Garnier, coordinateur de la lutte antiterroriste. Ils suivent ensuite des cours religieux et de maniement des armes l\u00e9g\u00e8res. En g\u00e9n\u00e9ral, la dur\u00e9e de ces \u00abstages\u00bb varie tr\u00e8s largement de deux semaines jusqu&rsquo;\u00e0 un mois, voire un mois et demi avant qu&rsquo;ils soient directement envoy\u00e9s au combat\u00bb. Le patron de l&rsquo;Uclat consid\u00e9rait alors que \u00abseule une minorit\u00e9 est appel\u00e9e \u00e0 devenir des \u00abkamikazes\u00bb, \u00e0 l&rsquo;image de ceux qui se sont illustr\u00e9s en Syrie mais aussi en Irak.\u00bb<\/p>\n<p>De retour en Europe, les auteurs du carnage du vendredi noir revendiqu\u00e9 par l&rsquo;\u00c9tat Islamique \u00e9taient inscrits au c\u0153ur d&rsquo;une n\u00e9buleuse terroriste qui a planifi\u00e9 et supervis\u00e9 les raids en r\u00e9gion parisienne.<\/p>\n<h2><strong>\u25cf\u00a0Abdelhamid Abaaoud, le \u00abcerveau\u00bb pr\u00e9sum\u00e9<\/strong><\/h2>\n<p>Par des moyens crypt\u00e9s non encore d\u00e9termin\u00e9s, les kamikazes auraient \u00e9t\u00e9 en lien direct et inspir\u00e9s par <strong>Abdelhamid Abaaoud<\/strong>, 28 ans, bourreau de Daech. Originaire de la commune bruxelloise de Molenbeek, base arri\u00e8re du djihad en Europe, ce djihadiste belge y aurait c\u00f4toy\u00e9 Brahim et Salah Abdeslam.<\/p>\n<p>Une source polici\u00e8re a par ailleurs confi\u00e9 au Figaro que ce \u00abdonneur\u00bb d&rsquo;ordre est sans nul doute celui qui a t\u00e9l\u00e9guid\u00e9 le Marocain Ayoub El Khazzani lors de l&rsquo;attaque avort\u00e9e du Thalys, le 21\u00a0ao\u00fbt dernier, mais aussi Sid Amed Ghlam, quand il a voulu d\u00e9cimer une \u00e9glise de Villejuif en avril dernier.<\/p>\n<h2>\u25cf\u00a0Traque tous azimuts entre la France et la Belgique<\/h2>\n<p>\u00c9clat\u00e9s entre la r\u00e9gion parisienne, Molenbeek et, donc, les zones de combats en Syrie, les policiers poursuivaient lundi leur traque tous azimuts men\u00e9e depuis plus de 72 heures pour neutraliser le reste de l&rsquo;\u00e9quipe et d&rsquo;\u00e9ventuels complices ayant fourni un soutien logistique. Outre ceux qui ont fourni les kalachnikovs, les policiers tentent de retrouver l&rsquo;artificier qui a confectionn\u00e9 les ceintures d&rsquo;explosifs. A moins que ce dernier figure au nombre des morts de vendredi.<\/p>\n<p>Toute la journ\u00e9e, des op\u00e9rations ont \u00e9t\u00e9 men\u00e9es en cascade en Belgique pour intercepter notamment <strong>Salah Abdeslam, plus que jamais consid\u00e9r\u00e9 comme la \u00abcible prioritaire\u00bb<\/strong> de tous les services. Alors que Mohammed, troisi\u00e8me de la fratrie, a \u00e9t\u00e9 lib\u00e9r\u00e9, jurant ne pas savoir o\u00f9 se trouve Salah, deux suspects appr\u00e9hend\u00e9s samedi ont \u00e9t\u00e9 quant \u00e0 eux plac\u00e9s sous mandat d&rsquo;arr\u00eat pour \u00abparticipation \u00e0 un attentat terroriste et aux activit\u00e9s d&rsquo;un groupe terroriste\u00bb. Parmi eux, figure<strong>Mohamed Amri<\/strong>, propri\u00e9taire de la Golf 3 qui a \u00abexfiltr\u00e9\u00bb Salah Abdeslam vers la Belgique au lendemain des attentats de Paris. Du nitrate, pouvant entrer dans la composition du TATP, a par ailleurs \u00e9t\u00e9 saisi en perquisition.<\/p>\n<p>Preuve, s&rsquo;il en \u00e9tait besoin, que la traque est europ\u00e9enne, les policiers allemands entendent depuis samedi un Alg\u00e9rien de 39 ans interpell\u00e9 dans un foyer de r\u00e9fugi\u00e9s de l&rsquo;Ouest du pays: devant d&rsquo;autres migrants, il aurait assur\u00e9 dimanche ou lundi dernier que \u00abquatre jours plus tard une bombe ou des bombes allaient exploser \u00e0 Paris\u00bb. Des v\u00e9rifications \u00e9taient toujours en cours pour \u00e9tablir une \u00e9ventuelle \u00abnon-d\u00e9nonciation de crime\u00bb.<\/p>\n<h2>Perquisitions \u00e0 Drancy et Bobigny<\/h2>\n<p>En France, la police met la pression sur les familles des kamikazes identifi\u00e9s. Ainsi, trois membres de l&rsquo;entourage de Samy Amimour ont \u00e9t\u00e9 plac\u00e9s en garde \u00e0 vue lundi alors que des perquisitions ont eu lieu \u00e0 Drancy (Seine-Saint-Denis), d&rsquo;o\u00f9 le terroriste est originaire. Par ailleurs, sept membres de l&rsquo;entourage de Isma\u00ebl Omar Mostefa\u00ef, originaire de Courcouronnes (Essonne) ont d\u00fb r\u00e9pondre aux questions des enqu\u00eateurs. Selon nos informations, apr\u00e8s avoir exploit\u00e9 le GPS de la Seat, ils ont pass\u00e9 au crible un appartement de Bobigny lou\u00e9 selon sa propri\u00e9taire \u00e0 Brahim Abdeslam pendant une semaine au moment des attentats. Abritant des t\u00e9l\u00e9phones portables et des puces, il pourrait bien \u00eatre le local conspiratif o\u00f9 les kamikazes ont pu se retrouver avant de semer la mort.<\/p>\n<p><a href=\"http:\/\/www.lefigaro.fr\/actualite-france\/2015\/11\/16\/01016-20151116ARTFIG00378-attentats-de-paris-une-attaque-decidee-en-syrie-etorganisee-en-belgique.php\">Le Figaro<\/a><\/p>\n<\/div>\n<\/div>\n","protected":false},"excerpt":{"rendered":"<p>Par Christophe Cornevin Alors que Salah Abdeslam, rescap\u00e9 pr\u00e9sum\u00e9 des kamikazes, est recherch\u00e9, les policiers auraient retrouv\u00e9 l&rsquo;appartement conspiratif des commandos, \u00e0 Bobigny. \u25cf\u00a0Cinq des kamikazes identifi\u00e9s \u00c0 mesure que progresse l&rsquo;enqu\u00eate \u00e9clair portant sur les attentats qui ont foudroy\u00e9 vendredi dernier le c\u0153ur de Paris et le Stade de France, les limiers de la<\/p>\n","protected":false},"author":152,"featured_media":6503,"comment_status":"open","ping_status":"open","sticky":false,"template":"","format":"standard","meta":{"_uf_show_specific_survey":0,"_uf_disable_surveys":false,"footnotes":""},"categories":[22],"tags":[],"class_list":{"0":"post-6502","1":"post","2":"type-post","3":"status-publish","4":"format-standard","5":"has-post-thumbnail","7":"category-actualites-fr"},"aioseo_notices":[],"_links":{"self":[{"href":"https:\/\/middleeasttransparent.com\/fr\/wp-json\/wp\/v2\/posts\/6502","targetHints":{"allow":["GET"]}}],"collection":[{"href":"https:\/\/middleeasttransparent.com\/fr\/wp-json\/wp\/v2\/posts"}],"about":[{"href":"https:\/\/middleeasttransparent.com\/fr\/wp-json\/wp\/v2\/types\/post"}],"author":[{"embeddable":true,"href":"https:\/\/middleeasttransparent.com\/fr\/wp-json\/wp\/v2\/users\/152"}],"replies":[{"embeddable":true,"href":"https:\/\/middleeasttransparent.com\/fr\/wp-json\/wp\/v2\/comments?post=6502"}],"version-history":[{"count":0,"href":"https:\/\/middleeasttransparent.com\/fr\/wp-json\/wp\/v2\/posts\/6502\/revisions"}],"wp:featuredmedia":[{"embeddable":true,"href":"https:\/\/middleeasttransparent.com\/fr\/wp-json\/wp\/v2\/media\/6503"}],"wp:attachment":[{"href":"https:\/\/middleeasttransparent.com\/fr\/wp-json\/wp\/v2\/media?parent=6502"}],"wp:term":[{"taxonomy":"category","embeddable":true,"href":"https:\/\/middleeasttransparent.com\/fr\/wp-json\/wp\/v2\/categories?post=6502"},{"taxonomy":"post_tag","embeddable":true,"href":"https:\/\/middleeasttransparent.com\/fr\/wp-json\/wp\/v2\/tags?post=6502"}],"curies":[{"name":"wp","href":"https:\/\/api.w.org\/{rel}","templated":true}]}}