{"id":6491,"date":"2015-11-16T21:00:18","date_gmt":"2015-11-16T20:00:18","guid":{"rendered":"http:\/\/middleeasttransparent.com\/news\/?p=6491"},"modified":"2016-05-09T19:48:37","modified_gmt":"2016-05-09T18:48:37","slug":"qui-est-abdelhamid-abaaoud-le-commanditaire-presume-des-attentats-du-13-novembre","status":"publish","type":"post","link":"https:\/\/middleeasttransparent.com\/fr\/qui-est-abdelhamid-abaaoud-le-commanditaire-presume-des-attentats-du-13-novembre\/","title":{"rendered":"Qui est Abdelhamid Abaaoud, le commanditaire pr\u00e9sum\u00e9 des attentats du 13 novembre\u00a0?"},"content":{"rendered":"<div class=\"toolbar\">\n<div class=\"conteneur_barre_outils\">\n<div class=\"barre_outils\"><em>Clich\u00e9 non dat\u00e9 d\u2019Abdelhamid Abaaoud, devant le drapeau de l\u2019Etat islamique et publi\u00e9 dans le num\u00e9ro de f\u00e9vrier de la revue officielle djihadiste \u00ab\u00a0Dabiq\u00a0\u00bb. <span class=\"source_image\" data-copyright=\"Dabiq\">DABIQ<\/span><\/em><\/div>\n<\/div>\n<\/div>\n<div id=\"articleBody\" class=\"contenu_article js_article_body\"><\/div>\n<h1 class=\"tt2\"><span class=\"signature_article\"><span class=\"auteur txt2_120\"><a class=\"auteur\" href=\"http:\/\/www.lemonde.fr\/journaliste\/soren-seelow\/\" target=\"_blank\">Soren Seelow<\/a><\/span><\/span><\/h1>\n<p>&nbsp;<\/p>\n<div class=\"toolbar\">\n<div class=\"conteneur_barre_outils\">\n<div class=\"barre_outils\">Il est encore trop t\u00f4t pour <a class=\"lien_interne conjug\" title=\"Conjugaison du verbe \u00e9tablir\" href=\"http:\/\/conjugaison.lemonde.fr\/conjugaison\/deuxieme-groupe\/%C3%A9tablir\/\" target=\"_blank\">\u00e9tablir<\/a> son degr\u00e9 de responsabilit\u00e9 dans les attentats qui ont fait au moins 129\u00a0morts \u00e0 <a class=\"lien_interne rub\" title=\"Toute l\u2019actualit\u00e9 Paris\" href=\"http:\/\/www.lemonde.fr\/paris\/\">Paris<\/a>et <a class=\"lien_interne rub\" title=\"Toute l\u2019actualit\u00e9 Saint-Denis\" href=\"http:\/\/www.lemonde.fr\/saint-denis\/\">Saint-Denis<\/a>, vendredi\u00a013\u00a0novembre. Mais les enqu\u00eateurs ont d\u00e9sormais une certitude\u00a0: Abdelhamid Abaaoud, un djihadiste belge qui a rejoint les rangs de l\u2019<a class=\"lien_interne rub\" title=\"Toute l\u2019actualit\u00e9 Etat islamique\" href=\"http:\/\/www.lemonde.fr\/etat-islamique\/\">Etat islamique<\/a> (EI) au d\u00e9but de 2013, a particip\u00e9 d\u2019une fa\u00e7on ou d\u2019une autre \u00e0 l\u2019\u00e9laboration des attaques simultan\u00e9es qui ont endeuill\u00e9 la capitale fran\u00e7aise.<\/div>\n<\/div>\n<\/div>\n<div id=\"articleBody\" class=\"contenu_article js_article_body\">\n<p>Il est \u00e9tabli qu\u2019Abdelhamid Abaaoud est un proche de l\u2019un des auteurs pr\u00e9sum\u00e9s de l\u2019attaque\u00a0: Salah Abdeslam, actuellement en cavale et fr\u00e8re du kamikaze qui s\u2019est fait <a class=\"lien_interne conjug\" title=\"Conjugaison du verbe exploser\" href=\"http:\/\/conjugaison.lemonde.fr\/conjugaison\/premier-groupe\/exploser\/\" target=\"_blank\">exploser<\/a> dans le bar Comptoir Voltaire (11<sup>e<\/sup> arrondissement) sans <a class=\"lien_interne conjug\" title=\"Conjugaison du verbe faire\" href=\"http:\/\/conjugaison.lemonde.fr\/conjugaison\/troisieme-groupe\/faire\/\" target=\"_blank\">faire<\/a> de mort. Les deux hommes ont \u00e9t\u00e9 incarc\u00e9r\u00e9s ensemble en\u00a02010 en <a class=\"lien_interne rub\" title=\"Toute l\u2019actualit\u00e9 Belgique\" href=\"http:\/\/www.lemonde.fr\/belgique\/\">Belgique<\/a> pour des affaires de braquage.<\/p>\n<p class=\"lire\">Lire aussi\u00a0: <a href=\"http:\/\/www.lemonde.fr\/les-decodeurs\/article\/2015\/11\/15\/que-sait-on-des-auteurs-des-attaques-du-13-novembre_4810502_4355770.html\">Attentats du 13 novembre : que sait-on des terroristes\u00a0impliqu\u00e9s\u00a0?<\/a><\/p>\n<h2 class=\"intertitre\">Cible potentielle des frappes a\u00e9riennes fran\u00e7aises<\/h2>\n<p>Or Abdelhamid Abaaoud, un Belge de 28\u00a0ans originaire de Molenbeek-Saint-Jean, est une des figures les plus m\u00e9diatiques du djihadisme belge en raison notamment de son activit\u00e9 sur les<a class=\"lien_interne rub\" title=\"Toute l\u2019actualit\u00e9 r\u00e9seaux sociaux\" href=\"http:\/\/www.lemonde.fr\/reseaux-sociaux\/\">r\u00e9seaux sociaux<\/a> depuis\u00a02013. Il est par ailleurs consid\u00e9r\u00e9 depuis plusieurs mois par les services de renseignement fran\u00e7ais comme l\u2019un des principaux architectes des projets d\u2019attaques visant le sol fran\u00e7ais.<\/p>\n<p>Les enqu\u00eateurs le soup\u00e7onnent fortement, sans que son degr\u00e9 d\u2019implication puisse <a class=\"lien_interne conjug\" title=\"Conjugaison du verbe \u00eatre\" href=\"http:\/\/conjugaison.lemonde.fr\/conjugaison\/auxiliaire\/%C3%AAtre\/\" target=\"_blank\">\u00eatre<\/a> \u00e9tabli avec certitude, d\u2019avoir jou\u00e9 un r\u00f4le dans<a href=\"http:\/\/www.lemonde.fr\/police-justice\/article\/2015\/08\/03\/sur-la-piste-des-commanditaires-de-l-attentat-dejoue-de-villejuif_4709532_1653578.html\"> l\u2019attentat avort\u00e9 contre une \u00e9glise de Villejuif, le 19\u00a0avril 2015,<\/a> un <a class=\"lien_interne rub\" title=\"Toute l\u2019actualit\u00e9 projet\" href=\"http:\/\/www.lemonde.fr\/projet\/\">projet<\/a> d\u00e9jou\u00e9 d\u2019attaque contre une salle de concert, dont l\u2019auteur avait \u00e9t\u00e9 interpell\u00e9 le 11\u00a0ao\u00fbt, <a href=\"http:\/\/www.lemonde.fr\/police-justice\/article\/2015\/08\/22\/un-attentat-sanglant-evite-dans-le-thalys_4733478_1653578.html\">et l\u2019attaque du Thalys dix jours plus tard, le 21\u00a0ao\u00fbt.<\/a> Il \u00e9tait \u00e9galement en contact avec<a href=\"http:\/\/www.lemonde.fr\/societe\/article\/2014\/09\/08\/mehdi-nemmouche-ce-que-l-on-sait-de-son-parcours_4483458_3224.html\">Mehdi Nemmouche, le tueur du Mus\u00e9e juif de Bruxelles du 24\u00a0mai 2014.<\/a><\/p>\n<p>Selon une source proche des services de renseignement, cet individu \u00e9tait consid\u00e9r\u00e9 comme suffisamment dangereux pour que son nom ait circul\u00e9 \u00e0 la fin de septembre comme \u00e9tant une des cibles potentielles des frappes a\u00e9riennes fran\u00e7aises.<\/p>\n<h2 class=\"intertitre\">Cerveau pr\u00e9sum\u00e9 d\u2019un r\u00e9seau d\u00e9mantel\u00e9 en Belgique<\/h2>\n<p>Abdelhamid Abaaoud, alias Abou Omar Al-Soussi, fait pour la premi\u00e8re fois les gros titres de la presse quelques jours seulement apr\u00e8s les attentats du 7\u00a0janvier contre <em>Charlie Hebdo<\/em>. Il est en effet consid\u00e9r\u00e9 comme le <a class=\"lien_interne rub\" title=\"Toute l\u2019actualit\u00e9 cerveau\" href=\"http:\/\/www.lemonde.fr\/cerveau\/\">cerveau<\/a> d\u2019un r\u00e9seau d\u00e9mantel\u00e9 le 15\u00a0janvier \u00e0 Verviers, en Belgique, dont deux membres avaient \u00e9t\u00e9 tu\u00e9s par les forces de <a class=\"lien_interne rub\" title=\"Toute l\u2019actualit\u00e9 police\" href=\"http:\/\/www.lemonde.fr\/police\/\">police<\/a> belges.<\/p>\n<p>Cette cellule projetait de <a class=\"lien_interne conjug\" title=\"Conjugaison du verbe passer\" href=\"http:\/\/conjugaison.lemonde.fr\/conjugaison\/premier-groupe\/passer\/\" target=\"_blank\">passer<\/a> \u00e0 l\u2019acte le 16\u00a0janvier et pouvait, selon les \u00e9coutes effectu\u00e9es, <a class=\"lien_interne conjug\" title=\"Conjugaison du verbe compter\" href=\"http:\/\/conjugaison.lemonde.fr\/conjugaison\/premier-groupe\/compter\/\" target=\"_blank\">compter<\/a> sur l\u2019appui d\u2019une dizaine d\u2019<em>\u00ab\u00a0\u00e9trangers\u00a0\u00bb<\/em>. D\u00e9j\u00e0 \u00e0 l\u2019\u00e9poque, les enqu\u00eateurs belges collaboraient \u00e9troitement avec divers services europ\u00e9ens pour <a class=\"lien_interne conjug\" title=\"Conjugaison du verbe tenter\" href=\"http:\/\/conjugaison.lemonde.fr\/conjugaison\/premier-groupe\/tenter\/\" target=\"_blank\">tenter<\/a> de <a class=\"lien_interne conjug\" title=\"Conjugaison du verbe d\u00e9terminer\" href=\"http:\/\/conjugaison.lemonde.fr\/conjugaison\/premier-groupe\/d%C3%A9terminer\/\" target=\"_blank\">d\u00e9terminer<\/a> jusqu\u2019o\u00f9 s\u2019\u00e9tendait ce r\u00e9seau et <a class=\"lien_interne conjug\" title=\"Conjugaison du verbe creuser\" href=\"http:\/\/conjugaison.lemonde.fr\/conjugaison\/premier-groupe\/creuser\/\" target=\"_blank\">creuser<\/a> <a class=\"lien_interne bourse\" href=\"http:\/\/www.lemonde.fr\/bourse\/nyse-euronext-paris-equities\/ses\/\">ses<\/a> \u00e9ventuelles ramifications avec la <a class=\"lien_interne rub\" title=\"Toute l\u2019actualit\u00e9 France\" href=\"http:\/\/www.lemonde.fr\/europeennes-france\/\">France<\/a>.<\/p>\n<p class=\"lire\">Lire aussi\u00a0: <a href=\"http:\/\/www.lemonde.fr\/europe\/article\/2015\/11\/16\/molenbeek-la-plaque-tournante-belge-du-terrorisme-islamiste_4810617_3214.html\">Molenbeek, la plaque tournante belge du terrorisme islamiste<\/a><\/p>\n<p>Le 19\u00a0avril 2015, Sid Ahmed Ghlam, un \u00e9tudiant alg\u00e9rien, est interpell\u00e9 apr\u00e8s s\u2019\u00eatre tir\u00e9 une balle dans la jambe. Il est soup\u00e7onn\u00e9 d\u2019avoir assassin\u00e9 une jeune femme \u00e0 Villejuif et d\u2019avoir projet\u00e9 de <a class=\"lien_interne conjug\" title=\"Conjugaison du verbe mitrailler\" href=\"http:\/\/conjugaison.lemonde.fr\/conjugaison\/premier-groupe\/mitrailler\/\" target=\"_blank\">mitrailler<\/a> le matin m\u00eame la sortie de messe d\u2019une \u00e9glise dans la ville.<\/p>\n<p>En l\u2019\u00e9tat actuel de l\u2019<a class=\"lien_interne rub\" title=\"Toute l\u2019actualit\u00e9 enqu\u00eate\" href=\"http:\/\/www.lemonde.fr\/enquetes\/\">enqu\u00eate<\/a>, Abdelhamid Abaaoud n\u2019appara\u00eet pas avec certitude comme un commanditaire de cette op\u00e9ration. Les enqu\u00eateurs le suspectent par contre fortement d\u2019\u00eatre impliqu\u00e9 dans le projet, explique au <em>Monde<\/em> une source polici\u00e8re.<\/p>\n<h2 class=\"intertitre\">\u00ab\u00a0Ils cherchent vraiment \u00e0 <a class=\"lien_interne conjug\" title=\"Conjugaison du verbe frapper\" href=\"http:\/\/conjugaison.lemonde.fr\/conjugaison\/premier-groupe\/frapper\/\" target=\"_blank\">frapper<\/a> la France et l\u2019<a class=\"lien_interne rub\" title=\"Toute l\u2019actualit\u00e9 Europe\" href=\"http:\/\/www.lemonde.fr\/europe\/\">Europe<\/a>\u00a0\u00bb<\/h2>\n<p>Le 11\u00a0ao\u00fbt, un djihadiste fran\u00e7ais, Reda Hame, est interpell\u00e9 \u00e0 son retour de <a class=\"lien_interne rub\" title=\"Toute l\u2019actualit\u00e9 Syrie\" href=\"http:\/\/www.lemonde.fr\/syrie\/\">Syrie<\/a>. Il reconna\u00eet en garde \u00e0 vue s\u2019\u00eatre entra\u00een\u00e9 pendant six jours dans un camp de Rakka avant d\u2019\u00eatre missionn\u00e9 pour <a class=\"lien_interne conjug\" title=\"Conjugaison du verbe rentrer\" href=\"http:\/\/conjugaison.lemonde.fr\/conjugaison\/premier-groupe\/rentrer\/\" target=\"_blank\">rentrer<\/a> en Europe. Cette fois-ci, le nom d\u2019Abdelhamid Abaaoud appara\u00eet de fa\u00e7on explicite. Il est d\u00e9sign\u00e9 comme le commanditaire qui aurait demand\u00e9 \u00e0 Reda Hame de passer par Prague, pour <a class=\"lien_interne conjug\" title=\"Conjugaison du verbe \u00e9viter\" href=\"http:\/\/conjugaison.lemonde.fr\/conjugaison\/premier-groupe\/%C3%A9viter\/\" target=\"_blank\">\u00e9viter<\/a> d\u2019\u00eatre rep\u00e9r\u00e9, avant de frapper la France. Il aurait remis au jeune homme une cl\u00e9 USB contenant des logiciels de cryptage et 2\u00a0000\u00a0euros en lui demandant de <a class=\"lien_interne conjug\" title=\"Conjugaison du verbe viser\" href=\"http:\/\/conjugaison.lemonde.fr\/conjugaison\/premier-groupe\/viser\/\" target=\"_blank\">viser<\/a> une cible <em>\u00ab\u00a0facile\u00a0\u00bb<\/em>, telle une <em>\u00ab\u00a0salle de concert\u00a0\u00bb<\/em>, pour <em>\u00ab\u00a0faire un maximum de victimes\u00a0\u00bb<\/em>.<\/p>\n<p>Interrog\u00e9 durant sa garde \u00e0 vue sur l\u2019existence d\u2019autres projets d\u2019attaques, Reda Hame avait pr\u00e9venu les enqu\u00eateurs\u00a0: <em>\u00ab\u00a0Tout ce que je peux <a class=\"lien_interne rub\" title=\"Toute l\u2019actualit\u00e9 vous\" href=\"http:\/\/www.lemonde.fr\/vous\/\">vous<\/a> <a class=\"lien_interne conjug\" title=\"Conjugaison du verbe dire\" href=\"http:\/\/conjugaison.lemonde.fr\/conjugaison\/troisieme-groupe\/dire\/\" target=\"_blank\">dire<\/a>, c\u2019est que cela va <a class=\"lien_interne conjug\" title=\"Conjugaison du verbe arriver\" href=\"http:\/\/conjugaison.lemonde.fr\/conjugaison\/premier-groupe\/arriver\/\" target=\"_blank\">arriver<\/a> tr\u00e8s bient\u00f4t. L\u00e0-bas, c\u2019\u00e9tait une vraie usine, et ils cherchent vraiment \u00e0 frapper la France et l\u2019Europe.\u00a0\u00bb<\/em><\/p>\n<p>Dix jours plus tard, un homme est ma\u00eetris\u00e9 dans un train Thalys alors qu\u2019il s\u2019appr\u00eate \u00e0 faire usage d\u2019une kalachnikov et d\u2019un pistolet automatique <a class=\"lien_interne conjug\" title=\"Conjugaison du verbe luger\" href=\"http:\/\/conjugaison.lemonde.fr\/conjugaison\/premier-groupe\/luger\/\" target=\"_blank\">Luger<\/a>. N\u00e9 \u00e0 T\u00e9touan, dans le nord du <a class=\"lien_interne rub\" title=\"Toute l\u2019actualit\u00e9 Maroc\" href=\"http:\/\/www.lemonde.fr\/maroc\/\">Maroc<\/a>, le suspect, Ayoub El-Khazzani, avait s\u00e9journ\u00e9 quelque temps en Belgique avant de passer \u00e0 l\u2019acte. Comme dans le dossier de l\u2019\u00e9glise de Villejuif, le nom d\u2019Abdelhamid Abaaoud revient avec insistance sans que son degr\u00e9 d\u2019implication puisse \u00eatre \u00e9tabli avec certitude. L\u2019assaillant du Thalys aurait \u00e9t\u00e9 en lien avec une mouvance djihadiste belge proche d\u2019Abdelhamid Abaaoud.<\/p>\n<p>L\u2019analyse t\u00e9l\u00e9phonique a par ailleurs permis d\u2019\u00e9tablir qu\u2019Abdelhamid Abaaoud avait \u00e9t\u00e9 en contact avec Mehdi Nemmouche en janvier\u00a02014, quatre mois avant le quadruple assassinat du Mus\u00e9e juif de Belgique, \u00e0 Bruxelles. Selon le journaliste sp\u00e9cialis\u00e9 dans les mouvements djihadistes David Thomson, Abdelhamid Abaaoud a d\u2019ailleurs fait partie du groupe de combattants auquel appartenait <a class=\"lien_interne rub\" title=\"Toute l\u2019actualit\u00e9 Mehdi Nemmouche\" href=\"http:\/\/www.lemonde.fr\/tuerie-de-bruxelles\/\">Mehdi Nemmouche<\/a>.<\/p>\n<h2 class=\"intertitre\">Des allers-retours entre la Syrie et la Belgique<\/h2>\n<p>Le parcours d\u2019Abdelhamid Abaaoud est une preuve \u00e9difiante des rat\u00e9s des services de renseignement belges. Parti en Syrie au d\u00e9but de 2013, il serait rentr\u00e9 en Belgique \u00e0 la fin de cette m\u00eame ann\u00e9e en passant par la <a class=\"lien_interne rub\" title=\"Toute l\u2019actualit\u00e9 Gr\u00e8ce\" href=\"http:\/\/www.lemonde.fr\/grece\/\">Gr\u00e8ce<\/a> pour <a class=\"lien_interne conjug\" title=\"Conjugaison du verbe repartir\" href=\"http:\/\/conjugaison.lemonde.fr\/conjugaison\/troisieme-groupe\/repartir\/\" target=\"_blank\">repartir<\/a> ensuite sans \u00eatre inqui\u00e9t\u00e9 par les autorit\u00e9s belges, explique une source proche du dossier. En mars\u00a02014, il appara\u00eet dans une vid\u00e9o de propagande de l\u2019Etat islamique \u00e0 bord d\u2019un v\u00e9hicule tra\u00eenant des cadavres au sol.<\/p>\n<p>En f\u00e9vrier\u00a02015, Abdelhamid Abaaoud s\u2019\u00e9tait vant\u00e9 dans <a class=\"lien_interne rub\" title=\"Toute l\u2019actualit\u00e9 le magazine\" href=\"http:\/\/www.lemonde.fr\/le-magazine\/\">le magazine<\/a> de l\u2019Etat islamique <em>Dabiq<\/em> de ses multiples allers-retours entre la Syrie et la Belgique.<a href=\"https:\/\/twitter.com\/_DavidThomson\/status\/565810264478842880?ref_src=twsrc%5Etfw\"> Selon David Thomson,<\/a> il affirme <a class=\"lien_interne conjug\" title=\"Conjugaison du verbe avoir\" href=\"http:\/\/conjugaison.lemonde.fr\/conjugaison\/auxiliaire\/avoir\/\" target=\"_blank\">avoir<\/a>s\u00e9journ\u00e9 en Belgique jusqu\u2019\u00e0 l\u2019attentat d\u00e9jou\u00e9 de Verviers, en janvier\u00a02015, qui l\u2019aurait incit\u00e9 \u00e0 <a class=\"lien_interne conjug\" title=\"Conjugaison du verbe regagner\" href=\"http:\/\/conjugaison.lemonde.fr\/conjugaison\/premier-groupe\/regagner\/\" target=\"_blank\">regagner<\/a> la Syrie\u2026 sans \u00eatre intercept\u00e9.<\/p>\n<p><em><strong>Mise \u00e0 jour \u00e0 20h30 : Dans une pr\u00e9c\u00e9dente version de cet article, nous avons publi\u00e9 une <a class=\"lien_interne rub\" title=\"Toute l\u2019actualit\u00e9 photo\" href=\"http:\/\/www.lemonde.fr\/photo\/\">photo<\/a> d\u2019Abdelhamid Abaaoud provenant de la propagande djihadiste. Plusieurs commentaires nous ont alert\u00e9 sur l\u2019aspect esth\u00e9tisant que pouvait avoir ce clich\u00e9. Nous comprennons ces remarques et l\u2019avons donc retir\u00e9.<\/strong><\/em><\/p>\n<\/div>\n<p><a href=\"http:\/\/www.lemonde.fr\/attaques-a-paris\/article\/2015\/11\/16\/qui-est-abdelhamid-abaaoud-le-commanditaire-presume-des-attaques-de-paris_4811009_4809495.html#sb2jCPkMJhgL3er2.99\">Le Monde\u00a0\u00a0<\/a><\/p>\n","protected":false},"excerpt":{"rendered":"<p>Clich\u00e9 non dat\u00e9 d\u2019Abdelhamid Abaaoud, devant le drapeau de l\u2019Etat islamique et publi\u00e9 dans le num\u00e9ro de f\u00e9vrier de la revue officielle djihadiste \u00ab\u00a0Dabiq\u00a0\u00bb. DABIQ Soren Seelow &nbsp; Il est encore trop t\u00f4t pour \u00e9tablir son degr\u00e9 de responsabilit\u00e9 dans les attentats qui ont fait au moins 129\u00a0morts \u00e0 Pariset Saint-Denis, vendredi\u00a013\u00a0novembre. Mais les enqu\u00eateurs<\/p>\n","protected":false},"author":134,"featured_media":6492,"comment_status":"open","ping_status":"open","sticky":false,"template":"","format":"standard","meta":{"_uf_show_specific_survey":0,"_uf_disable_surveys":false,"footnotes":""},"categories":[22],"tags":[],"class_list":{"0":"post-6491","1":"post","2":"type-post","3":"status-publish","4":"format-standard","5":"has-post-thumbnail","7":"category-actualites-fr"},"aioseo_notices":[],"_links":{"self":[{"href":"https:\/\/middleeasttransparent.com\/fr\/wp-json\/wp\/v2\/posts\/6491","targetHints":{"allow":["GET"]}}],"collection":[{"href":"https:\/\/middleeasttransparent.com\/fr\/wp-json\/wp\/v2\/posts"}],"about":[{"href":"https:\/\/middleeasttransparent.com\/fr\/wp-json\/wp\/v2\/types\/post"}],"author":[{"embeddable":true,"href":"https:\/\/middleeasttransparent.com\/fr\/wp-json\/wp\/v2\/users\/134"}],"replies":[{"embeddable":true,"href":"https:\/\/middleeasttransparent.com\/fr\/wp-json\/wp\/v2\/comments?post=6491"}],"version-history":[{"count":0,"href":"https:\/\/middleeasttransparent.com\/fr\/wp-json\/wp\/v2\/posts\/6491\/revisions"}],"wp:featuredmedia":[{"embeddable":true,"href":"https:\/\/middleeasttransparent.com\/fr\/wp-json\/wp\/v2\/media\/6492"}],"wp:attachment":[{"href":"https:\/\/middleeasttransparent.com\/fr\/wp-json\/wp\/v2\/media?parent=6491"}],"wp:term":[{"taxonomy":"category","embeddable":true,"href":"https:\/\/middleeasttransparent.com\/fr\/wp-json\/wp\/v2\/categories?post=6491"},{"taxonomy":"post_tag","embeddable":true,"href":"https:\/\/middleeasttransparent.com\/fr\/wp-json\/wp\/v2\/tags?post=6491"}],"curies":[{"name":"wp","href":"https:\/\/api.w.org\/{rel}","templated":true}]}}