{"id":6478,"date":"2015-11-16T02:01:38","date_gmt":"2015-11-16T01:01:38","guid":{"rendered":"http:\/\/middleeasttransparent.com\/news\/?p=6478"},"modified":"2024-09-28T16:27:52","modified_gmt":"2024-09-28T15:27:52","slug":"zineb-el-rhazoui-sur-rmc-il-faudrait-arreter-daccepter-que-ces-pleurnichards-de-la-stigmatisation-nous-imposent-leur-standard","status":"publish","type":"post","link":"https:\/\/middleeasttransparent.com\/fr\/zineb-el-rhazoui-sur-rmc-il-faudrait-arreter-daccepter-que-ces-pleurnichards-de-la-stigmatisation-nous-imposent-leur-standard\/","title":{"rendered":"Zineb El Rhazoui : \u00ab\u00a0Il faudrait arr\u00eater d&rsquo;accepter que ces pleurnichards de la stigmatisation nous imposent leur standard\u00a0\u00bb"},"content":{"rendered":"<header class=\"header\">\n<div class=\"row\"><\/div>\n<\/header>\n<div class=\"row\">\n<div class=\"col-md-1000-7 decroche-art bg-color-1 art-spacing col-xs-7\">\n<h3 class=\"main-video\">\u00a0Vive r\u00e9action de Zineb El Rhazoui, journaliste Charlie Hebdo ce dimanche sur RMC. Selon elle, il faut condamner beaucoup plus durement l&rsquo;islamisme radical.<\/h3>\n<div class=\"padding-bottomx2 blocx2 border-b-s\">\n<div class=\"links-color bloc\">\n<h3>&gt; Sur Daesh<\/h3>\n<p>Ce que nous devrions comprendre c&rsquo;est que Daesh n&rsquo;est que la forme conjoncturelle d&rsquo;un probl\u00e8me qui existe depuis bien plus longtemps et qui continuera \u00e0 exister quand Daesh disparaitra. Nous r\u00e9ussirons peut-\u00eatre autant \u00e0 d\u00e9truire Daesh que les Etats-Unis ont r\u00e9ussi \u00e0 d\u00e9truire Al-Qa\u00efda.<\/p>\n<p>Le ver est dans le fruit, le probl\u00e8me c&rsquo;est qu&rsquo;ici en France, nous produisons des terroristes, nous produisons cette id\u00e9ologie de mort et nous la produisons non pas \u00e0 cause de notre syst\u00e8me scolaire.<\/p>\n<p>Il est temps d&rsquo;appeler les choses par leur nom. Il est temps d&rsquo;aborder les vraies questions. Quand j&rsquo;entends que l&rsquo;imam de Villetaneuse condamne ce qui vient de se passer j&rsquo;ai envie de dire \u00ab\u00a0merci, c&rsquo;est gentil\u00a0\u00bb mais vous en tant qu&rsquo;imam, vous ne pensez pas qu&rsquo;il faille faire une v\u00e9ritable introspection dans ce que vous enseignez \u00e0 vous ouailles, <strong>est-ce qu&rsquo;il n&rsquo;est pas temps de se poser des questions sur pourquoi l&rsquo;islam produit cet islamo-fascisme sous diff\u00e9rentes formes?<\/strong><\/p>\n<h3>&gt; La France se trompe-t-elle de strat\u00e9gie?<\/h3>\n<p>Je pense que c&rsquo;est la v\u00e9ritable question: pourquoi avons-nous une jeunesse qui c\u00e8de \u00e0 l&rsquo;id\u00e9ologie de la mort? Ce n&rsquo;est pas en bombardant Raqqa et en s&rsquo;alliant avec la Syrie que nous allons \u00e9radiquer le terrorisme en France. Ce combat peut paraitre d\u00e9sesp\u00e9r\u00e9 tant qu&rsquo;on continue \u00e0 se tromper de strat\u00e9gie depuis longtemps.<\/p>\n<p><strong>Nous avons accept\u00e9 d&rsquo;\u00eatre les otages de cette fa\u00e7on de penser qui fait que quand nous nous en prenons aux plus radicaux des musulmans, nous sommes tout de suite tax\u00e9s de racisme. La France n&rsquo;a pas de le\u00e7on \u00e0 recevoir de ces assassins dont la plupart sont align\u00e9s avec des pays qui sont bien plus racistes que la France.<\/strong><\/p>\n<h3><strong>&gt; Quelle r\u00e9ponse face \u00e0 l&rsquo;islamisme?<\/strong><\/h3>\n<p>En France, nous avons bien plus de musulmans dans ce pays que dans les organisations terroristes, il faudrait que nous arr\u00eations d&rsquo;accepter que ces pleurnichards de la stigmatisation derri\u00e8re leurs burqas ou leurs barbes nous imposent leur standard radicalis\u00e9 comme \u00e9tant le standard de toute une identit\u00e9 dans ce pays.<\/p>\n<p><strong>Nous n&rsquo;avons pas \u00e0 c\u00e9der \u00e0 \u00e7a. On peut s&rsquo;indigner que la messe soit donn\u00e9e en latin mais on ne peut pas mettre notre nez dans ce qui se passe dans les mosqu\u00e9es.<\/strong><\/p>\n<p>Tant que ce discours-l\u00e0 sera abandonn\u00e9 \u00e0 l&rsquo;extr\u00eame droite, tant que les formations politiques classiques continueront \u00e0 penser qu&rsquo;en d\u00e9non\u00e7ant cela elles peuvent \u00eatre tax\u00e9es de racisme on continuera \u00e0 rester dans ce d\u00e9sespoir-l\u00e0.<\/p>\n<p><strong>Pour moi l&rsquo;islam n&rsquo;est pas une race<\/strong>, la radicalit\u00e9 n&rsquo;appartient \u00e0 aucune race et le d\u00e9noncer c&rsquo;est se r\u00e9f\u00e9rer \u00e0 des principes d\u00e9mocratiques. Nous devons comprendre <strong>qu&rsquo;il est temps d&rsquo;arr\u00eater de transiger sur les violations faites \u00e0 la d\u00e9mocratie, \u00e0 l&rsquo;\u00e9galit\u00e9 hommes-femmes au nom du diff\u00e9rentialisme culturel.<\/strong><\/p>\n<\/div>\n<p><a href=\"http:\/\/rmc.bfmtv.com\/emission\/zineb-el-rhazoui-sur-rmc-il-faudrait-arreter-d-accepter-que-ces-pleurnichards-de-la-stigmatisation-nous-imposent-leur-standard-930343.html\">BFM TV<\/a><\/p>\n<\/div>\n<\/div>\n<\/div>\n","protected":false},"excerpt":{"rendered":"<p>\u00a0Vive r\u00e9action de Zineb El Rhazoui, journaliste Charlie Hebdo ce dimanche sur RMC. Selon elle, il faut condamner beaucoup plus durement l&rsquo;islamisme radical. &gt; Sur Daesh Ce que nous devrions comprendre c&rsquo;est que Daesh n&rsquo;est que la forme conjoncturelle d&rsquo;un probl\u00e8me qui existe depuis bien plus longtemps et qui continuera \u00e0 exister quand Daesh disparaitra.<\/p>\n","protected":false},"author":87,"featured_media":6479,"comment_status":"open","ping_status":"open","sticky":false,"template":"","format":"standard","meta":{"_uf_show_specific_survey":0,"_uf_disable_surveys":false,"footnotes":""},"categories":[25],"tags":[],"class_list":{"0":"post-6478","1":"post","2":"type-post","3":"status-publish","4":"format-standard","5":"has-post-thumbnail","7":"category-decryptages"},"aioseo_notices":[],"_links":{"self":[{"href":"https:\/\/middleeasttransparent.com\/fr\/wp-json\/wp\/v2\/posts\/6478","targetHints":{"allow":["GET"]}}],"collection":[{"href":"https:\/\/middleeasttransparent.com\/fr\/wp-json\/wp\/v2\/posts"}],"about":[{"href":"https:\/\/middleeasttransparent.com\/fr\/wp-json\/wp\/v2\/types\/post"}],"author":[{"embeddable":true,"href":"https:\/\/middleeasttransparent.com\/fr\/wp-json\/wp\/v2\/users\/87"}],"replies":[{"embeddable":true,"href":"https:\/\/middleeasttransparent.com\/fr\/wp-json\/wp\/v2\/comments?post=6478"}],"version-history":[{"count":0,"href":"https:\/\/middleeasttransparent.com\/fr\/wp-json\/wp\/v2\/posts\/6478\/revisions"}],"wp:featuredmedia":[{"embeddable":true,"href":"https:\/\/middleeasttransparent.com\/fr\/wp-json\/wp\/v2\/media\/6479"}],"wp:attachment":[{"href":"https:\/\/middleeasttransparent.com\/fr\/wp-json\/wp\/v2\/media?parent=6478"}],"wp:term":[{"taxonomy":"category","embeddable":true,"href":"https:\/\/middleeasttransparent.com\/fr\/wp-json\/wp\/v2\/categories?post=6478"},{"taxonomy":"post_tag","embeddable":true,"href":"https:\/\/middleeasttransparent.com\/fr\/wp-json\/wp\/v2\/tags?post=6478"}],"curies":[{"name":"wp","href":"https:\/\/api.w.org\/{rel}","templated":true}]}}