{"id":6419,"date":"2015-11-15T15:43:42","date_gmt":"2015-11-15T14:43:42","guid":{"rendered":"http:\/\/middleeasttransparent.com\/news\/?p=6419"},"modified":"2015-11-15T15:43:42","modified_gmt":"2015-11-15T14:43:42","slug":"limam-de-bordeaux-les-musulmans-doivent-se-manifester-pour-dire-stop","status":"publish","type":"post","link":"https:\/\/middleeasttransparent.com\/fr\/limam-de-bordeaux-les-musulmans-doivent-se-manifester-pour-dire-stop\/","title":{"rendered":"L&rsquo;imam de Bordeaux : \u00ab\u00a0Les musulmans doivent se manifester pour dire stop\u00a0\u00bb"},"content":{"rendered":"<div id=\"article-header\">\n<h2><strong>INTERVIEW &#8211; Tareq Oubrou, imam de Bordeaux, s&rsquo;exprime dans le <i><a href=\"http:\/\/www.lejdd.fr\/Societe\/L-imam-de-Bordeaux-Les-musulmans-doivent-se-manifester-pour-dire-stop-759759\">JDD<\/a><\/i> apr\u00e8s les attentats qui ont ensanglant\u00e9 la capitale.<\/strong><\/h2>\n<\/div>\n<div id=\"article-body\">\n<div id=\"article-photo\">\n<h2><\/h2>\n<p><b>En tant que responsable religieux comment r\u00e9agissez-vous aux massacres de vendredi \u00e0 Paris?<\/b><br \/>\nMa premi\u00e8re r\u00e9action est celle d\u2019un citoyen, et c\u2019est l\u2019effroi et la consternation qui m\u2019assaillent. \u00adEnsuite, du point de vue religieux, la position de l\u2019islam est tr\u00e8s claire : ces meurtres appellent \u00e0 une triple condamnation \u2013\u00a0\u00e9thique, juridique et th\u00e9ologique. \u00c9thique parce qu\u2019aucune morale ne donne l\u2019autorisation de tuer des innocents. Juridique parce que ces actes ne respectent pas la guerre telle qu\u2019elle est dict\u00e9e dans la tradition musulmane. Th\u00e9ologique, enfin, parce que ces kamikazes sont persuad\u00e9s qu\u2019ils iront au paradis alors qu\u2019ils risquent davantage de se retrouver en enfer.<\/p>\n<\/div>\n<div id=\"article-content\">\n<p class=\"size-10\"><b><\/b><b>Pensez-vous pouvoir \u00eatre entendu sur ces questions aujourd\u2019hui?<\/b><br \/>\nCes th\u00e8mes sont d\u00e9j\u00e0 engag\u00e9s au niveau politique. Mais les r\u00e9ponses pour l\u2019instant ne sont pas \u00e0 la hauteur : elles ne s\u2019attaquent qu\u2019aux sympt\u00f4mes sans s\u2019attaquer aux causes de la crise soci\u00e9tale que nous traversons. Sur ce th\u00e8me, il faut aussi aborder la responsabilit\u00e9 des imams et des responsables musulmans. Les institutions musulmanes doivent parler, se manifester. D\u2019ailleurs, elles ont toutes fait des communiqu\u00e9s pour condamner ce qui s\u2019est pass\u00e9.<\/p>\n<p class=\"size-10\"><b><\/b><b>Est-ce suffisant?<\/b><br \/>\nC\u2019est n\u00e9cessaire mais pas suffisant. Les musulmans doivent aussi se manifester pour dire stop, pour dire qu\u2019on n\u2019accepte pas ces actions au nom de notre religion. Cela passe par la responsabilisation des musulmans en tant que citoyen. C\u2019est ce que nous essayons de faire dans nos pr\u00eaches et nos conf\u00e9rences. De ne pas rester dans la passivit\u00e9, de participer aux d\u00e9bats. De ne pas laisser ces gens-l\u00e0 confisquer leur religion.<\/p>\n<p class=\"size-10\"><a href=\"http:\/\/www.lejdd.fr\/Societe\/L-imam-de-Bordeaux-Les-musulmans-doivent-se-manifester-pour-dire-stop-759759\">JDD<\/a><\/p>\n<\/div>\n<\/div>\n","protected":false},"excerpt":{"rendered":"<p>INTERVIEW &#8211; Tareq Oubrou, imam de Bordeaux, s&rsquo;exprime dans le JDD apr\u00e8s les attentats qui ont ensanglant\u00e9 la capitale. En tant que responsable religieux comment r\u00e9agissez-vous aux massacres de vendredi \u00e0 Paris? Ma premi\u00e8re r\u00e9action est celle d\u2019un citoyen, et c\u2019est l\u2019effroi et la consternation qui m\u2019assaillent. \u00adEnsuite, du point de vue religieux, la position<\/p>\n","protected":false},"author":88,"featured_media":6420,"comment_status":"open","ping_status":"open","sticky":false,"template":"","format":"standard","meta":{"_uf_show_specific_survey":0,"_uf_disable_surveys":false,"footnotes":""},"categories":[22],"tags":[],"class_list":{"0":"post-6419","1":"post","2":"type-post","3":"status-publish","4":"format-standard","5":"has-post-thumbnail","7":"category-actualites-fr"},"aioseo_notices":[],"_links":{"self":[{"href":"https:\/\/middleeasttransparent.com\/fr\/wp-json\/wp\/v2\/posts\/6419","targetHints":{"allow":["GET"]}}],"collection":[{"href":"https:\/\/middleeasttransparent.com\/fr\/wp-json\/wp\/v2\/posts"}],"about":[{"href":"https:\/\/middleeasttransparent.com\/fr\/wp-json\/wp\/v2\/types\/post"}],"author":[{"embeddable":true,"href":"https:\/\/middleeasttransparent.com\/fr\/wp-json\/wp\/v2\/users\/88"}],"replies":[{"embeddable":true,"href":"https:\/\/middleeasttransparent.com\/fr\/wp-json\/wp\/v2\/comments?post=6419"}],"version-history":[{"count":0,"href":"https:\/\/middleeasttransparent.com\/fr\/wp-json\/wp\/v2\/posts\/6419\/revisions"}],"wp:featuredmedia":[{"embeddable":true,"href":"https:\/\/middleeasttransparent.com\/fr\/wp-json\/wp\/v2\/media\/6420"}],"wp:attachment":[{"href":"https:\/\/middleeasttransparent.com\/fr\/wp-json\/wp\/v2\/media?parent=6419"}],"wp:term":[{"taxonomy":"category","embeddable":true,"href":"https:\/\/middleeasttransparent.com\/fr\/wp-json\/wp\/v2\/categories?post=6419"},{"taxonomy":"post_tag","embeddable":true,"href":"https:\/\/middleeasttransparent.com\/fr\/wp-json\/wp\/v2\/tags?post=6419"}],"curies":[{"name":"wp","href":"https:\/\/api.w.org\/{rel}","templated":true}]}}