{"id":6382,"date":"2015-11-14T18:09:43","date_gmt":"2015-11-14T17:09:43","guid":{"rendered":"http:\/\/middleeasttransparent.com\/news\/?p=6382"},"modified":"2015-11-30T12:31:24","modified_gmt":"2015-11-30T11:31:24","slug":"presidence-de-la-fifa-cinq-candidatures-validees-platini-sagace","status":"publish","type":"post","link":"https:\/\/middleeasttransparent.com\/fr\/presidence-de-la-fifa-cinq-candidatures-validees-platini-sagace\/","title":{"rendered":"Pr\u00e9sidence de la FIFA\u00a0: cinq candidatures valid\u00e9es, Platini s\u2019agace"},"content":{"rendered":"<div class=\"body contenu_article js_article_body\">\n<figure class=\"illustration\">Ils sont actuellement cinq sur la ligne de d\u00e9part. Jeudi 12\u00a0novembre, la commission \u00e9lectorale ad hoc de la F\u00e9d\u00e9ration internationale de <a class=\"lien_interne rub\" title=\"Toute l\u2019actualit\u00e9 football\" href=\"http:\/\/www.lemonde.fr\/football\/\">football<\/a> (<a class=\"lien_interne rub\" title=\"Toute l\u2019actualit\u00e9 FIFA\" href=\"http:\/\/www.lemonde.fr\/corruption-a-la-fifa\/\">FIFA<\/a>) <a href=\"http:\/\/mobile.lemonde.fr\/football\/article\/2015\/11\/12\/la-candidature-de-platini-a-la-tete-de-la-fifa-sera-examinee-fin-janvier_4808077_1616938.html\">a officiellement valid\u00e9 cinq candidatures, d\u00e9pos\u00e9es avant le 26\u00a0octobre dans l\u2019optique du congr\u00e8s \u00e9lectif extraordinaire de l\u2019instance mondiale<\/a>, programm\u00e9 pour le 26\u00a0f\u00e9vrier 2016 \u00e0 Zurich. Pr\u00e9sid\u00e9e par l\u2019Italo-<a class=\"lien_interne rub\" title=\"Toute l\u2019actualit\u00e9 Suisse\" href=\"http:\/\/www.lemonde.fr\/suisse\/\">Suisse<\/a> Domenico Scala, ladite commission a fait son \u00ab\u00a0casting\u00a0\u00bb \u00e0 la suite du contr\u00f4le d\u2019int\u00e9grit\u00e9 effectu\u00e9 par la chambre d\u2019investigation du comit\u00e9 d\u2019\u00e9thique de la FIFA.<\/figure>\n<p style=\"text-align: left;\">Dirigeant de la F\u00e9d\u00e9ration du Liberia depuis 2010 et priv\u00e9 du soutien de la Conf\u00e9d\u00e9ration africaine de football (CAF), Musa Hassan Bility a vu sa candidature invalid\u00e9e par la commission \u00e9lectorale. L\u2019instance a indiqu\u00e9 dans <a href=\"http:\/\/www.fifa.com\/governance\/news\/y=2015\/m=11\/news=ad-hoc-electoral-committee-admits-five-candidates-for-fifa-presidentia-2732125.html\">un communiqu\u00e9 <\/a>qu\u2019elle ne rendrait pas publiques les raisons de cette d\u00e9cision. Le pr\u00e9tendant \u00e9cart\u00e9 a la possibilit\u00e9 de <a class=\"lien_interne conjug\" title=\"Conjugaison du verbe saisir\" href=\"http:\/\/conjugaison.lemonde.fr\/conjugaison\/deuxieme-groupe\/saisir\/\" target=\"_blank\">saisir<\/a> le Tribunal arbitral du <a class=\"lien_interne rub\" title=\"Toute l\u2019actualit\u00e9 sport\" href=\"http:\/\/www.lemonde.fr\/sport\/\">sport<\/a> (TAS).<\/p>\n<h3 class=\"intertitre\">LA CANDIDATURE DE MICHEL PLATINI SERA EXAMIN\u00c9E EN JANVIER<\/h3>\n<p>Comme il l\u2019avait indiqu\u00e9 en octobre dans une interview au<em> Financial Times<\/em>, Domenico Scala a mis de c\u00f4t\u00e9 la candidature du fran\u00e7ais Michel Platini, pr\u00e9sident de l\u2019Union des associations europ\u00e9ennes de football (UEFA) et favori \u00e0 la succession du patron sortant de la FIFA, \u00ab\u00a0Sepp\u00a0\u00bb Blatter.<\/p>\n<p>A l\u2019instar du patriarche du foot mondial, l\u2019ex-num\u00e9ro\u00a010 des Bleus <a href=\"http:\/\/mobile.lemonde.fr\/football\/article\/2015\/10\/22\/fifa-platini-et-blatter-accuses-de-conflit-d-interets_4794829_1616938.html\">a \u00e9t\u00e9 suspendu, le 8\u00a0octobre, pour quatre-vingt-dix jours par le comit\u00e9 d\u2019\u00e9thique de l\u2019instance internationale<\/a>. Par cons\u00e9quent, il ne verra sa candidature examin\u00e9e par la commission \u00e9lectorale ad hoc qu\u2019\u00e0 l\u2019issue de sa suspension, soit au d\u00e9but de janvier.<\/p>\n<p>Alors qu\u2019il a fait appel de sa sanction, le patron de l\u2019UEFA attend actuellement la d\u00e9cision de la commission de recours de la FIFA avant de saisir le TAS. Dans un communiqu\u00e9, il <em>\u00ab\u00a0s\u2019\u00e9tonne\u00a0\u00bb<\/em> de la <em>\u00ab\u00a0surprenante lenteur\u00a0\u00bb<\/em>de ladite commission des recours. Entre-temps, le comit\u00e9 d\u2019\u00e9thique poursuit <a class=\"lien_interne bourse\" href=\"http:\/\/www.lemonde.fr\/bourse\/nyse-euronext-paris-equities\/ses\/\">ses<\/a> investigations et pourrait <a class=\"lien_interne conjug\" title=\"Conjugaison du verbe alourdir\" href=\"http:\/\/conjugaison.lemonde.fr\/conjugaison\/deuxieme-groupe\/alourdir\/\" target=\"_blank\">alourdir<\/a> la peine du Fran\u00e7ais, accus\u00e9 de <em>\u00ab\u00a0conflit d\u2019int\u00e9r\u00eats\u00a0\u00bb <\/em>par Domenico Scala.<\/p>\n<p>Le 20\u00a0octobre, ce dernier avait affirm\u00e9 que les 2\u00a0millions de francs suisses (1,8\u00a0million d\u2019euros) octroy\u00e9s en f\u00e9vrier\u00a02011 par Sepp Blatter au Fran\u00e7ais n\u2019\u00e9taient jamais <em>\u00ab\u00a0apparus\u00a0\u00bb<\/em> dans les comptes de la F\u00e9d\u00e9ration avant le versement. Pour lui,<em> \u00ab\u00a0cela pourrait <a class=\"lien_interne conjug\" title=\"Conjugaison du verbe \u00eatre\" href=\"http:\/\/conjugaison.lemonde.fr\/conjugaison\/auxiliaire\/%C3%AAtre\/\" target=\"_blank\">\u00eatre<\/a> consid\u00e9r\u00e9 comme une falsification des comptes de la FIFA\u00a0\u00bb.<\/em> Si le dossier Platini reste en suspens, cinq candidats pourront officiellement <a class=\"lien_interne conjug\" title=\"Conjugaison du verbe mener\" href=\"http:\/\/conjugaison.lemonde.fr\/conjugaison\/premier-groupe\/mener\/\" target=\"_blank\">mener<\/a> campagne.<\/p>\n<p>&nbsp;<\/p>\n<p class=\"lire\">Lire le r\u00e9cit\u00a0: <a href=\"http:\/\/mobile.lemonde.fr\/football\/article\/2015\/10\/19\/platini-une-candidature-tres-compromise_4792291_1616938.html\">FIFA : la candidature (tr\u00e8s) compromise de Platini<\/a><\/p>\n<ul>\n<li><strong>Gianni Infantino, 45 ans, secr\u00e9taire g\u00e9n\u00e9ral de l\u2019UEFA<\/strong><\/li>\n<\/ul>\n<p>Il incarne le \u00ab\u00a0<a class=\"lien_interne rub\" title=\"Toute l\u2019actualit\u00e9 plan B\" href=\"http:\/\/www.lemonde.fr\/m-plan-b\/\">plan B<\/a>\u00a0\u00bb de l\u2019UEFA en cas de disqualification de Michel Platini. Le 26\u00a0octobre, le comit\u00e9 ex\u00e9cutif de la Conf\u00e9d\u00e9ration europ\u00e9enne a lanc\u00e9 son secr\u00e9taire g\u00e9n\u00e9ral Gianni Infantino dans la course \u00e0 la succession de Sepp Blatter. Bras droit de Michel Platini depuis octobre\u00a02009, ce polyglotte a <a class=\"lien_interne bourse\" href=\"http:\/\/www.lemonde.fr\/bourse\/nyse-euronext-paris-equities\/g-a-i\/\">gravi <\/a>les \u00e9chelons de l\u2019UEFA depuis qu\u2019il a rejoint l\u2019instance en\u00a02000. Jug\u00e9 ambitieux et peu fiable par ses contempteurs, l\u2019Italo-Suisse de 45\u00a0ans a assur\u00e9 qu\u2019il se retirerait si l\u2019ex-num\u00e9ro\u00a010 des Bleus \u00e9tait autoris\u00e9 \u00e0 se <a class=\"lien_interne conjug\" title=\"Conjugaison du verbe pr\u00e9senter\" href=\"http:\/\/conjugaison.lemonde.fr\/conjugaison\/premier-groupe\/pr%C3%A9senter\/\" target=\"_blank\">pr\u00e9senter<\/a>. S\u2019il lorgne davantage la pr\u00e9sidence de l\u2019UEFA que celle de la FIFA, le num\u00e9ro\u00a02 de la Conf\u00e9d\u00e9ration a propos\u00e9 d\u2019\u00e9largir la Coupe du <a class=\"lien_interne rub\" title=\"Toute l\u2019actualit\u00e9 monde\" href=\"http:\/\/www.lemonde.fr\/afrique-monde\/\">monde<\/a> \u00e0 40\u00a0\u00e9quipes (contre 32 actuellement).<\/p>\n<ul>\n<li><strong>Le cheikh Salman, 49 ans, pr\u00e9sident de la Conf\u00e9d\u00e9ration asiatique de football\u00a0:<\/strong><\/li>\n<\/ul>\n<p>Le Bahre\u00efni est le candidat le plus influent et aussi le plus controvers\u00e9. Patron de la Conf\u00e9d\u00e9ration asiatique de football (AFC) depuis 2013, le cheikh Salman Al-Khalifa est accus\u00e9 par plusieurs associations de <a class=\"lien_interne rub\" title=\"Toute l\u2019actualit\u00e9 d\u00e9fense\" href=\"http:\/\/www.lemonde.fr\/defense\/\">d\u00e9fense<\/a>des droits de l\u2019homme d\u2019avoir contribu\u00e9 \u00e0 l\u2019incarc\u00e9ration de plusieurs athl\u00e8tes bahre\u00efnis, tortur\u00e9s car engag\u00e9s en\u00a02011 dans les manifestations hostiles au <a class=\"lien_interne conjug\" title=\"Conjugaison du verbe pouvoir\" href=\"http:\/\/conjugaison.lemonde.fr\/conjugaison\/troisieme-groupe\/pouvoir\/\" target=\"_blank\">pouvoir<\/a> en place. Ag\u00e9 de 49\u00a0ans, le dirigeant de l\u2019AFC a jadis soutenu Sepp Blatter avant de se <a class=\"lien_interne conjug\" title=\"Conjugaison du verbe rallier\" href=\"http:\/\/conjugaison.lemonde.fr\/conjugaison\/premier-groupe\/rallier\/\" target=\"_blank\">rallier<\/a> \u00e0 Michel Platini. Il a men\u00e9, \u00e0 Doha, des tractations avec Gianni Infantino afin de <a class=\"lien_interne conjug\" title=\"Conjugaison du verbe nouer\" href=\"http:\/\/conjugaison.lemonde.fr\/conjugaison\/premier-groupe\/nouer\/\" target=\"_blank\">nouer<\/a> une alliance. Le cheikh fut un fervent partisan de la candidature du <a class=\"lien_interne rub\" title=\"Toute l\u2019actualit\u00e9 Qatar\" href=\"http:\/\/www.lemonde.fr\/qatar\/\">Qatar<\/a> \u00e0 l\u2019organisation de la Coupe du monde 2022, dont les conditions d\u2019attribution font actuellement l\u2019objet d\u2019une <a class=\"lien_interne rub\" title=\"Toute l\u2019actualit\u00e9 enqu\u00eate\" href=\"http:\/\/www.lemonde.fr\/enquetes\/\">enqu\u00eate<\/a> de la <a class=\"lien_interne rub\" title=\"Toute l\u2019actualit\u00e9 justice\" href=\"http:\/\/www.lemonde.fr\/justice\/\">justice<\/a> suisse.<\/p>\n<ul>\n<li><strong>J\u00e9r\u00f4me Champagne, 57\u00a0ans, ancien secr\u00e9taire g\u00e9n\u00e9ral adjoint de la FIFA<\/strong><\/li>\n<\/ul>\n<p>Ce diplomate fran\u00e7ais avait \u00e9chou\u00e9, en janvier, \u00e0 se pr\u00e9senter. Cette fois, cet ancien cadre de la FIFA (1999-2010) a r\u00e9ussi \u00e0 <a class=\"lien_interne conjug\" title=\"Conjugaison du verbe r\u00e9unir\" href=\"http:\/\/conjugaison.lemonde.fr\/conjugaison\/deuxieme-groupe\/r%C3%A9unir\/\" target=\"_blank\">r\u00e9unir<\/a> 9\u00a0parrainages, <em>\u00ab\u00a0issus de pays de 3\u00a0continents\u00a0\u00bb <\/em>pour se <a class=\"lien_interne conjug\" title=\"Conjugaison du verbe lancer\" href=\"http:\/\/conjugaison.lemonde.fr\/conjugaison\/premier-groupe\/lancer\/\" target=\"_blank\">lancer<\/a> dans la course \u00e0 la succession de Sepp Blatter. Ancien <a class=\"lien_interne conjug\" title=\"Conjugaison du verbe conseiller\" href=\"http:\/\/conjugaison.lemonde.fr\/conjugaison\/premier-groupe\/conseiller\/\" target=\"_blank\">conseiller<\/a> et proche id\u00e9ologiquement du \u00ab\u00a0souverain\u00a0\u00bb, le quinquag\u00e9naire propose notamment de <a class=\"lien_interne conjug\" title=\"Conjugaison du verbe changer\" href=\"http:\/\/conjugaison.lemonde.fr\/conjugaison\/premier-groupe\/changer\/\" target=\"_blank\">changer<\/a> le <a class=\"lien_interne rub\" title=\"Toute l\u2019actualit\u00e9 mode\" href=\"http:\/\/www.lemonde.fr\/m-mode\/\">mode<\/a> de d\u00e9signation des membres du comit\u00e9 ex\u00e9cutif de la FIFA. Soutenu par le \u00ab\u00a0roi Pel\u00e9\u00a0\u00bb, il n\u2019\u00e9carte pas l\u2019id\u00e9e d\u2019un nouveau vote d\u2019attribution du Mondial 2022 si des fraudes sont av\u00e9r\u00e9es. <em>\u00ab\u00a0Il y a la jurisprudence du Comit\u00e9 <a class=\"lien_interne rub\" title=\"Toute l\u2019actualit\u00e9 international\" href=\"http:\/\/www.lemonde.fr\/international\/\">international<\/a> olympique, qui donne la m\u00e9daille d\u2019<a class=\"lien_interne bourse\" href=\"http:\/\/www.lemonde.fr\/bourse\/forex-data-lite\/gold-united-states-dollar\/\">or<\/a> au m\u00e9daill\u00e9 d\u2019argent en cas de fraude du premier\u00a0\u00bb,<\/em> a-t-il gliss\u00e9, mercredi sur i-T\u00e9l\u00e9, indiquant que les Etats-Unis, candidats malheureux face au Qatar, pourraient <a class=\"lien_interne conjug\" title=\"Conjugaison du verbe rafler\" href=\"http:\/\/conjugaison.lemonde.fr\/conjugaison\/premier-groupe\/rafler\/\" target=\"_blank\">rafler<\/a> la mise in fine.<\/p>\n<ul>\n<li><strong>Le prince Ali, 39\u00a0ans, pr\u00e9sident de la F\u00e9d\u00e9ration jordanienne<\/strong><\/li>\n<\/ul>\n<p>Le 29\u00a0mai, il \u00e9tait parvenu \u00e0 <a class=\"lien_interne conjug\" title=\"Conjugaison du verbe mettre\" href=\"http:\/\/conjugaison.lemonde.fr\/conjugaison\/troisieme-groupe\/mettre\/\" target=\"_blank\">mettre<\/a> en ballottage Sepp Blatter, lors du 65<sup>e<\/sup>\u00a0congr\u00e8s de la FIFA. Soutenu par l\u2019UEFA, le prince Ali Ben Al-Hussein avait r\u00e9colt\u00e9 73\u00a0suffrages contre 133 pour le pr\u00e9sident sortant, candidat \u00e0 un cinqui\u00e8me mandat. Patron de la F\u00e9d\u00e9ration jordanienne depuis 1999, le demi-fr\u00e8re du roi Abdallah II avait finalement abandonn\u00e9, assur\u00e9 de <a class=\"lien_interne conjug\" title=\"Conjugaison du verbe perdre\" href=\"http:\/\/conjugaison.lemonde.fr\/conjugaison\/troisieme-groupe\/perdre\/\" target=\"_blank\">perdre<\/a> au second tour. Ancien vice-pr\u00e9sident de la FIFA (2011-2015), il se lance une nouvelle fois dans la course \u00e0 la succession du Valaisan. Oppos\u00e9 \u00e0 la candidature de son ancien alli\u00e9 Michel Platini, il se retrouve dans une situation d\u00e9licate \u00e0 la suite de la d\u00e9cision du cheikh Salman de se pr\u00e9senter.<\/p>\n<ul>\n<li><strong>Tokyo Sexwale, 62 ans, ex-membre du comit\u00e9 de candidature sud-africain \u00e0 l\u2019organisation du Mondial 2010<\/strong><\/li>\n<\/ul>\n<p>Il appara\u00eet comme le <em>\u00ab\u00a0seul candidat ext\u00e9rieur au monde du football\u00a0\u00bb.<\/em> Mosimo Gabriel Sexwale, dit Tokyo Sexwale, a grandi \u00e0 Soweto, le township de Johannesburg. Opposant \u00e0 l\u2019apartheid, il fut partisan l\u2019African National Congress (ANC). Incarc\u00e9r\u00e9 de 1977 \u00e0 1990 au p\u00e9nitencier de Robben Island, il fut le compagnon de cellule de <a class=\"lien_interne rub\" title=\"Toute l\u2019actualit\u00e9 Nelson Mandela\" href=\"http:\/\/www.lemonde.fr\/nelson-mandela\/\">Nelson Mandela<\/a>. En\u00a01994, il devient premier ministre de la r\u00e9gion la plus riche du pays, le Gauteng, qui englobe Johannesburg et Pretoria. Ministre du <a class=\"lien_interne rub\" title=\"Toute l\u2019actualit\u00e9 logement\" href=\"http:\/\/www.lemonde.fr\/logement\/\">logement<\/a> de 1999 \u00e0 2013, il est par ailleurs devenu un homme d\u2019affaires multimillionnaire. Membre du comit\u00e9 de candidature de la Coupe du monde 2010, il a \u00e9t\u00e9 nomm\u00e9 en\u00a02012 \u00e0 la t\u00eate du comit\u00e9 antiracisme et antidiscrimination de la FIFA. Il y pr\u00e9side le comit\u00e9 de surveillance <a class=\"lien_interne rub\" title=\"Toute l\u2019actualit\u00e9 Isra\u00ebl\" href=\"http:\/\/www.lemonde.fr\/israel\/\">Isra\u00ebl<\/a>&#8211;<a class=\"lien_interne rub\" title=\"Toute l\u2019actualit\u00e9 Palestine\" href=\"http:\/\/www.lemonde.fr\/palestine\/\">Palestine<\/a>. Soutenu par l\u2019ic\u00f4ne allemande Franz Beckenbauer, il a r\u00e9cemment condamn\u00e9 les sponsors am\u00e9ricains pour leurs appels \u00e0 la d\u00e9mission de Blatter. De nombreux observateurs estiment qu\u2019il s\u2019est attir\u00e9 les faveurs du pr\u00e9sident de la FIFA, constamment soutenu par les pays africains durant son r\u00e8gne.<\/p>\n<p><a href=\"http:\/\/lemonde.fr\/football\/article\/2015\/11\/12\/la-candidature-de-platini-a-la-tete-de-la-fifa-sera-examinee-fin-janvier_4808077_1616938.html#xtor=AL-32280270\">Le Monde<\/a><\/p>\n<\/div>\n","protected":false},"excerpt":{"rendered":"<p>Ils sont actuellement cinq sur la ligne de d\u00e9part. Jeudi 12\u00a0novembre, la commission \u00e9lectorale ad hoc de la F\u00e9d\u00e9ration internationale de football (FIFA) a officiellement valid\u00e9 cinq candidatures, d\u00e9pos\u00e9es avant le 26\u00a0octobre dans l\u2019optique du congr\u00e8s \u00e9lectif extraordinaire de l\u2019instance mondiale, programm\u00e9 pour le 26\u00a0f\u00e9vrier 2016 \u00e0 Zurich. Pr\u00e9sid\u00e9e par l\u2019Italo-Suisse Domenico Scala, ladite commission<\/p>\n","protected":false},"author":134,"featured_media":6384,"comment_status":"open","ping_status":"open","sticky":false,"template":"","format":"standard","meta":{"_uf_show_specific_survey":0,"_uf_disable_surveys":false,"footnotes":""},"categories":[361],"tags":[357],"class_list":{"0":"post-6382","1":"post","2":"type-post","3":"status-publish","4":"format-standard","5":"has-post-thumbnail","7":"category-sport-international","8":"tag-magazine-fr"},"aioseo_notices":[],"_links":{"self":[{"href":"https:\/\/middleeasttransparent.com\/fr\/wp-json\/wp\/v2\/posts\/6382","targetHints":{"allow":["GET"]}}],"collection":[{"href":"https:\/\/middleeasttransparent.com\/fr\/wp-json\/wp\/v2\/posts"}],"about":[{"href":"https:\/\/middleeasttransparent.com\/fr\/wp-json\/wp\/v2\/types\/post"}],"author":[{"embeddable":true,"href":"https:\/\/middleeasttransparent.com\/fr\/wp-json\/wp\/v2\/users\/134"}],"replies":[{"embeddable":true,"href":"https:\/\/middleeasttransparent.com\/fr\/wp-json\/wp\/v2\/comments?post=6382"}],"version-history":[{"count":0,"href":"https:\/\/middleeasttransparent.com\/fr\/wp-json\/wp\/v2\/posts\/6382\/revisions"}],"wp:featuredmedia":[{"embeddable":true,"href":"https:\/\/middleeasttransparent.com\/fr\/wp-json\/wp\/v2\/media\/6384"}],"wp:attachment":[{"href":"https:\/\/middleeasttransparent.com\/fr\/wp-json\/wp\/v2\/media?parent=6382"}],"wp:term":[{"taxonomy":"category","embeddable":true,"href":"https:\/\/middleeasttransparent.com\/fr\/wp-json\/wp\/v2\/categories?post=6382"},{"taxonomy":"post_tag","embeddable":true,"href":"https:\/\/middleeasttransparent.com\/fr\/wp-json\/wp\/v2\/tags?post=6382"}],"curies":[{"name":"wp","href":"https:\/\/api.w.org\/{rel}","templated":true}]}}