{"id":6365,"date":"2015-11-14T13:26:10","date_gmt":"2015-11-14T12:26:10","guid":{"rendered":"http:\/\/middleeasttransparent.com\/news\/?p=6365"},"modified":"2015-11-30T12:31:52","modified_gmt":"2015-11-30T11:31:52","slug":"dopage-la-fifa-sinquiete-de-la-perspective-de-laisser-les-controles-a-lama","status":"publish","type":"post","link":"https:\/\/middleeasttransparent.com\/fr\/dopage-la-fifa-sinquiete-de-la-perspective-de-laisser-les-controles-a-lama\/","title":{"rendered":"Dopage\u00a0: la FIFA s\u2019inqui\u00e8te de la perspective de laisser les contr\u00f4les \u00e0 l\u2019AMA"},"content":{"rendered":"<p><img decoding=\"async\" class=\"lazy-retina\" title=\"Kin Cheung \/ AP\" src=\"http:\/\/s2.lemde.fr\/image2x\/2015\/11\/13\/310x0\/4809409_6_7135_lamine-diack-et-thomas-bach-lors-des_7419518140a444ecc931f869be760cfe.jpg\" alt=\" \" width=\"310\" data-lazyload=\"false\" data-no-hd-src=\"http:\/\/s2.lemde.fr\/image\/2015\/11\/13\/310x0\/4809409_6_7135_lamine-diack-et-thomas-bach-lors-des_7419518140a444ecc931f869be760cfe.jpg\" data-hd-src=\"http:\/\/s2.lemde.fr\/image2x\/2015\/11\/13\/310x0\/4809409_6_7135_lamine-diack-et-thomas-bach-lors-des_7419518140a444ecc931f869be760cfe.jpg\" \/><em>Lamine Diack et Thomas Bach lors des championnats du monde d&rsquo;athl\u00e9tisme de P\u00e9kin. L&rsquo;ancien pr\u00e9sident de l&rsquo;IAAF a depuis d\u00e9missionn\u00e9 du Comit\u00e9 international olympique.\u00a0|\u00a0Kin Cheung \/ AP<\/em><\/p>\n<div class=\"body contenu_article js_article_body\">\n<p class=\"taille_courante\"><strong>Rarement appel \u00e0 la r\u00e9volution est pass\u00e9 autant inaper\u00e7u. Le 17\u00a0octobre, le Comit\u00e9 <a class=\"lien_interne rub\" title=\"Toute l\u2019actualit\u00e9 international\" href=\"http:\/\/www.lemonde.fr\/international\/\">international<\/a> olympique (CIO) a <a href=\"http:\/\/www.olympic.org\/Documents\/Conferences_Forums_and_Events\/2015-Olympic-Summit\/2015_10-17_Communique_Olympic_Summit-French.pdf\">sugg\u00e9r\u00e9 un changement radical<\/a> dans l\u2019organisation de la lutte antidopage, en priant l\u2019Agence mondiale antidopage (AMA) \u00ab\u00a0d\u2019envisager de <a class=\"lien_interne conjug\" title=\"Conjugaison du verbe prendre\" href=\"http:\/\/conjugaison.lemonde.fr\/conjugaison\/troisieme-groupe\/prendre\/\" target=\"_blank\">prendre<\/a> la responsabilit\u00e9 des contr\u00f4les antidopage, \u00e9tant le seul organisme international comp\u00e9tent en la mati\u00e8re\u00a0\u00bb.<\/strong><\/p>\n<p><strong>La proposition a stup\u00e9fait <a class=\"lien_interne rub\" title=\"Toute l\u2019actualit\u00e9 le monde\" href=\"http:\/\/www.lemonde.fr\/le-monde\/\">le monde<\/a> du <a class=\"lien_interne rub\" title=\"Toute l\u2019actualit\u00e9 sport\" href=\"http:\/\/www.lemonde.fr\/sport\/\">sport<\/a>, car la feuille de route du pr\u00e9sident du CIO, Thomas Bach (\u00ab\u00a0<a href=\"http:\/\/www.olympic.org\/documents\/olympic_agenda_2020\/olympic_agenda_2020-20-20_recommendations-fre.pdf\">l\u2019agenda olympique 2020<\/a>\u00a0\u00bb), ne laissait pas <a class=\"lien_interne conjug\" title=\"Conjugaison du verbe pr\u00e9sager\" href=\"http:\/\/conjugaison.lemonde.fr\/conjugaison\/premier-groupe\/pr%C3%A9sager\/\" target=\"_blank\">pr\u00e9sager<\/a> un tel bouleversement. Faut-il <a class=\"lien_interne conjug\" title=\"Conjugaison du verbe voir\" href=\"http:\/\/conjugaison.lemonde.fr\/conjugaison\/troisieme-groupe\/voir\/\" target=\"_blank\">voir<\/a> un lien avec l\u2019imminence, \u00e0 l\u2019\u00e9poque, du <a href=\"http:\/\/mobile.lemonde.fr\/athletisme\/article\/2015\/11\/10\/la-russie-et-ses-agents-tres-speciaux_4806388_1616661.html\">rapport de la commission d\u2019enqu\u00eate sur le dopage dans l\u2019athl\u00e9tisme russe<\/a> et l\u2019ouverture d\u2019une <a href=\"http:\/\/mobile.lemonde.fr\/athletisme\/article\/2015\/11\/05\/la-federation-internationale-d-athletisme-en-pleine-tourmente-judiciaire_4803292_1616661.html\">enqu\u00eate pour corruption passive<\/a> visant des dirigeants de la F\u00e9d\u00e9ration internationale d\u2019<a class=\"lien_interne rub\" title=\"Toute l\u2019actualit\u00e9 athl\u00e9tisme\" href=\"http:\/\/www.lemonde.fr\/athletisme\/\">athl\u00e9tisme<\/a> (IAAF)\u00a0? Pas selon Tony Estanguet, membre du CIO, pour qui la r\u00e9flexion est engag\u00e9e depuis longtemps. Contact\u00e9 par <em>Le Monde<\/em>, le triple champion olympique de cano\u00eb pr\u00e9cise tout de m\u00eame\u00a0: <em>\u00ab\u00a0Il s\u2019agit d\u2019un id\u00e9al qui a \u00e9t\u00e9 mis sur la table pour voir s\u2019il pouvait <a class=\"lien_interne conjug\" title=\"Conjugaison du verbe constituer\" href=\"http:\/\/conjugaison.lemonde.fr\/conjugaison\/premier-groupe\/constituer\/\" target=\"_blank\">constituer<\/a> un moyen efficace et r\u00e9aliste de <a class=\"lien_interne conjug\" title=\"Conjugaison du verbe renforcer\" href=\"http:\/\/conjugaison.lemonde.fr\/conjugaison\/premier-groupe\/renforcer\/\" target=\"_blank\">renforcer<\/a> l\u2019efficacit\u00e9 de la lutte antidopage. Les derni\u00e8res r\u00e9v\u00e9lations apportent encore plus de poids \u00e0 la pertinence de cette d\u00e9marche.\u00a0\u00bb<\/em><\/strong><\/p>\n<p class=\"lire\">Lire aussi\u00a0: <a href=\"http:\/\/mobile.lemonde.fr\/athletisme\/article\/2015\/11\/12\/dopage-poutine-ecarte-la-responsabilite-de-l-etat-russe_4807829_1616661.html\">Scandale de dopage : Poutine balaie toute responsabilit\u00e9 de l\u2019Etat russe<\/a><\/p>\n<p>Le travail de lobbying a commenc\u00e9 chez les f\u00e9d\u00e9rations internationales hostiles au <a class=\"lien_interne rub\" title=\"Toute l\u2019actualit\u00e9 projet\" href=\"http:\/\/www.lemonde.fr\/projet\/\">projet<\/a>. La <a class=\"lien_interne rub\" title=\"Toute l\u2019actualit\u00e9 FIFA\" href=\"http:\/\/www.lemonde.fr\/corruption-a-la-fifa\/\">FIFA<\/a>, visiblement soucieuse de <a class=\"lien_interne conjug\" title=\"Conjugaison du verbe garder\" href=\"http:\/\/conjugaison.lemonde.fr\/conjugaison\/premier-groupe\/garder\/\" target=\"_blank\">garder<\/a> la main sur les contr\u00f4les de sa Coupe du <a class=\"lien_interne rub\" title=\"Toute l\u2019actualit\u00e9 monde\" href=\"http:\/\/www.lemonde.fr\/afrique-monde\/\">monde<\/a>, a imm\u00e9diatement fait part de son inqui\u00e9tude dans un e-mail envoy\u00e9 \u00e0 l\u2019Association des f\u00e9d\u00e9rations internationales olympiques des sports d\u2019\u00e9t\u00e9 (ASOIF)\u00a0: <em>\u00ab\u00a0Si l\u2019AMA et le CIO nomment une \u201cinstance ind\u00e9pendante\u201d, alors demandez-<a class=\"lien_interne rub\" title=\"Toute l\u2019actualit\u00e9 vous\" href=\"http:\/\/www.lemonde.fr\/vous\/\">vous<\/a> qui paiera\u00a0\u00bb<\/em>, dit notamment la f\u00e9d\u00e9ration, connue pour l\u2019\u00e9paisseur de son bas de laine, dans ce courrier que <em>Le Monde<\/em> s\u2019est procur\u00e9. Un repr\u00e9sentant de la FIFA poursuit\u00a0:<\/p>\n<blockquote class=\"citation\"><p><em>\u00ab\u00a0Nous sommes en faveur d\u2019une collaboration, mais nous travaillons dur depuis des ann\u00e9es et il y a un r\u00e9seau de docteurs qui ont \u00e9t\u00e9 form\u00e9s et qui pratiquent des contr\u00f4les dans le monde entier<\/em>. <em>Si un groupe de travail devait <a class=\"lien_interne conjug\" title=\"Conjugaison du verbe \u00eatre\" href=\"http:\/\/conjugaison.lemonde.fr\/conjugaison\/auxiliaire\/%C3%AAtre\/\" target=\"_blank\">\u00eatre<\/a> cr\u00e9\u00e9 [pour <a class=\"lien_interne conjug\" title=\"Conjugaison du verbe \u00e9tudier\" href=\"http:\/\/conjugaison.lemonde.fr\/conjugaison\/premier-groupe\/%C3%A9tudier\/\" target=\"_blank\">\u00e9tudier<\/a> cette proposition du CIO], l\u2019ASOIF doit <a class=\"lien_interne conjug\" title=\"Conjugaison du verbe insister\" href=\"http:\/\/conjugaison.lemonde.fr\/conjugaison\/premier-groupe\/insister\/\" target=\"_blank\">insister<\/a> pour \u00eatre repr\u00e9sent\u00e9e \u2013 je ferai \u00e9galement <a class=\"lien_interne conjug\" title=\"Conjugaison du verbe parvenir\" href=\"http:\/\/conjugaison.lemonde.fr\/conjugaison\/troisieme-groupe\/parvenir\/\" target=\"_blank\">parvenir<\/a> une lettre officielle de la FIFA au pr\u00e9sident de l\u2019AMA.\u00a0\u00bb<\/em><\/p><\/blockquote>\n<p><em>\u00ab\u00a0La FIFA n\u2019a pris aucune position par rapport \u00e0 la r\u00e9solution du CIO<\/em>, dit-on \u00e0 Zurich.<em> Mais il va <a class=\"lien_interne conjug\" title=\"Conjugaison du verbe falloir\" href=\"http:\/\/conjugaison.lemonde.fr\/conjugaison\/troisieme-groupe\/falloir\/\" target=\"_blank\">falloir<\/a> <a class=\"lien_interne conjug\" title=\"Conjugaison du verbe discuter\" href=\"http:\/\/conjugaison.lemonde.fr\/conjugaison\/premier-groupe\/discuter\/\" target=\"_blank\">discuter<\/a> du co\u00fbt de cette proposition.\u00a0\u00bb<\/em><\/p>\n<figure class=\"illustration\"><figcaption><\/figcaption><strong>\u00ab\u00a0LES F\u00c9D\u00c9RATIONS INTERNATIONALES MIEUX PLAC\u00c9ES QUE QUICONQUE\u00a0\u00bb<\/strong><\/figure>\n<p>Les f\u00e9d\u00e9rations internationales sont divis\u00e9es en trois camps. Certaines voient dans la proposition du CIO l\u2019occasion de se <a class=\"lien_interne conjug\" title=\"Conjugaison du verbe d\u00e9barrasser\" href=\"http:\/\/conjugaison.lemonde.fr\/conjugaison\/premier-groupe\/d%C3%A9barrasser\/\" target=\"_blank\">d\u00e9barrasser<\/a> d\u2019un objet de soucis juridiques et financiers. D\u2019autres, celles qui ne font rien contre le<a class=\"lien_interne rub\" title=\"Toute l\u2019actualit\u00e9 dopage\" href=\"http:\/\/www.lemonde.fr\/dopage\/\">dopage<\/a>, voient d\u2019un mauvais \u0153il la perspective que quelqu\u2019un s\u2019en occupe enfin. Quelques f\u00e9d\u00e9rations, enfin, lui opposent leur bonne foi et leur connaissance du terrain. <a href=\"http:\/\/www.asoif.com\/News\/News_Article.aspx?ID=6555\">Une position r\u00e9sum\u00e9e par Margo Mountjoy<\/a>, nouvelle responsable de la commission m\u00e9dicale de l\u2019ASOIF\u00a0:<\/p>\n<blockquote class=\"citation\"><p><em>\u00ab\u00a0Je crois profond\u00e9ment que les FI [f\u00e9d\u00e9rations internationales] jouent un r\u00f4le cl\u00e9 dans la lutte contre le dopage. (\u2026) Elles sont mieux plac\u00e9es que quiconque pour <a class=\"lien_interne conjug\" title=\"Conjugaison du verbe constater\" href=\"http:\/\/conjugaison.lemonde.fr\/conjugaison\/premier-groupe\/constater\/\" target=\"_blank\">constater<\/a> le changement dans les performances sportives des athl\u00e8tes. Cette connaissance est importante pour <a class=\"lien_interne conjug\" title=\"Conjugaison du verbe diriger\" href=\"http:\/\/conjugaison.lemonde.fr\/conjugaison\/premier-groupe\/diriger\/\" target=\"_blank\">diriger<\/a> et et <a class=\"lien_interne conjug\" title=\"Conjugaison du verbe influencer\" href=\"http:\/\/conjugaison.lemonde.fr\/conjugaison\/premier-groupe\/influencer\/\" target=\"_blank\">influencer<\/a> les contr\u00f4les cibl\u00e9s dans la p\u00e9riode menant aux <a class=\"lien_interne rub\" title=\"Toute l\u2019actualit\u00e9 Jeux olympiques\" href=\"http:\/\/www.lemonde.fr\/jeux-olympiques\/\">Jeux olympiques<\/a>.\u00a0\u00bb<\/em><\/p><\/blockquote>\n<p>Charg\u00e9s de la lutte antidopage de deux des f\u00e9d\u00e9rations les plus actives, Francesca Rossi (<a class=\"lien_interne rub\" title=\"Toute l\u2019actualit\u00e9 cyclisme\" href=\"http:\/\/www.lemonde.fr\/cyclisme\/\">cyclisme<\/a>) et Alain Lacoste (aviron) tiennent un discours similaire. \u00ab\u00a0<em>Il me semblerait compliqu\u00e9 qu\u2019une agence compl\u00e8tement ind\u00e9pendante, qui ne connaisse pas notre <a class=\"lien_interne rub\" title=\"Toute l\u2019actualit\u00e9 sport\" href=\"http:\/\/www.lemonde.fr\/afrique-sport\/\">sport<\/a>, mette en \u0153uvre la strat\u00e9gie de contr\u00f4les\u00a0\u00bb<\/em>, dit la scientifique italienne, dont la fondation antidopage est statutairement ind\u00e9pendante de sa f\u00e9d\u00e9ration.<em> \u00ab\u00a0Nous, on a fait le travail, on ne voit pas pourquoi on se dessaisirait du probl\u00e8me<\/em>, rench\u00e9rit le m\u00e9decin fran\u00e7ais. <em>J\u2019ai certaines informations que l\u2019AMA n\u2019a pas et qui me permettent d\u2019aller <a class=\"lien_interne conjug\" title=\"Conjugaison du verbe chercher\" href=\"http:\/\/conjugaison.lemonde.fr\/conjugaison\/premier-groupe\/chercher\/\" target=\"_blank\">chercher<\/a> les tricheurs l\u00e0 o\u00f9 ils sont.\u00a0\u00bb<\/em><\/p>\n<p>Pour Tony Estanguet, l\u2019un des trois repr\u00e9sentants du CIO au comit\u00e9 ex\u00e9cutif de l\u2019AMA et favorable \u00e0 la proposition de Thomas Bach<em>, \u00ab\u00a0les f\u00e9d\u00e9rations internationales auront quoi qu\u2019il arrive un r\u00f4le majeur \u00e0 <a class=\"lien_interne conjug\" title=\"Conjugaison du verbe jouer\" href=\"http:\/\/conjugaison.lemonde.fr\/conjugaison\/premier-groupe\/jouer\/\" target=\"_blank\">jouer<\/a> et continueront \u00e0 \u00eatre pleinement associ\u00e9es \u00e0 la lutte\u00a0\u00bb.<\/em><\/p>\n<blockquote class=\"citation\"><p>\u00ab\u00a0Elles sont les acteurs qui connaissent le mieux leur sport, il n\u2019est donc pas question de <a class=\"lien_interne conjug\" title=\"Conjugaison du verbe couper\" href=\"http:\/\/conjugaison.lemonde.fr\/conjugaison\/premier-groupe\/couper\/\" target=\"_blank\">couper<\/a> la relation avec elles, mais plut\u00f4t de renforcer leur autonomie et leur cr\u00e9dibilit\u00e9 en externalisant une partie de la lutte antidopage.\u00a0\u00bb<\/p><\/blockquote>\n<h2 class=\"intertitre\">\u00ab\u00a0CONFUSION ENTRE LE L\u00c9GISLATIF ET L\u2019EX\u00c9CUTIF\u00a0\u00bb<\/h2>\n<p>L\u2019IAAF, <a href=\"http:\/\/mobile.lemonde.fr\/athletisme\/article\/2015\/11\/10\/dopage-lord-coe-est-il-l-homme-de-la-situation-pour-restaurer-la-credibilite-de-l-athletisme_4806589_1616661.html\">d\u00e9sormais dirig\u00e9e par Sebastian Coe<\/a>, est l\u2019une des rares f\u00e9d\u00e9rations \u00e0 <a class=\"lien_interne conjug\" title=\"Conjugaison du verbe avoir\" href=\"http:\/\/conjugaison.lemonde.fr\/conjugaison\/auxiliaire\/avoir\/\" target=\"_blank\">avoir<\/a> accueilli favorablement la proposition. Elle viendrait <a class=\"lien_interne conjug\" title=\"Conjugaison du verbe mettre\" href=\"http:\/\/conjugaison.lemonde.fr\/conjugaison\/troisieme-groupe\/mettre\/\" target=\"_blank\">mettre<\/a> un terme \u00e0 ce qu\u2019Alain Garnier, ancien directeur m\u00e9dical de l\u2019AMA,<a href=\"http:\/\/mobile.lemonde.fr\/sport\/article\/2015\/07\/16\/cinquante-ans-de-gachis-antidopage-par-pierre-ballester_4685878_3242.html\">d\u00e9non\u00e7ait comme un \u00ab\u00a0conflit d\u2019int\u00e9r\u00eats\u00a0\u00bb<\/a> dans les colonnes du <em>Monde<\/em> au mois de juillet\u00a0:<\/p>\n<blockquote class=\"citation\"><p>\u00ab\u00a0D\u2019un c\u00f4t\u00e9, [les f\u00e9d\u00e9rations internationales]jouent le r\u00f4le de r\u00e9gulateur en dictant la r\u00e8gle\u00a0; de l\u2019autre, elles sont les organisatrices des grands \u00e9v\u00e9nements et en touchent les b\u00e9n\u00e9fices. Il y a confusion \u00adentre le l\u00e9gislatif et l\u2019ex\u00e9cutif.\u200a\u00a0\u00bb<\/p><\/blockquote>\n<p class=\"lire\">Lire aussi\u00a0: <a href=\"http:\/\/mobile.lemonde.fr\/sport\/article\/2015\/07\/16\/cinquante-ans-de-gachis-antidopage-par-pierre-ballester_4685878_3242.html\">Cinquante ans de g\u00e2chis antidopage<\/a><\/p>\n<p>Pour Pierre Sallet, docteur en physiologie sp\u00e9cialiste de l\u2019antidopage, l\u2019\u00e9volution irait dans le sens de l\u2019<a class=\"lien_interne rub\" title=\"Toute l\u2019actualit\u00e9 histoire\" href=\"http:\/\/www.lemonde.fr\/histoire\/\">histoire<\/a>\u00a0:<\/p>\n<blockquote class=\"citation\"><p><em>\u00ab\u00a0On s\u2019est dit \u00e0 un moment\u00a0: un minist\u00e8re des sports ne peut pas \u00e0 la fois <a class=\"lien_interne conjug\" title=\"Conjugaison du verbe courir\" href=\"http:\/\/conjugaison.lemonde.fr\/conjugaison\/troisieme-groupe\/courir\/\" target=\"_blank\">courir<\/a> pour les m\u00e9dailles et <a class=\"lien_interne conjug\" title=\"Conjugaison du verbe participer\" href=\"http:\/\/conjugaison.lemonde.fr\/conjugaison\/premier-groupe\/participer\/\" target=\"_blank\">participer<\/a> \u00e0 la lutte antidopage. Ce sont deux choses antinomiques. Des agences nationales antidopage ont donc \u00e9t\u00e9 cr\u00e9\u00e9es pour avoir cette ind\u00e9pendance. C\u2019est un mod\u00e8le qui fonctionne bien au niveau des pays [sauf en <a class=\"lien_interne rub\" title=\"Toute l\u2019actualit\u00e9 Russie\" href=\"http:\/\/www.lemonde.fr\/russie\/\">Russie<\/a>, peut-\u00eatre\u2026], il faut <a class=\"lien_interne conjug\" title=\"Conjugaison du verbe projeter\" href=\"http:\/\/conjugaison.lemonde.fr\/conjugaison\/premier-groupe\/projeter\/\" target=\"_blank\">projeter<\/a> cette logique au niveau des f\u00e9d\u00e9rations internationales.\u00a0\u00bb<\/em><\/p><\/blockquote>\n<h2 class=\"intertitre\">L\u2019AMA SURPRISE, VAL\u00c9RIE FOURNEYRON SCEPTIQUE<\/h2>\n<p>L\u2019Agence mondiale antidopage a cependant re\u00e7u cette annonce froidement. Dans un courrier \u00e0 Thomas Bach, pr\u00e9sident du CIO, son homologue de l\u2019AMA, Craig Reedie \u2013 par ailleurs vice-pr\u00e9sident\u2026 du CIO \u2013 a fait part de sa surprise.<\/p>\n<p>Contact\u00e9e par <em>Le Monde<\/em>, Val\u00e9rie Fourneyron, pr\u00e9sidente du comit\u00e9 sant\u00e9 de l\u2019AMA, ne cache pas, elle non plus, sa stup\u00e9faction\u00a0: <em>\u00ab\u00a0La r\u00e9flexion sur le fait que les f\u00e9d\u00e9rations pouvaient \u00eatre juge et partie est tr\u00e8s ancienne, mais cette proposition a \u00e9t\u00e9 faite sans aucune \u00adconcertation. Ce serait une r\u00e9volution copernicienne, ce ne serait plus du tout la m\u00eame agence. Avant m\u00eame d\u2019\u00e9tudier la faisabilit\u00e9, qui n\u2019est sur le papier pas \u00e9vidente, il faut que l\u2019on ait une r\u00e9flexion <a class=\"lien_interne rub\" title=\"Toute l\u2019actualit\u00e9 politique\" href=\"http:\/\/www.lemonde.fr\/politique\/\">politique<\/a> sur ce qui a conduit le CIO \u00e0 cette annonce.\u00a0\u00bb<\/em><\/p>\n<p>Bien que l\u2019ancienne ministre des sports se refuse \u00e0 <a class=\"lien_interne conjug\" title=\"Conjugaison du verbe repousser\" href=\"http:\/\/conjugaison.lemonde.fr\/conjugaison\/premier-groupe\/repousser\/\" target=\"_blank\">repousser<\/a> d\u2019embl\u00e9e le projet, elle en voit pour l\u2019instant surtout les cons\u00e9quences n\u00e9gatives\u00a0:<\/p>\n<blockquote class=\"citation\"><p>\u00ab\u00a0Il ne faut pas s\u2019imaginer que ce serait la r\u00e9ponse \u00e0 tout. La place d\u2019autorit\u00e9 ind\u00e9pendante est pertinente lorsque l\u2019ensemble de <a class=\"lien_interne bourse\" href=\"http:\/\/www.lemonde.fr\/bourse\/nyse-euronext-paris-equities\/ses\/\">ses<\/a> partenaires ont l\u2019obligation de <a class=\"lien_interne conjug\" title=\"Conjugaison du verbe respecter\" href=\"http:\/\/conjugaison.lemonde.fr\/conjugaison\/premier-groupe\/respecter\/\" target=\"_blank\">respecter<\/a> un cadre international. D\u00e9responsabiliser les f\u00e9d\u00e9rations internationales, c\u2019est <a class=\"lien_interne conjug\" title=\"Conjugaison du verbe remettre\" href=\"http:\/\/conjugaison.lemonde.fr\/conjugaison\/troisieme-groupe\/remettre\/\" target=\"_blank\">remettre<\/a> en cause compl\u00e8tement l\u2019organisation de la lutte antidopage mondiale. Est-ce qu\u2019il ne faut pas d\u2019abord s\u2019interroger sur la r\u00e9volution qui doit \u00eatre op\u00e9r\u00e9e dans la gouvernance des f\u00e9d\u00e9rations internationales, jusqu\u2019ici d\u00e9faillante\u00a0?\u00a0\u00bb<\/p><\/blockquote>\n<p>Un groupe de travail, m\u00ealant repr\u00e9sentants du mouvement sportif et des gouvernements, doit \u00eatre mis sur pied par l\u2019AMA et le sujet devrait <a class=\"lien_interne conjug\" title=\"Conjugaison du verbe faire\" href=\"http:\/\/conjugaison.lemonde.fr\/conjugaison\/troisieme-groupe\/faire\/\" target=\"_blank\">faire<\/a> l\u2019objet de <a class=\"lien_interne rub\" title=\"Toute l\u2019actualit\u00e9 discussions\" href=\"http:\/\/www.lemonde.fr\/discussions\/\">discussions<\/a> anim\u00e9es au prochain comit\u00e9 ex\u00e9cutif, les 17 et 18\u00a0novembre \u00e0 Colorado Springs (Etats-Unis). Son pr\u00e9sident fondateur (1999-2007), Richard Pound, <a href=\"http:\/\/www.lequipe.fr\/Tous-sports\/Actualites\/Dick-pound-favorable-au-renforcement-des-pouvoirs-de-l-ama\/604635\">juge favorablement la proposition<\/a> et a profit\u00e9 du rapport de sa commission d\u2019<a class=\"lien_interne rub\" title=\"Toute l\u2019actualit\u00e9 enqu\u00eate\" href=\"http:\/\/www.lemonde.fr\/enquetes\/\">enqu\u00eate<\/a> sur la Russie pour <a class=\"lien_interne conjug\" title=\"Conjugaison du verbe appeler\" href=\"http:\/\/conjugaison.lemonde.fr\/conjugaison\/premier-groupe\/appeler\/\" target=\"_blank\">appeler<\/a> l\u2019AMA \u00e0 <em>\u00ab\u00a0montrer ses muscles\u00a0\u00bb<\/em> et \u00e0 <a class=\"lien_interne conjug\" title=\"Conjugaison du verbe cesser\" href=\"http:\/\/conjugaison.lemonde.fr\/conjugaison\/premier-groupe\/cesser\/\" target=\"_blank\">cesser<\/a> d\u2019\u00eatre <em>\u00ab\u00a0excessivement timide\u00a0\u00bb<\/em> avec les signataires.<\/p>\n<p><em>\u00bb Retrouvez notre article \u00ab\u00a0Silence, on dope\u00a0\u00bb dans le cahier \u00ab\u00a0Sport &amp;\u00a0forme\u00a0\u00bb du <\/em>Monde<em> dat\u00e9 samedi 14\u00a0novembre ou <a href=\"http:\/\/abonnes.lemonde.fr\/athletisme\/article\/2015\/11\/12\/silence-on-dope_4808426_1616661.html\">dans notre zone abonn\u00e9s<\/a>.<\/em><\/p>\n<\/div>\n<p><span class=\"auteur\">Par Yann Bouchez et Cl\u00e9ment Guillou<\/span><\/p>\n<p><a href=\"http:\/\/mobile.lemonde.fr\/sport\/article\/2015\/11\/13\/dopage-la-fifa-s-inquiete-de-la-perspective-de-laisser-les-controles-a-l-ama_4809411_3242.html#xtor=AL-32280270\">Le Monde<\/a><\/p>\n","protected":false},"excerpt":{"rendered":"<p>Lamine Diack et Thomas Bach lors des championnats du monde d&rsquo;athl\u00e9tisme de P\u00e9kin. L&rsquo;ancien pr\u00e9sident de l&rsquo;IAAF a depuis d\u00e9missionn\u00e9 du Comit\u00e9 international olympique.\u00a0|\u00a0Kin Cheung \/ AP Rarement appel \u00e0 la r\u00e9volution est pass\u00e9 autant inaper\u00e7u. Le 17\u00a0octobre, le Comit\u00e9 international olympique (CIO) a sugg\u00e9r\u00e9 un changement radical dans l\u2019organisation de la lutte antidopage, en<\/p>\n","protected":false},"author":134,"featured_media":6366,"comment_status":"open","ping_status":"open","sticky":false,"template":"","format":"standard","meta":{"_uf_show_specific_survey":0,"_uf_disable_surveys":false,"footnotes":""},"categories":[361],"tags":[],"class_list":{"0":"post-6365","1":"post","2":"type-post","3":"status-publish","4":"format-standard","5":"has-post-thumbnail","7":"category-sport-international"},"aioseo_notices":[],"_links":{"self":[{"href":"https:\/\/middleeasttransparent.com\/fr\/wp-json\/wp\/v2\/posts\/6365","targetHints":{"allow":["GET"]}}],"collection":[{"href":"https:\/\/middleeasttransparent.com\/fr\/wp-json\/wp\/v2\/posts"}],"about":[{"href":"https:\/\/middleeasttransparent.com\/fr\/wp-json\/wp\/v2\/types\/post"}],"author":[{"embeddable":true,"href":"https:\/\/middleeasttransparent.com\/fr\/wp-json\/wp\/v2\/users\/134"}],"replies":[{"embeddable":true,"href":"https:\/\/middleeasttransparent.com\/fr\/wp-json\/wp\/v2\/comments?post=6365"}],"version-history":[{"count":0,"href":"https:\/\/middleeasttransparent.com\/fr\/wp-json\/wp\/v2\/posts\/6365\/revisions"}],"wp:featuredmedia":[{"embeddable":true,"href":"https:\/\/middleeasttransparent.com\/fr\/wp-json\/wp\/v2\/media\/6366"}],"wp:attachment":[{"href":"https:\/\/middleeasttransparent.com\/fr\/wp-json\/wp\/v2\/media?parent=6365"}],"wp:term":[{"taxonomy":"category","embeddable":true,"href":"https:\/\/middleeasttransparent.com\/fr\/wp-json\/wp\/v2\/categories?post=6365"},{"taxonomy":"post_tag","embeddable":true,"href":"https:\/\/middleeasttransparent.com\/fr\/wp-json\/wp\/v2\/tags?post=6365"}],"curies":[{"name":"wp","href":"https:\/\/api.w.org\/{rel}","templated":true}]}}