{"id":6354,"date":"2015-11-14T12:10:30","date_gmt":"2015-11-14T11:10:30","guid":{"rendered":"http:\/\/middleeasttransparent.com\/news\/?p=6354"},"modified":"2016-05-09T19:58:27","modified_gmt":"2016-05-09T18:58:27","slug":"hollande-decrete-un-deuil-national-de-3-jours-et-evoque-un-acte-de-guerre-de-daech","status":"publish","type":"post","link":"https:\/\/middleeasttransparent.com\/fr\/hollande-decrete-un-deuil-national-de-3-jours-et-evoque-un-acte-de-guerre-de-daech\/","title":{"rendered":"Hollande d\u00e9cr\u00e8te un deuil national de 3 jours et \u00e9voque \u00abun acte de guerre\u00bb de Daech"},"content":{"rendered":"<div class=\"page-article-live-subtitle clearfix\">Une s\u00e9rie d&rsquo;attaques <a href=\"http:\/\/www.liberation.fr\/france\/2015\/11\/14\/les-attaques-du-13-novembre-2015-sont-sans-precedent-en-france_1413352\">sans pr\u00e9c\u00e9dent<\/a> a fait au moins 127 morts et au moins 180 bless\u00e9s \u00e0 Paris dans la soir\u00e9e du vendredi 13 novembre. A lire : <a href=\"http:\/\/www.liberation.fr\/france\/2015\/11\/13\/fusillades-a-paris-ce-que-l-on-sait_1413322\">attaques \u00e0 Paris ce que l&rsquo;on sait.<\/a><\/div>\n<p>Un <a href=\"http:\/\/www.liberation.fr\/france\/2015\/11\/14\/au-bataclan-j-ai-entendu-comme-des-petards-je-pensais-que-ca-faisait-partie-du-show_1413357\">carnage a eu lieu dans la salle de concert du Bataclan<\/a> o\u00f9 plusieurs dizaines de personnes ont \u00e9t\u00e9 tu\u00e9es.<\/p>\n<p>D&rsquo;autres fusillades ont fait une trentaine de morts dans diff\u00e9rents caf\u00e9s et restaurants du Xe et XIe arrondissement et des explosions ont \u00e9galement retenti \u00e0 proximit\u00e9 du Stade de France.<a href=\"http:\/\/www.liberation.fr\/france\/2015\/11\/13\/fusillade-dans-le-10e-arrondissement-de-paris_1413313\">(Retrouvez ici le live de la soir\u00e9e de vendredi)<\/a><\/p>\n<p>Huit des assaillants auraient trouv\u00e9 la mort pendant la soir\u00e9e, dont sept en se faisant exploser.<\/p>\n<p>Fran\u00e7ois Hollande a d\u00e9cr\u00e9t\u00e9 <a href=\"http:\/\/www.liberation.fr\/france\/2015\/11\/14\/l-etat-d-urgence-qu-est-ce-que-c-est_1413338\" target=\"_blank\">l&rsquo;\u00e9tat d&rsquo;urgence<\/a> et annonc\u00e9 le r\u00e9tablissement des <a href=\"http:\/\/www.liberation.fr\/france\/2015\/11\/14\/que-signifie-la-fermeture-des-frontieres_1413339\" target=\"_blank\">contr\u00f4les aux fronti\u00e8res.<\/a> La plupart des partis ont annonc\u00e9 la suspension de la campagne des r\u00e9gionales.<\/p>\n<p>Suivez en direct l&rsquo;\u00e9volution des \u00e9v\u00e9nements de la journ\u00e9e avec\u00a0<em>Lib\u00e9ration<\/em> (si ce live ne s&rsquo;ouvre pas dans votre application,<a href=\"http:\/\/bit.ly\/1MtdXvW\" target=\"_blank\">cliquez ici)<\/a>.<\/p>\n<div class=\"live-article\">\n<h3 class=\"live-item-title live_item_js\" data-pinned=\"false\" data-id=\"23081\"><time>11:47\u00a0<\/time>L&rsquo;Etat islamique revendique les attaques \u00e0 Paris<\/h3>\n<p>L&rsquo;Etat islamique a diffus\u00e9 un communiqu\u00e9 revendiquant les diff\u00e9rentes attaques qui ont eu lieu \u00e0 Paris vendredi soir. L&rsquo;EI explique avoir <em>\u00abpris pour cible la capitale des abominations et de la perversion, celle qui porte la banni\u00e8re de la croix en Europe, Paris\u00bb<\/em>. \u00ab<em>Huit fr\u00e8res portant des ceintures d&rsquo;explosifs et des fusils d&rsquo;assaut ont pris pour cible des endroits choisis minutieusement \u00e0 l&rsquo;avance au c\u0153ur de la capitale fran\u00e7aise [&#8230;]. Paris a trembl\u00e9 sous leurs pieds et ses rues sont devenues \u00e9troites pour eux. Le bilan de ces attaques est de minimum 200 crois\u00e9s tu\u00e9s.\u00bb<\/em><\/p>\n<p><em>\u00abLa France et ceux qui suivent sa voie doivent savoir qu&rsquo;ils restent les principales cibles de l&rsquo;Etat islamique et qu&rsquo;ils continueront \u00e0 sentir l&rsquo;odeur de la mort pour avoir pris la t\u00eate de la croisade. [&#8230;] Cette attaque n&rsquo;est que le d\u00e9but de la temp\u00eate et un avertissement pour ceux qui veulent m\u00e9diter et tirer des le\u00e7ons.\u00bb<\/em><\/p>\n<div class=\"live-content\">\n<div class=\"live-bull bull-twitter\">\n<p><a href=\"http:\/\/twitter.com\/VegetaMoustache\/status\/665480418875981824\/photo\/1\" target=\"_blank\"><img decoding=\"async\" class=\"live-bull-image aligncenter\" src=\"http:\/\/pbs.twimg.com\/media\/CTxC6eHXIAAGXtC.jpg\" alt=\"\" \/><\/a><\/p>\n<div class=\"live-bull-content\"><\/div>\n<\/div>\n<\/div>\n<\/div>\n<h3 class=\"live-item-title live_item_js\" data-pinned=\"false\" data-id=\"23081\"><\/h3>\n<div class=\"live-content\"><\/div>\n<h3 class=\"live-item-title live_item_js\" data-pinned=\"false\" data-id=\"23080\"><\/h3>\n<h3 class=\"live-item-title live_item_js\" data-pinned=\"false\" data-id=\"23078\"><time>11:27<\/time>Sarkozy : \u00abInt\u00e9grer le fait que nous sommes en guerre\u00bb<\/h3>\n<p><span class=\"flavor-text\">Verbatim.<\/span><\/p>\n<p>Nicolas Sarkozy, pr\u00e9sident du parti Les R\u00e9publicains, a \u00e9galement pris la parole ce samedi matin. <em>\u00abNous devons comprendre les raisons pour lesquelles de telles attaques sont possibles et en tirer les cons\u00e9quences,<\/em> a estim\u00e9 l&rsquo;ancien pr\u00e9sident de la R\u00e9publique. <em>Notre politique ext\u00e9rieure doit int\u00e9grer le fait que nous sommes en guerre. Notre politique de s\u00e9curit\u00e9 int\u00e9rieure \u00e9galement. Nous avons besoin d&rsquo;inflexions majeures pour que la s\u00e9curit\u00e9 des Fran\u00e7ais soit pleinement assur\u00e9e. Au del\u00e0 du n\u00e9cessaire \u00e9tat d&rsquo;urgence et des contr\u00f4les aux fronti\u00e8res, nous soutiendrons toutes les d\u00e9cisions qui iront dans le sens d&rsquo;un renforcement drastique des mesures de s\u00e9curit\u00e9 qui permettront de prot\u00e9ger la vie de nos compatriotes. Notre nation doit \u00eatre soud\u00e9e. Notre histoire est charg\u00e9e d&rsquo;\u00e9preuves, nous avons toujours su les surmonter, nous surmonterons celle-ci avec sang froid, d\u00e9termination et force.\u00bb<\/em><\/p>\n<p>Nicolas Sarkozy a par ailleurs pr\u00e9cis\u00e9 qu&rsquo;il s&rsquo;\u00e9tait entretenu avec Fran\u00e7ois Hollande dans la matin\u00e9e et qu&rsquo;il le rencontrerait dimanche matin.<\/p>\n<p>&nbsp;<\/p>\n<h3 class=\"live-item-title live_item_js\" data-pinned=\"false\" data-id=\"23077\"><\/h3>\n<h3 class=\"live-item-title live_item_js\" data-pinned=\"false\" data-id=\"23076\"><time>11:03<\/time>Hollande : la France agira \u00abavec tous les moyens qui conviennent\u00bb<\/h3>\n<p><span class=\"flavor-text\">Verbatim.<\/span><\/p>\n<p>Fran\u00e7ois Hollande s&rsquo;est exprim\u00e9 : \u00abLes familles sont dans le chagrin, la d\u00e9tresse, le pays est dans la peine. J&rsquo;ai pris un d\u00e9cret pour proclamer le deuil national pour trois jours. Toutes les mesures pour prot\u00e9ger nos citoyens sont prises dans le cadre de l&rsquo;\u00e9tat d&rsquo;urgence.<\/p>\n<p>Des militaires patrouilleront en plein Paris tout au long de ces prochains jours. La France, parce qu&rsquo;elle a \u00e9t\u00e9 agress\u00e9e, l\u00e2chement, violemment, sera impitoyable \u00e0 l&rsquo;\u00e9gard des barbares de Daesh. Elle agira avec tous les moyens qui conviennent, dans le cadre du droit, avec tous les moyens, int\u00e9rieurs et ext\u00e9rieurs, en concertation avec nos alli\u00e9s qui eux-m\u00eames sont vis\u00e9s par cette menace terroriste.<\/p>\n<p>En cette p\u00e9riode si grave j&rsquo;en appelle \u00e0 l&rsquo;unit\u00e9, au rassemblement, au sang froid et je m&rsquo;adresserai au parlement r\u00e9uni en Congr\u00e8s \u00e0 Versailles lundi soir, pour rassembler la nation dans cette \u00e9preuve. La France est forte et m\u00eame si elle peut \u00eatre bless\u00e9e elle se l\u00e8ve toujours, et rien ne pourra l&rsquo;atteindre, m\u00eame si le chagrin nous assaille. La France est solide, active, elle est vaillante, et elle triomphera de la barbarie. L&rsquo;histoire nous le rappelle et la force que nous sommes capables aujourd&rsquo;hui de mobiliser, nous en convainc. Mes compatriotes, ce que nous d\u00e9fendons c&rsquo;est notre patrie et bien plus que cela, ce sont nos valeurs d&rsquo;humanit\u00e9 et la France saura prendre ses responsabilit\u00e9s.<\/p>\n<p>&nbsp;<\/p>\n<p><a href=\"http:\/\/www.liberation.fr\/france\/2015\/11\/14\/attaques-a-paris-suivez-la-journee-en-direct_1413362\">Lib\u00e9ration<\/a><\/p>\n","protected":false},"excerpt":{"rendered":"<p>Une s\u00e9rie d&rsquo;attaques sans pr\u00e9c\u00e9dent a fait au moins 127 morts et au moins 180 bless\u00e9s \u00e0 Paris dans la soir\u00e9e du vendredi 13 novembre. A lire : attaques \u00e0 Paris ce que l&rsquo;on sait. Un carnage a eu lieu dans la salle de concert du Bataclan o\u00f9 plusieurs dizaines de personnes ont \u00e9t\u00e9 tu\u00e9es.<\/p>\n","protected":false},"author":123,"featured_media":6356,"comment_status":"open","ping_status":"open","sticky":false,"template":"","format":"standard","meta":{"_uf_show_specific_survey":0,"_uf_disable_surveys":false,"footnotes":""},"categories":[22],"tags":[],"class_list":{"0":"post-6354","1":"post","2":"type-post","3":"status-publish","4":"format-standard","5":"has-post-thumbnail","7":"category-actualites-fr"},"aioseo_notices":[],"_links":{"self":[{"href":"https:\/\/middleeasttransparent.com\/fr\/wp-json\/wp\/v2\/posts\/6354","targetHints":{"allow":["GET"]}}],"collection":[{"href":"https:\/\/middleeasttransparent.com\/fr\/wp-json\/wp\/v2\/posts"}],"about":[{"href":"https:\/\/middleeasttransparent.com\/fr\/wp-json\/wp\/v2\/types\/post"}],"author":[{"embeddable":true,"href":"https:\/\/middleeasttransparent.com\/fr\/wp-json\/wp\/v2\/users\/123"}],"replies":[{"embeddable":true,"href":"https:\/\/middleeasttransparent.com\/fr\/wp-json\/wp\/v2\/comments?post=6354"}],"version-history":[{"count":0,"href":"https:\/\/middleeasttransparent.com\/fr\/wp-json\/wp\/v2\/posts\/6354\/revisions"}],"wp:featuredmedia":[{"embeddable":true,"href":"https:\/\/middleeasttransparent.com\/fr\/wp-json\/wp\/v2\/media\/6356"}],"wp:attachment":[{"href":"https:\/\/middleeasttransparent.com\/fr\/wp-json\/wp\/v2\/media?parent=6354"}],"wp:term":[{"taxonomy":"category","embeddable":true,"href":"https:\/\/middleeasttransparent.com\/fr\/wp-json\/wp\/v2\/categories?post=6354"},{"taxonomy":"post_tag","embeddable":true,"href":"https:\/\/middleeasttransparent.com\/fr\/wp-json\/wp\/v2\/tags?post=6354"}],"curies":[{"name":"wp","href":"https:\/\/api.w.org\/{rel}","templated":true}]}}