{"id":61505,"date":"2021-11-24T19:12:03","date_gmt":"2021-11-24T18:12:03","guid":{"rendered":"https:\/\/middleeasttransparent.com\/?p=61505"},"modified":"2021-11-24T19:12:03","modified_gmt":"2021-11-24T18:12:03","slug":"le-prince-des-emirats-scelle-sa-reconciliation-avec-erdogan","status":"publish","type":"post","link":"https:\/\/middleeasttransparent.com\/fr\/le-prince-des-emirats-scelle-sa-reconciliation-avec-erdogan\/","title":{"rendered":"Le prince des \u00c9mirats scelle sa r\u00e9conciliation avec Erdogan"},"content":{"rendered":"<header class=\"header-article\">\n<figure>\n<div><\/div>\n<div id=\"hero_infos\">\n<div class=\"timeReading caption\"><\/div>\n<\/div>\n<\/figure>\n<\/header>\n<section class=\"section-article\">\n<div id=\"content_article\">\n<h3 class=\"text-center amp-hidden\"><span style=\"color: #666699;\">Ennemis jur\u00e9s depuis le d\u00e9but des printemps arabes en 2011, Abu Dhabi et Ankara veulent que leurs relations connaissent une \u00ab nouvelle \u00e8re \u00bb.<\/span><\/h3>\n<p>&nbsp;<\/p>\n<\/div>\n<div><\/div>\n<div class=\"article_element paragraph\" role=\"listitem\">\n<p class=\"p1\">Le tapis rouge pour MBZ dans le palais d\u2019Erdogan : la sc\u00e8ne e\u00fbt \u00e9t\u00e9 inimaginable il y a encore deux ans, alors que les deux hommes, en froid depuis plusieurs ann\u00e9es, se livraient bataille par drones interpos\u00e9s dans le ciel libyen. Mais les int\u00e9r\u00eats strat\u00e9giques du moment, li\u00e9s entre autres au d\u00e9sengagement am\u00e9ricain de la r\u00e9gion, semblent avoir eu raison des vieilles querelles opposant la Turquie \u00e0 son rival d\u2019Abu Dhabi. \u00ab Les relations bilat\u00e9rales seront examin\u00e9es dans toutes leurs dimensions et les mesures destin\u00e9es \u00e0 les am\u00e9liorer seront envisag\u00e9es \u00bb, indique un communiqu\u00e9 de la pr\u00e9sidence turque en guise de pr\u00e9ambule \u00e0 la visite tr\u00e8s attendue, ce mercredi, du prince h\u00e9ritier Mohammed Ben Zayed al-Nahyan (MBZ). Ce d\u00e9placement vise \u00e0 \u00ab consolider les liens bilat\u00e9raux et examiner diverses questions r\u00e9gionales et internationales \u00bb, pr\u00e9cise l\u2019agence officielle des \u00c9mirats sur son compte Twitter. Au sommaire des discussions figure \u00e9galement un important volet \u00e9conomique, croit savoir une source turque bien inform\u00e9e. \u00abLes \u00c9mirats songeraient \u00e0 investir entre 10 et 15 milliards de dollars, notamment dans le domaine militaire et a\u00e9ronautique\u2026 et qui pourrait concerner, ironie de l\u2019histoire, l\u2019achat de drones turcs \u00bb, confie-t-elle.<\/p>\n<p class=\"p1\">Une page est-elle en train de se tourner\u00a0? Voil\u00e0 presque une d\u00e9cennie que la Turquie et les \u00c9mirats \u00e9taient engag\u00e9s dans une querelle r\u00e9gionale qui les opposait \u00e0 tous les niveaux et s\u2019\u00e9tait cristallis\u00e9e autour de l\u2019\u00c9gypte, \u00e0 l\u2019issue des r\u00e9volutions du printemps arabe de\u00a02011\u00a0: Ankara soutenant le pr\u00e9sident \u00e9gyptien issu des Fr\u00e8res musulmans, Mohamed Morsi, Abu Dhabi appuyant de son c\u00f4t\u00e9 le mar\u00e9chal Sissi, \u00e0 l\u2019origine de l\u2019\u00e9viction forc\u00e9e du premier, en 2013. Le conflit libyen n\u2019a fait qu\u2019exacerber les tensions, puisque les deux pays se sont de nouveau retrouv\u00e9s dans deux camps oppos\u00e9s\u00a0: celui du gouvernement d\u2019Union nationale de Tripoli pour la Turquie\u00a0; celui du mar\u00e9chal Haftar, proche du\u00a0Caire, pour les \u00c9mirats, le tout sur fond de querelle autour de la d\u00e9limitation des fronti\u00e8res maritimes en M\u00e9diterran\u00e9e orientale. \u00ab\u00a0Paradoxalement, les dirigeants turcs et \u00e9miratis ont b\u00e9n\u00e9fici\u00e9 de cette confrontation sur le plan politique, en l\u2019utilisant pour conforter leurs positions int\u00e9rieures et internationales. Pour les \u00c9mirats arabes unis, contrer la Turquie a ouvert la porte \u00e0 de nouvelles alliances avec des acteurs occidentaux, notamment des pays europ\u00e9ens comme la France et la Gr\u00e8ce, et a renforc\u00e9 sa position \u00e0 Washington. Pour Ankara, sa description des \u00c9mirats arabes unis comme \u00e9tant r\u00e9solus \u00e0 d\u00e9stabiliser Erdogan, a aliment\u00e9 la th\u00e8se officielle selon laquelle des forces ext\u00e9rieures essayent de saboter une Turquie en plein essor &#8211; th\u00e8me cl\u00e9 des dirigeants turcs lorsqu\u2019ils expliquent leurs objectifs de politique \u00e9trang\u00e8re aux \u00e9lecteurs\u00a0\u00bb, observent les chercheuses Asli Aydintasbas et Cinzia Bianco dans un rapport du European Council of Foreign Relations.<\/p>\n<\/div>\n<div id=\"content_article\">\n<div role=\"listitem\"><\/div>\n<div class=\"i-amphtml-fill-content i-amphtml-replaced-content\" role=\"list\">\n<div class=\"article_element paragraph\" role=\"listitem\">Mais apr\u00e8s avoir longtemps capitalis\u00e9 sur cette rivalit\u00e9, la Turquie doit se rendre \u00e0 l\u2019\u00e9vidence\u00a0: l\u2019\u00e9chec du mod\u00e8le des Fr\u00e8res musulmans et la crise \u00e9conomique actuelle la contraignent \u00e0 sortir de son isolement. Pour leur part, les \u00c9mirats ont pris note de la r\u00e9ticence du nouveau pr\u00e9sident am\u00e9ricain, Joe Biden, \u00e0 soutenir sans \u00e9quivoque les monarchies du Golfe, et ils se doivent de r\u00e9ajuster leur politique r\u00e9gionale. C\u2019est en d\u00e9but d\u2019ann\u00e9e qu\u2019un premier pas a \u00e9t\u00e9 fait. \u00ab\u00a0Nous n\u2019avons pas de probl\u00e8mes avec la Turquie, tels que des questions de fronti\u00e8res ou de toute autre nature\u00a0\u00bb, avait d\u00e9clar\u00e9 le ministre d\u2019\u00c9tat \u00e9mirati aux Affaires \u00e9trang\u00e8res dans une interview accord\u00e9e en janvier 2021 \u00e0 Sky News Arabia, en ajoutant qu\u2019Ankara pourrait \u00ab\u00a0recalibrer ses relations\u00a0\u00bb en mettant fin \u00e0 son \u00ab\u00a0soutien aux Fr\u00e8res musulmans\u00a0\u00bb. Les premiers signes de d\u00e9sescalade avaient vite suivi\u00a0: les \u00c9mirats arabes unis avaient r\u00e9tabli les vols entre Istanbul, Abu Dhabi et Duba\u00ef, <strong>tandis que la Turquie imposait des restrictions aux Fr\u00e8res musulmans &#8211; en demandant notamment aux cha\u00eenes d\u2019opposition \u00e9gyptienne bas\u00e9es \u00e0 Istanbul<\/strong> de cesser leurs critiques envers le pr\u00e9sident Sissi. Quelques mois plus tard, au c\u0153ur de l\u2019\u00e9t\u00e9, la d\u00e9tente s\u2019\u00e9tait acc\u00e9l\u00e9r\u00e9e avec la visite du conseiller \u00e0 la s\u00e9curit\u00e9 nationale des \u00c9mirats, <strong>Tahnoun Ben Zayed al-Nahyan<\/strong>, dans la capitale turque. Cette rencontre in\u00e9dite avec Erdogan, qui pr\u00e9parait le terrain \u00e0 celle de ce mercredi, avait alors \u00e9t\u00e9 c\u00e9l\u00e9br\u00e9e comme le \u00ab\u00a0d\u00e9but d\u2019une nouvelle \u00e8re \u00bb.<\/div>\n<\/div>\n<\/div>\n<\/section>\n<div role=\"listitem\"><\/div>\n<div role=\"listitem\"><a href=\"https:\/\/www.lefigaro.fr\/international\/le-prince-des-emirats-scelle-sa-reconciliation-avec-recep-tayyip-erdogan-20211123\">LE FIGARO<\/a><\/div>\n","protected":false},"excerpt":{"rendered":"<p>Ennemis jur\u00e9s depuis le d\u00e9but des printemps arabes en 2011, Abu Dhabi et Ankara veulent que leurs relations connaissent une \u00ab nouvelle \u00e8re \u00bb. &nbsp; Le tapis rouge pour MBZ dans le palais d\u2019Erdogan : la sc\u00e8ne e\u00fbt \u00e9t\u00e9 inimaginable il y a encore deux ans, alors que les deux hommes, en froid depuis plusieurs<\/p>\n","protected":false},"author":82,"featured_media":61508,"comment_status":"open","ping_status":"open","sticky":false,"template":"","format":"standard","meta":{"_uf_show_specific_survey":0,"_uf_disable_surveys":false,"footnotes":""},"categories":[37],"tags":[],"class_list":{"0":"post-61505","1":"post","2":"type-post","3":"status-publish","4":"format-standard","5":"has-post-thumbnail","7":"category-alaune-fr"},"aioseo_notices":[],"_links":{"self":[{"href":"https:\/\/middleeasttransparent.com\/fr\/wp-json\/wp\/v2\/posts\/61505","targetHints":{"allow":["GET"]}}],"collection":[{"href":"https:\/\/middleeasttransparent.com\/fr\/wp-json\/wp\/v2\/posts"}],"about":[{"href":"https:\/\/middleeasttransparent.com\/fr\/wp-json\/wp\/v2\/types\/post"}],"author":[{"embeddable":true,"href":"https:\/\/middleeasttransparent.com\/fr\/wp-json\/wp\/v2\/users\/82"}],"replies":[{"embeddable":true,"href":"https:\/\/middleeasttransparent.com\/fr\/wp-json\/wp\/v2\/comments?post=61505"}],"version-history":[{"count":0,"href":"https:\/\/middleeasttransparent.com\/fr\/wp-json\/wp\/v2\/posts\/61505\/revisions"}],"wp:featuredmedia":[{"embeddable":true,"href":"https:\/\/middleeasttransparent.com\/fr\/wp-json\/wp\/v2\/media\/61508"}],"wp:attachment":[{"href":"https:\/\/middleeasttransparent.com\/fr\/wp-json\/wp\/v2\/media?parent=61505"}],"wp:term":[{"taxonomy":"category","embeddable":true,"href":"https:\/\/middleeasttransparent.com\/fr\/wp-json\/wp\/v2\/categories?post=61505"},{"taxonomy":"post_tag","embeddable":true,"href":"https:\/\/middleeasttransparent.com\/fr\/wp-json\/wp\/v2\/tags?post=61505"}],"curies":[{"name":"wp","href":"https:\/\/api.w.org\/{rel}","templated":true}]}}