{"id":6139,"date":"2015-11-06T17:29:27","date_gmt":"2015-11-06T16:29:27","guid":{"rendered":"http:\/\/middleeasttransparent.com\/news\/?p=6139"},"modified":"2015-11-14T22:58:09","modified_gmt":"2015-11-14T21:58:09","slug":"les-peches-capitaux-du-vatican","status":"publish","type":"post","link":"https:\/\/middleeasttransparent.com\/fr\/les-peches-capitaux-du-vatican\/","title":{"rendered":"Les p\u00e9ch\u00e9s capitaux du Vatican"},"content":{"rendered":"<nav id=\"menu\"><\/nav>\n<div id=\"main-title\"><\/div>\n<div id=\"main\" class=\"clear-fix\">\n<div id=\"primary\">\n<div id=\"content\" class=\"clear-fix\">\n<article id=\"post-17779\" class=\"post-17779 post type-post status-publish format-standard hentry category-senza-categoria\">\n<div class=\"post-content clear-fix\">\n<div class=\"post-entry\">\n<div>\n<p id=\"dropcap\" class=\"dropcap13\"><strong>Le journaliste italien Gianluigi Nuzzi r\u00e9v\u00e8le dans \u201d Chemin de croix \u201c, documents secrets \u00e0 l\u2019appui, la gabegie des finances du Saint-Si\u00e8ge, ainsi que la violence des luttes internes qui secouent, depuis des ann\u00e9es, le plus petit Etat du monde<\/strong><\/p>\n<p class=\"dropcap13\"><strong>Le trou noir du denier de l\u2019Eglise<\/strong><\/p>\n<p>Au c\u0153ur m\u00eame de l\u2019Eglise, il existe un trou noir que Fran\u00e7ois d\u00e9couvre au prix de nombreuses difficult\u00e9s \u00a0: une mauvaise gestion qui finit par se transformer en escroquerie et en machination. Gr\u00e2ce \u00e0 l\u2019unit\u00e9 op\u00e9rationnelle qu\u2019il a impos\u00e9e avec une \u00e9nergie sans pr\u00e9c\u00e9dent, il parvient \u00e0 acqu\u00e9rir la certitude que les fonds destin\u00e9s aux indigents servent \u00e0 couvrir les frais de la curie. Un v\u00e9ritable scandale. L\u2019argent que des catholiques du monde entier envoient au Vatican pour contribuer \u00e0 des \u0153uvres de charit\u00e9, loin d\u2019\u00eatre vers\u00e9 aux pauvres, est utilis\u00e9 pour combler les d\u00e9ficits financiers dus \u00e0 certains cardinaux et aux hommes qui contr\u00f4lent l\u2019appareil bureaucratique du Saint-Si\u00e8ge. Or, Jorge Bergoglio a choisi le pr\u00e9nom Fran\u00e7ois parce que la mission de son Eglise \u00e9tait cens\u00e9e correspondre exactement \u00e0 celle de saint Fran\u00e7ois d\u2019Assise \u00a0: aider les pauvres. (\u2026)<\/p>\n<p>L\u2019exemple le plus scandaleux nous est offert par le Denier de Saint-Pierre. Le site du Vatican le d\u00e9finit pourtant en termes tr\u00e8s clairs \u00a0: il s\u2019agit de \u201d \u00a0l\u2019aide \u00e9conomique que les fid\u00e8les apportent au Saint-P\u00e8re, en signe de participation \u00e0 la sollicitude du successeur de Pierre pour les nombreux besoins de l\u2019Eglise universelle, et \u00e0 ses \u0153uvres de charit\u00e9 en faveur des plus d\u00e9sh\u00e9rit\u00e9s. (\u2026) Les offrandes des fid\u00e8les au Saint-P\u00e8re sont destin\u00e9es aux \u0153uvres eccl\u00e9siales, aux initiatives humanitaires et aux actions de promotion sociale, de m\u00eame qu\u2019au soutien des activit\u00e9s du Saint-Si\u00e8ge. En tant que pasteur de toute l\u2019Eglise, le pape se pr\u00e9occupe aussi des besoins mat\u00e9riels des dioc\u00e8ses pauvres, d\u2019instituts religieux et de fid\u00e8les connaissant de graves difficult\u00e9s (pauvres, enfants, marginaux, victimes de guerres ou de catastrophes naturelles \u00a0; aides particuli\u00e8res \u00e0 des \u00e9v\u00eaques ou \u00e0 des dioc\u00e8ses en difficult\u00e9, \u00e9ducation catholique, aide aux r\u00e9fugi\u00e9s ou aux migrants, etc.) \u201c. \u00a0(\u2026)<\/p>\n<p>Dans les faits, les offrandes destin\u00e9es aux pauvres demeurent \u00e0 ce jour un v\u00e9ritable trou noir \u00a0: un secret total est maintenu sur la fa\u00e7on dont elles sont d\u00e9pens\u00e9es, et l\u2019on se contente d\u2019un simple \u201d \u00a0compte rendu \u00a0\u201d sur les sommes encaiss\u00e9es, ce qui permet d\u2019\u00e9chapper \u00e0 toute obligation de les reporter dans la comptabilit\u00e9 des bilans officiels. Un tel choix a \u00e9t\u00e9 dict\u00e9 par des \u201d \u00a0Autorit\u00e9s sup\u00e9rieures \u00a0\u201c, autrement dit le secr\u00e9taire d\u2019Etat ou le pr\u00e9c\u00e9dent pape. Pourquoi tant de myst\u00e8re \u00a0? \u00c0 quoi ces sommes sont-elles donc employ\u00e9es \u00a0? Voici la r\u00e9ponse, peu d\u00e9taill\u00e9e mais tr\u00e8s \u00e9clairante \u2013 tir\u00e9e d\u2019un rapport confidentiel portant sur l\u2019ann\u00e9e 1992 \u2013 \u00a0: \u201d \u00a0La collecte est utilis\u00e9e pour \u00a0: les initiatives caritatives et\/ou des projets pr\u00e9cis signal\u00e9s par le Saint-P\u00e8re (14,1 \u00a0millions) \u00a0; la transmission des offrandes ob\u00e9issant \u00e0 une finalit\u00e9 sp\u00e9cifique (6,9 \u00a0millions) \u00a0; l\u2019entretien de la curie romaine (28,9 \u00a0millions). A quoi il faut ajouter un provisionnement sur le fonds Denier de Saint-Pierre \u00e0 hauteur de 6,3 \u00a0millions. \u00a0\u201d<\/p>\n<p>Tout cela signifie que plus de la moiti\u00e9 des offrandes envoy\u00e9es par les fid\u00e8les du monde entier, cens\u00e9ment vers\u00e9es aux n\u00e9cessiteux, alimentent en r\u00e9alit\u00e9 les caisses de la curie. Abstraction faite du provisionnement, la proportion est de 58 \u00a0% \u00a0: calcul\u00e9e malgr\u00e9 tout par d\u00e9faut, elle doit sans doute, bien que d\u00e9j\u00e0 tr\u00e8s consistante, \u00eatre augment\u00e9e sensiblement. Si l\u2019on contr\u00f4le rubrique par rubrique, sur le document in\u00e9dit de la Secr\u00e9tairerie, les \u201d \u00a0donations du Saint-P\u00e8re \u00a0\u201c, le constat est tr\u00e8s clair. Beno\u00eet XVI a davantage employ\u00e9 ces 14,1 \u00a0millions pour assainir les comptes d\u00e9ficitaires du Saint-Si\u00e8ge que pour financer des \u0153uvres de charit\u00e9 \u00a0: 5,5 \u00a0millions ont \u00e9t\u00e9 allou\u00e9s \u00e0 l\u2019imprimerie, 1 \u00a0million est all\u00e9 \u00e0 la biblioth\u00e8que et 309 \u00a0000 \u00a0euros ont \u00e9t\u00e9 remis \u00e0 des fondations. Toutes ces sommes ont donc \u00e9t\u00e9 affect\u00e9es \u00e0 des entit\u00e9s et \u00e0 des structures sises \u00e0 l\u2019int\u00e9rieur des murs du Vatican. En r\u00e9sum\u00e9, sur les 53,2 \u00a0millions encaiss\u00e9s par le Denier en \u00a02012, auxquels il faut de surcro\u00eet ajouter 3 \u00a0millions d\u2019int\u00e9r\u00eats, 35,7 \u00a0millions (67 \u00a0%) ont \u00e9t\u00e9 d\u00e9pens\u00e9s au profit de la curie et 6,3 \u00a0millions (12,4 \u00a0%) restent inutilis\u00e9s, puisque provisionn\u00e9s sur le fonds Denier de Saint-Pierre.<\/p>\n<p>&nbsp;<\/p>\n<p><strong>Patrimoine immobilier du Vatican et cupidit\u00e9 des pr\u00e9lats<\/strong><\/p>\n<p>La cupidit\u00e9 des pr\u00e9lats para\u00eet en effet sans limites, comme le montre bien le cas exemplaire de son \u00e9minence r\u00e9v\u00e9rendissime Monseigneur Giuseppe Sciacca. N\u00e9 en \u00a01955 \u00e0 Aci Catena, une petite commune de la province de Catane, il a \u00e9t\u00e9 nomm\u00e9 secr\u00e9taire g\u00e9n\u00e9ral du Gouvernorat par Beno\u00eet XVI le 3 \u00a0septembre 2011 et semble avoir un faible pour les demeures confortables et, surtout, spacieuses. Son Eminence aime organiser des cocktails et des d\u00eeners pour recevoir ses amis, mais d\u00e9daigne pour cela, selon toute apparence, le bel appartement qu\u2019il occupe \u00e0 la Cit\u00e9 du Vatican, bien entendu sans payer de loyer. Il s\u2019agit de celui o\u00f9 v\u00e9cut jadis, au palais Saint-Charles, le cardinal polonais Andrzej Maria Deskur, un ami personnel de Jean-Paul II d\u00e9c\u00e9d\u00e9 en septembre \u00a02011. Nous sommes en \u00a02012 \u00a0: Monseigneur Sciacca occupe maintenant depuis plusieurs mois son poste prestigieux au sein de l\u2019organisation qui g\u00e8re les d\u00e9penses et les appels d\u2019offres du Saint-Si\u00e8ge. C\u2019est Tarcisio Bertone, son ami de toujours, qui a convaincu Beno\u00eet XVI de confier \u00e0 ce haut pr\u00e9lat le r\u00f4le d\u00e9licat de num\u00e9ro deux du Gouvernorat. Joseph Ratzinger l\u2019a donc choisi pour succ\u00e9der au secr\u00e9taire g\u00e9n\u00e9ral sortant, Monseigneur Carlo Maria Vigan\u00f2. (\u2026)<\/p>\n<p>Monseigneur Sciacca se sent donc \u00e0 l\u2019\u00e9troit dans cette demeure qu\u2019il juge trop modeste. Il voudrait un autre appartement, plus accueillant et plus vaste, mais il ne sait pas encore comment s\u2019y prendre \u00a0: il ne peut qu\u2019attendre une occasion favorable, qui finit fatalement par se pr\u00e9senter un jour. Il suffira d\u2019un peu de cynisme et de ruse pour que l\u2019affaire soit dans le sac. Le haut pr\u00e9lat sait tr\u00e8s bien ce qu\u2019il a \u00e0 faire \u00a0: aussi rapide qu\u2019un pr\u00e9dateur, il \u00e9chafaude un plan d\u2019une audace qui continue d\u2019appara\u00eetre incroyable, m\u00eame a posteriori.<\/p>\n<p>La cible de Monseigneur Sciacca est son voisin de palier, un doux pr\u00eatre tr\u00e8s \u00e2g\u00e9, et \u00e0 la sant\u00e9 de plus en plus fragile, qui vit l\u00e0 avec une religieuse et ne sort plus de chez lui depuis longtemps. Personne ne le voyant plus se promener au Vatican, le secr\u00e9taire du Gouvernorat demande des informations et souhaite comprendre ce qui lui est arriv\u00e9. Il apprend ainsi qu\u2019au cours des derniers mois, ce malheureux pr\u00eatre a d\u00fb se soumettre \u00e0 des soins et des contr\u00f4les m\u00e9dicaux incessants, et qu\u2019il est en ce moment m\u00eame hospitalis\u00e9 pour subir des examens sp\u00e9cialis\u00e9s urgents. Pendant ce temps, les rumeurs sur son \u00e9tat de sant\u00e9 se r\u00e9pandent et se multiplient \u00a0: beaucoup le donnent d\u00e9sormais pour moribond, et de nombreuses personnes estiment qu\u2019il lui sera difficile de r\u00e9int\u00e9grer son logement. Monseigneur Sciacca effectue alors une d\u00e9marche \u00e9tonnante \u00a0: il appelle une entreprise de b\u00e2timent b\u00e9n\u00e9ficiant de sa confiance, lui indique le mur de s\u00e9paration des deux appartements et demande qu\u2019on y creuse un trou pour les mettre en communication. Il a en effet besoin de pr\u00e9cieux m\u00e8tres carr\u00e9s suppl\u00e9mentaires pour rendre sa r\u00e9sidence plus accueillante. Malgr\u00e9 une certaine surprise, les ma\u00e7ons obtemp\u00e8rent et acc\u00e8dent \u00e0 la demeure du pr\u00eatre apr\u00e8s avoir ouvert un passage dans le mur. En quelques heures, les jeux sont faits \u00a0: comme par magie, l\u2019habitation du secr\u00e9taire g\u00e9n\u00e9ral du Gouvernorat dispose dor\u00e9navant d\u2019une pi\u00e8ce suppl\u00e9mentaire, qui servira de salon. Et par contrecoup, celle du pr\u00eatre \u00e0 la sant\u00e9 chancelante, ignorant de tout, se r\u00e9duit d\u2019autant.<\/p>\n<p>Les surprises ne s\u2019arr\u00eatent d\u2019ailleurs pas l\u00e0 \u00a0: outre la pi\u00e8ce elle-m\u00eame, Monseigneur Sciacca \u201d \u00a0annexe \u00a0\u201d aussi son mobilier provenant du \u201d \u00a0magasin de fleurs \u00a0\u201c, le service qui s\u2019occupe, entre autres, des meubles de la nomenklatura religieuse, et qui d\u00e9pend justement de ce Gouvernorat o\u00f9 l\u2019\u00e9v\u00eaque occupe une place si importante. Quant aux affaires personnelles du pr\u00eatre, on les range dans des cartons d\u00e9pos\u00e9s ensuite dans le couloir, comme pour la pr\u00e9paration d\u2019un d\u00e9m\u00e9nagement. Enfin, on mure la porte de la pi\u00e8ce \u201d \u00a0conquise \u00a0\u201d donnant acc\u00e8s au reste de l\u2019appartement du voisin. A la curie, l\u2019affaire provoque \u00e0 la fois une certaine surprise, des r\u00e9actions hilares et des ressentiments. Surtout lorsque le vieux pr\u00eatre, qui n\u2019a pas la moindre intention de passer de vie \u00e0 tr\u00e9pas, rentre chez lui. Il est ais\u00e9 d\u2019imaginer son \u00e9tonnement. Il comprend que quelque chose ne va pas d\u00e8s l\u2019ouverture de sa porte et retrouve son appartement chang\u00e9, diminu\u00e9 d\u2019une pi\u00e8ce. Il est cependant trop \u00e2g\u00e9 pour protester et r\u00e9clamer justice.<\/p>\n<p>&nbsp;<\/p>\n<p><strong>Myst\u00e9rieux cambriolage au c\u0153ur de Saint-Pierre<\/strong><\/p>\n<p>Le dimanche 30 \u00a0mars 2014, quelques heures avant l\u2019aube, la place Saint-Pierre est encore d\u00e9serte. Nous sommes au c\u0153ur d\u2019un des quartiers les plus surveill\u00e9s au monde et pourtant, cette nuit-l\u00e0, il se passe quelque chose d\u2019impr\u00e9visible. D\u00e9fiant les services de s\u00e9curit\u00e9, des individus s\u2019introduisent dans les \u00e9difices du pouvoir pontifical. Le palais des Congr\u00e9gations, sur la place Pie-XII, juste en face de la colonnade du Bernin, est plong\u00e9 dans le silence le plus absolu. La conciergerie du num\u00e9ro \u00a03 du largo del Colonnato est ferm\u00e9e. Gaspare, son fid\u00e8le gardien sicilien, est rentr\u00e9 chez lui pour le week-end, de m\u00eame que les employ\u00e9s et le personnel de m\u00e9nage. Mis \u00e0 part l\u2019appartement de 353 m\u00e8tres carr\u00e9s qu\u2019occupe le cardinal nig\u00e9rian Francis Arinze et le deux-pi\u00e8ces o\u00f9 r\u00e9side un paisible retrait\u00e9, cet immeuble de quatre \u00e9tages est affect\u00e9 \u00e0 des boutiques et \u00e0 des bureaux, dont ceux de la Congr\u00e9gation pour le clerg\u00e9, de la Congr\u00e9gation pour l\u2019\u00e9ducation catholique et de la Congr\u00e9gation pour les instituts de vie consacr\u00e9e et les Soci\u00e9t\u00e9s de vie apostolique. Les 781 m\u00e8tres carr\u00e9s du quatri\u00e8me \u00e9tage de l\u2019escalier D sont r\u00e9serv\u00e9s en totalit\u00e9 \u00e0 la Pr\u00e9fecture pour les affaires \u00e9conomiques du Saint-Si\u00e8ge, et constituent une sorte de quartier g\u00e9n\u00e9ral des op\u00e9rations de contr\u00f4le que Fran\u00e7ois impose \u00e0 la curie romaine. Les auditeurs y travaillent en \u00e9troite collaboration avec les membres de la Cosea \u2013 Commission sur l\u2019organisation des structures \u00e9conomiques et administratives \u2013 \u00a0; une grande partie des documents confidentiels y est conserv\u00e9e \u00a0; le secr\u00e9taire de la Pr\u00e9fecture et coordinateur de la commission, Monseigneur Vallejo Balda, y a son bureau. Ce lieu est donc hautement symbolique de la r\u00e9volution engag\u00e9e par le pape.<\/p>\n<p>Une fois \u00e0 l\u2019int\u00e9rieur du b\u00e2timent, \u00e9tage par \u00e9tage, les cambrioleurs p\u00e9n\u00e8trent dans les bureaux des diff\u00e9rentes congr\u00e9gations, ouvrent au chalumeau tous les coffres-forts qu\u2019ils trouvent et s\u2019emparent de l\u2019argent qu\u2019ils contiennent. Ce sont des sommes modiques \u00a0: quelques centaines d\u2019euros pour chaque service. Les congr\u00e9gations et la Pr\u00e9fecture ne gardent l\u00e0 en d\u00e9p\u00f4t qu\u2019un fonds de caisse destin\u00e9 aux petits achats paiement comptant. La maigreur du butin est en contradiction flagrante avec l\u2019ampleur des moyens d\u00e9ploy\u00e9s \u00a0: car les malfaiteurs agissent en professionnels, ils connaissent l\u2019emplacement des coffres, savent comment les forcer en un minimum de temps et n\u2019ont aucun mal \u00e0 franchir les portes qu\u2019ils rencontrent sur leur chemin. Mais c\u2019est leur comportement ult\u00e9rieur que les enqu\u00eateurs jugeront insolite et surprenant, un choix de leur part qui ne semble en rien d\u00fb au hasard et qui fournit peut-\u00eatre la bonne explication de cette inqui\u00e9tante intrusion nocturne.<\/p>\n<p>Apr\u00e8s avoir acc\u00e9d\u00e9 aux locaux de la Pr\u00e9fecture, les voleurs ne se contentent pas d\u2019y rep\u00e9rer tr\u00e8s vite le coffre-fort, de l\u2019ouvrir et d\u2019en retirer un modeste montant, inf\u00e9rieur \u00e0 500 \u00a0euros. Ils font aussi irruption dans une salle meubl\u00e9e de plusieurs armoires blind\u00e9es, en identifient une en particulier et la fracturent. L\u2019aspect ext\u00e9rieur de ces armoires a beau \u00eatre identique, les malfaiteurs savent tr\u00e8s exactement ce qu\u2019ils ont \u00e0 faire \u00a0: de toute \u00e9vidence, ils connaissent l\u2019emplacement de ce qu\u2019ils cherchent. Ils sont bien inform\u00e9s et font preuve de sang-froid \u00a0: une fois les lourdes portes \u00e9cart\u00e9es, ils ne d\u00e9couvrent pas de l\u2019argent ou des objets de valeur, mais des documents confidentiels bien rang\u00e9s dans quelques dizaines de dossiers.<\/p>\n<p>Il ne s\u2019agit pas de papiers quelconques, et les malfaiteurs s\u2019emparent alors d\u2019une partie des archives secr\u00e8tes de la Cosea. Sans pr\u00e9c\u00e9dents et d\u2019une extr\u00eame gravit\u00e9, ce vol risque de compromettre les travaux de la commission. Et quel rapport peut-il bien exister entre les dossiers des inspecteurs du pape et la soustraction de quelques centaines d\u2019euros dans plusieurs coffres \u00a0? L\u2019intrusion est d\u00e9couverte le lendemain. La gendarmerie du Vatican entre en action et re\u00e7oit le soutien des forces de l\u2019ordre italiennes. Ce d\u00e9lit des plus singuliers fait d\u00e8s lors l\u2019objet d\u2019une enqu\u00eate conjointe des organismes des deux pays. L\u2019\u00e9difice cambriol\u00e9 est une des propri\u00e9t\u00e9s extraterritoriales du Saint-Si\u00e8ge mentionn\u00e9es par les accords du Latran \u00a0: bien que situ\u00e9 \u00e0 l\u2019ext\u00e9rieur de l\u2019enceinte du Vatican, il est consid\u00e9r\u00e9 comme une enclave de cet Etat, avec toutes les cons\u00e9quences que cela implique. L\u2019int\u00e9rieur de l\u2019immeuble appartient \u00e0 son territoire et les investigations qu\u2019on y m\u00e8ne rel\u00e8vent de la comp\u00e9tence de sa gendarmerie. Les rues adjacentes, en revanche, rel\u00e8vent de celle des policiers italiens, qui visionnent les dizaines de bandes magn\u00e9tiques enregistr\u00e9es par les nombreuses cam\u00e9ras de surveillance des alentours. Les questions essentielles sont au nombre de deux \u00a0: qui a voulu lire les papiers secrets de la commission \u00a0? et dans quel but ? \u00a0(\u2026)<\/p>\n<p>L\u2019hypoth\u00e8se la plus r\u00e9aliste consiste d\u00e8s lors \u00e0 imaginer qu\u2019ils se sont gliss\u00e9s \u00e0 travers une des portes de l\u2019\u00e9difice, celle qui donne sur la place Pie-XII. Pourtant, sa serrure fonctionne et n\u2019a pas \u00e9t\u00e9 forc\u00e9e. Faut-il en d\u00e9duire que les cambrioleurs en poss\u00e9daient les clefs \u00a0? Le myst\u00e8re reste entier. Il est en tout cas certain qu\u2019ils sont pass\u00e9s par l\u00e0, puisque cette porte donne acc\u00e8s \u00e0 l\u2019escalier qu\u2019ils ont emprunt\u00e9 avant de rejoindre et de fracturer l\u2019entr\u00e9e de service de la Pr\u00e9fecture, presque jamais utilis\u00e9e, puis de s\u2019introduire sans difficult\u00e9 dans les locaux de l\u2019institution de surveillance de l\u2019\u00e9conomie du Saint-Si\u00e8ge.<\/p>\n<nav id=\"menu\"><\/nav>\n<div id=\"main-title\">\n<hgroup>\n<h1 id=\"site-title\"><a href=\"https:\/\/ppiccini52.wordpress.com\/2015\/11\/04\/les-peches-capitaux-du-vatican\/\">Il Blog di Pierluigi Piccini<\/a><\/h1>\n<\/hgroup>\n<\/div>\n<\/div>\n<\/div>\n<\/div>\n<\/article>\n<\/div>\n<\/div>\n<\/div>\n","protected":false},"excerpt":{"rendered":"<p>Le journaliste italien Gianluigi Nuzzi r\u00e9v\u00e8le dans \u201d Chemin de croix \u201c, documents secrets \u00e0 l\u2019appui, la gabegie des finances du Saint-Si\u00e8ge, ainsi que la violence des luttes internes qui secouent, depuis des ann\u00e9es, le plus petit Etat du monde Le trou noir du denier de l\u2019Eglise Au c\u0153ur m\u00eame de l\u2019Eglise, il existe un<\/p>\n","protected":false},"author":87,"featured_media":6140,"comment_status":"open","ping_status":"open","sticky":false,"template":"","format":"standard","meta":{"_uf_show_specific_survey":0,"_uf_disable_surveys":false,"footnotes":""},"categories":[60],"tags":[357],"class_list":{"0":"post-6139","1":"post","2":"type-post","3":"status-publish","4":"format-standard","5":"has-post-thumbnail","7":"category-magazine","8":"tag-magazine-fr"},"aioseo_notices":[],"_links":{"self":[{"href":"https:\/\/middleeasttransparent.com\/fr\/wp-json\/wp\/v2\/posts\/6139","targetHints":{"allow":["GET"]}}],"collection":[{"href":"https:\/\/middleeasttransparent.com\/fr\/wp-json\/wp\/v2\/posts"}],"about":[{"href":"https:\/\/middleeasttransparent.com\/fr\/wp-json\/wp\/v2\/types\/post"}],"author":[{"embeddable":true,"href":"https:\/\/middleeasttransparent.com\/fr\/wp-json\/wp\/v2\/users\/87"}],"replies":[{"embeddable":true,"href":"https:\/\/middleeasttransparent.com\/fr\/wp-json\/wp\/v2\/comments?post=6139"}],"version-history":[{"count":0,"href":"https:\/\/middleeasttransparent.com\/fr\/wp-json\/wp\/v2\/posts\/6139\/revisions"}],"wp:featuredmedia":[{"embeddable":true,"href":"https:\/\/middleeasttransparent.com\/fr\/wp-json\/wp\/v2\/media\/6140"}],"wp:attachment":[{"href":"https:\/\/middleeasttransparent.com\/fr\/wp-json\/wp\/v2\/media?parent=6139"}],"wp:term":[{"taxonomy":"category","embeddable":true,"href":"https:\/\/middleeasttransparent.com\/fr\/wp-json\/wp\/v2\/categories?post=6139"},{"taxonomy":"post_tag","embeddable":true,"href":"https:\/\/middleeasttransparent.com\/fr\/wp-json\/wp\/v2\/tags?post=6139"}],"curies":[{"name":"wp","href":"https:\/\/api.w.org\/{rel}","templated":true}]}}