{"id":61184,"date":"2021-11-14T00:09:57","date_gmt":"2021-11-13T23:09:57","guid":{"rendered":"https:\/\/middleeasttransparent.com\/?p=61184"},"modified":"2021-11-14T00:09:57","modified_gmt":"2021-11-13T23:09:57","slug":"face-au-terrorisme-islamiste-frapper-vite-et-fort-cest-cela-que-morts-et-vivants-reclament","status":"publish","type":"post","link":"https:\/\/middleeasttransparent.com\/fr\/face-au-terrorisme-islamiste-frapper-vite-et-fort-cest-cela-que-morts-et-vivants-reclament\/","title":{"rendered":"Face au terrorisme islamiste, \u00ab\u00a0frapper vite et fort, c\u2019est cela que morts et vivants r\u00e9clament\u00a0\u00bb"},"content":{"rendered":"<header class=\"header-article\">\n<figure>\n<div><\/div>\n<\/figure>\n<\/header>\n<section class=\"section-article\">\n<div id=\"content_article\">\n<div role=\"listitem\">\n<p class=\"p3\"><span class=\"s1\"><i>LETTRE D\u2019AMITI\u00c9, DE RESPECT ET DE MISE EN GARDE AUX PEUPLES ET AUX NATIONS DE LA TERRE<\/i> boualem sansal, gallimard, 112 p., 12 \u20ac<\/span><\/p>\n<p class=\"p4\"><span class=\"s1\">\u00a0<\/span><\/p>\n<p class=\"p4\"><span class=\"s1\"><b>Boualem Sansal\u00a0 \u00a0 Alexandre Devecchio<\/b><\/span><\/p>\n<p class=\"p4\"><span class=\"s1\"><b>LE FIGARO.\u00a0&#8211; Nous comm\u00e9morons cette ann\u00e9e le sixi\u00e8me anniversaire des attentats du 13 Novembre alors que le proc\u00e8s de ce carnage vient de s\u2019achever. Avons-nous tir\u00e9 les le\u00e7ons de ces \u00e9v\u00e9nements\u00a0?<\/b><\/span><\/p>\n<p class=\"p4\"><span class=\"s1\"><b>Boualem SANSAL<\/b>. &#8211; Face \u00e0 l\u2019islam, la France officielle a perdu toute capacit\u00e9 de r\u00e9fl\u00e9chir, de statuer et d\u2019agir. Elle subit et se pr\u00e9pare \u00e0 subir encore. Les musulmans, tout contraints qu\u2019ils sont par le dogme et la communaut\u00e9, sont plus libres face \u00e0 leur religion\u00a0; ils l\u2019aiment beaucoup, mais ils la discutent quand m\u00eame, critiquent ses exc\u00e8s, lui donnent des coups de canif par-ci par-l\u00e0. Il en est m\u00eame, comme moi qui suis ath\u00e9e de naissance, qui recommandent de la mettre au mus\u00e9e. La France s\u2019est mise dans un processus de soumission invraisemblable, elle s\u2019humilie piteusement alors que personne \u00e0 ma connaissance ne le lui demande, et surtout pas de s\u2019humilier de cette fa\u00e7on wokienne, s\u2019agenouiller dans la boue, se couvrir la t\u00eate de cendres, \u00add\u00e9chirer ses v\u00eatements, se taillader les veines.<\/span><\/p>\n<p class=\"p4\"><span class=\"s1\">La crainte de d\u00e9sesp\u00e9rer la banlieue et la peur de la guerre civile, du s\u00e9paratisme et des repr\u00e9sailles des gardiens de l\u2019islam ou des parrains de l\u2019islamisme n\u2019expliquent pas tout. On croirait que la France s\u2019est engag\u00e9e dans un processus de conversion volontaire qui ne dit pas son nom. \u00c0 moins que par un m\u00e9canisme de compensation psychique elle remplace le christianisme qu\u2019elle a chass\u00e9 par la porte par un islam arriv\u00e9 par la fen\u00eatre. \u00adMalraux l\u2019avait dit\u00a0: le XXe si\u00e8cle sera religieux ou ne sera pas. Moi j\u2019y vois aussi du sexe\u00a0: l\u2019islam est jeune, vigoureux, infatigable, le christianisme vieux, faible, les Fran\u00e7ais qui aimaient tant la bagarre et la bagatelle regardent \u00e7a avec lubricit\u00e9 et regret.<\/span><\/p>\n<p class=\"p4\"><span class=\"s1\">Ce qui s\u2019est pass\u00e9 le 13 novembre est un acte de guerre d\u2019une violence inou\u00efe auquel la France pr\u00e9sidente a r\u00e9pondu par des larmes et des lamentations. Ce faisant, elle a humili\u00e9 son peuple, sa \u00adpolice et son arm\u00e9e, et sign\u00e9 sa fin.<\/span><\/p>\n<p class=\"p4\"><span class=\"s1\"><b>Rien de bon ne peut-il sortir de tout cela\u00a0?<\/b><\/span><\/p>\n<p class=\"p4\"><span class=\"s1\">Le sc\u00e9nario le plus probable est la guerre civile, avec \u00e0 terme la libanisation du pays ou son alg\u00e9rianisation qui est un mix entre dictature militaire et dictature islamiste. \u00c9coutez Michel Onfray, il ne cesse de le r\u00e9p\u00e9ter avec force arguments. La seule fa\u00e7on de l\u2019\u00e9viter, et \u00e7a, c\u2019est moi qui le dis, c\u2019est le grand chambar\u00addement, il faut abattre la maison avant qu\u2019il ne soit trop tard et la reconstruire apr\u00e8s une s\u00e9ance d\u2019exorcisme r\u00e9ussie. Belz\u00e9buth, sors de ce corps, par les \u00adLumi\u00e8res vitales.<\/span><\/p>\n<p class=\"p4\"><span class=\"s1\"><b>Il y a \u00e0 peine un mois nous comm\u00e9morions l\u2019assassinant de Samuel Paty\u00a0? Que pensez-vous de ces hommages\u00a0?<\/b><\/span><\/p>\n<p class=\"p4\"><span class=\"s1\">Bien s\u00fbr qu\u2019il faut des hommages, mais s\u2019ils ne sont pas suivis d\u2019actes forts, ils consacrent l\u2019\u00e9tat de l\u00e2chet\u00e9 et d\u2019incomp\u00e9tence de l\u2019Autorit\u00e9. C\u2019est insuppor\u00adtable de voir la France de Macron passer ses journ\u00e9es \u00e0 rendre des hommages aux victimes de l\u2019islamisme, et les enterrer ainsi une deuxi\u00e8me fois. Un chef des \u00adarm\u00e9es n\u2019enterre pas ses morts, ne fait pas de discours en larmoyant, il tonne, il agit, il frappe vite et fort. C\u2019est cela que les morts et les vivants r\u00e9clament.<\/span><\/p>\n<p class=\"p4\"><span class=\"s1\"><b>La campagne pour l\u2019\u00e9lection pr\u00e9sidentielle est marqu\u00e9e par les questions li\u00e9es \u00e0 l\u2019immigration et \u00e0 l\u2019islam. Est-ce le retour du refoul\u00e9\u00a0?<\/b><\/span><\/p>\n<p class=\"p4\"><span class=\"s1\">Il n\u2019y a pas de refoul\u00e9, ces questions sont sur la table depuis de Gaulle qui craignait de voir atterrir des mosqu\u00e9es \u00e0 \u00adColombey-les-Deux-\u00c9glises, Giscard, ma\u00eetre d\u2019\u0153uvre du regroupement familial, qui disait que la France faisait face \u00e0 une invasion migratoire, Marchais qui r\u00e9clamait l\u2019arr\u00eat de l\u2019immigration, \u00adRocard qui disait que la France ne pouvait pas accueillir toute la mis\u00e8re du monde, Chirac qui s\u2019offusquait du \u00ab\u00a0bruit et des odeurs\u00a0\u00bb, Sarkozy qui se voulait le champion des expulsions, Hollande qui disait que la France \u00e9tait en guerre, \u00adMacron qui d\u00e9couvre qu\u2019il faudrait y voir, qu\u2019il y a peut-\u00eatre, des relations de cause \u00e0 effet dans les malheurs de la France.<\/span><\/p>\n<p class=\"p4\"><span class=\"s1\">Non, la vraie nouveaut\u00e9 c\u2019est Zemmour le pol\u00e9miste qui impose \u00e0 tous ses th\u00e8mes de campagne. Et voil\u00e0 que tous, \u00admanchots, pingouins et autres canards boiteux, lui embo\u00eetent le pas, mais avec des couacs et des \u00ab\u00a0oui, mais, cependant\u00a0\u00bb qui montrent qu\u2019ils ne feront rien, sinon d\u00e9plorer, soumis qu\u2019ils sont \u00e0 la doxa en vigueur.<\/span><\/p>\n<p class=\"p4\"><span class=\"s1\"><b>Paradoxalement en 2017, ces questions avaient tr\u00e8s peu \u00e9t\u00e9 abord\u00e9es\u2026<\/b><\/span><\/p>\n<p class=\"p4\"><span class=\"s1\">\u00a0<\/span><span class=\"s1\">En 2017, on a privil\u00e9gi\u00e9 l\u2019\u00e9motion, on a invit\u00e9 toutes les autruches de France \u00e0 se rassembler pour affronter le danger et bouter l\u2019ennemi. C\u2019\u00e9tait \u00e0 qui pleurait le plus fort sous l\u2019\u0153il \u00e9mu des cam\u00e9ras. L\u2019\u00e9motion c\u2019est fort, \u00e7a unit dans les larmes, le temps qu\u2019elles s\u00e8chent.<\/span><\/p>\n<p class=\"p4\"><span class=\"s1\">Nous \u00e9tions quand m\u00eame quelques-uns \u00e0 parler de ces choses, mais on le sait l\u2019\u00e9motion rend sourd. N\u2019oubliez pas le politiquement correct et la police de la pens\u00e9e et souvenez-vous de ce que disait Pr\u00e9vert\u00a0: \u00ab\u00a0Quand la v\u00e9rit\u00e9 n\u2019est pas libre, la libert\u00e9 n\u2019est pas vraie.\u00a0\u00bb<\/span><\/p>\n<p class=\"p4\"><span class=\"s1\"><b>N\u2019y a-t-il pas aussi un souci l\u00e9gitime de ne pas stigmatiser l\u2019ensemble des musulmans, de ne pas confondre islam et islamisme\u00a0?<\/b><\/span><\/p>\n<p class=\"p4\"><span class=\"s1\">Sur ce plan, Zemmour dit des choses d\u2019une justesse parfaite mais ne les explique jamais afin que chacun puisse voir ce que les mots cachent. L\u2019islamisme c\u2019est de l\u2019officiel, c\u2019est l\u2019une des quatre \u00e9coles canoniques qui forment l\u2019islam sunnite, toutes n\u00e9es entre le VIIe le VIIIe\u00a0si\u00e8cle, quelques d\u00e9cennies \u00e0 peine apr\u00e8s la mort de Mahomet en 632\u00a0: le mal\u00e9kisme (dominant au Maghreb et au Sahel), le hanafisme (dominant en Turquie, Bosnie, Chine, Inde, Pakistan, Afghanistan), le chafiisme (dominant au Y\u00e9men, en \u00adAfrique de l\u2019Est, en Asie et Asie du Sud-Est), le hanbalisme (\u00e9cole ultra-orthodoxe qui impose une lecture litt\u00e9rale du Coran, dominant en Arabie, au Qatar et au \u00adY\u00e9men, o\u00f9 il a accouch\u00e9 du wahhabisme\u00a0; il est \u00e9galement pr\u00e9sent en Asie, aux Comores, sous une forme moins agressive et en \u00c9gypte, o\u00f9 il a donn\u00e9 les Fr\u00e8res musulmans).<\/span><\/p>\n<p class=\"p4\"><span class=\"s1\">\u00a0<\/span><span class=\"s1\">C\u2019est ce courant minoritaire mais tr\u00e8s remuant, le hanbalisme, version wahhabite qu\u2019en Occident on appelle islamisme. Mais aujourd\u2019hui cette \u00e9cole, irrigu\u00e9e par les p\u00e9trodollars saoudiens et qataris et les aspirations califales qui fleurissent dans l\u2019ensemble du monde musulman, a contamin\u00e9 les trois autres \u00e9coles de l\u2019islam sunnite, et les autres courants de l\u2019islam, chiite, kharidjite et m\u00eame soufi, et au final personne ne sait vraiment reconna\u00eetre les siens.<\/span><\/p>\n<p class=\"p4\"><span class=\"s1\">Les musulmans qui connaissent un tant soit peu leur religion et l\u2019\u00e9cole juridique de leur communaut\u00e9, ne se sentent \u00adnullement stigmatis\u00e9s. Ceux qui se \u00admouchent, ce sont les hanbalites, les \u00adwahhabites, les Fr\u00e8res musulmans et ceux qui confondent tout avec tout.<\/span><\/p>\n<p class=\"p4\"><span class=\"s1\"><b>Alors que les 60\u00a0ans des accords d\u2019\u00c9vian approchent, Emmanuel Macron a multipli\u00e9 les gestes m\u00e9moriels reconnaissant notamment \u00ab\u00a0la responsabilit\u00e9 de la France dans le massacre du 17\u00a0octobre 1961\u00a0\u00bb. A-t-il raison de faire ce type de gestes\u00a0? Sont-ils appr\u00e9ci\u00e9s en Alg\u00e9rie\u00a0?<\/b><\/span><\/p>\n<p class=\"p4\"><span class=\"s1\">Macron, c\u2019est Gaston Lagaffe, il en fait toujours trop parce qu\u2019apparemment il ne sait pas au juste ce qui doit \u00eatre fait. Il devrait lire <i>Un pr\u00e9sident ne devrait pas dire \u00e7a<\/i>. Il a s\u00fbrement tous les talents que les siens lui pr\u00eatent mais pas celui-l\u00e0, le sens de l\u2019histoire, il n\u2019est pas historien, ni psychologue. Les Alg\u00e9riens n\u2019aiment pas qu\u2019on vienne les caresser dans le sens du poil, ce qu\u2019ils veulent c\u2019est \u00e9crire eux-m\u00eames leur histoire, chose que leur gouvernement ne leur permet pas, il les oblige \u00e0 boire le breuvage officiel jusqu\u2019\u00e0 la lie et ob\u00e9ir aux alertes du minist\u00e8re de la v\u00e9rit\u00e9. Ce qui int\u00e9resse le pouvoir (alg\u00e9rien, NDLR) c\u2019est tout ce qui peut lui apporter un peu de l\u00e9gitimit\u00e9 pour conserver le pouvoir d\u00e9rob\u00e9 par lui un certain juillet 1962. La l\u00e9gitimit\u00e9 pour lui c\u2019est le blanc-seing pour piller le pays en toute bonne conscience. Il a trouv\u00e9 en Macron le gars sympa qui leur en donne tant et plus. Venant de l\u2019ex-colonisateur \u00e7a vaut acquittement.<\/span><\/p>\n<p class=\"p4\"><span class=\"s1\">\u00a0<\/span><span class=\"s1\">Macron avait pass\u00e9 la pommade \u00e0 son vieil ami Bouteflika, il le fait aussi avec son nouvel ami Tebboune. Les Alg\u00e9riens observent sans comprendre ce qui peut lier un charmant jeune homme propre sur lui avec la g\u00e9rontocratie haineuse d\u2019Alger. En fait ils s\u2019en fichent, ce qu\u2019ils veulent c\u2019est un peu de libert\u00e9, de la tranquillit\u00e9, et si possible la v\u00e9rit\u00e9 sur les affaires de leur pays, et en cadeau un visa pour visiter la France et y faire souche le cas \u00e9ch\u00e9ant.<\/span><\/p>\n<p class=\"p4\"><span class=\"s1\"><b>Dans le m\u00eame temps, Emmanuel Macron a accus\u00e9 le r\u00e9gime alg\u00e9rien de vivre de la rente m\u00e9morielle\u2026<\/b><\/span><\/p>\n<p class=\"p4\"><span class=\"s1\">\u00a0<\/span><span class=\"s1\">Macron est incons\u00e9quent, d\u2019un c\u00f4t\u00e9 il flatte ses vieux amis d\u2019Alger, les abreuve d\u2019hommages et de reconnaissance, et de l\u2019autre il les accuse de vivre sur la rente m\u00e9morielle comme ils vivent royalement sur la rente p\u00e9troli\u00e8re, deux choses qui se confondent au fond quand on n\u2019a pas de l\u00e9gitimit\u00e9 et de dignit\u00e9. On se demande qui conseille si mal ce jeune \u00adpr\u00e9sident qui certainement ne demande qu\u2019\u00e0 bien faire.<\/span><\/p>\n<p class=\"p4\"><span class=\"s1\"><b>Il a \u00e9galement r\u00e9duit le nombre de visas octroy\u00e9s aux Alg\u00e9riens apr\u00e8s l\u2019\u00e9chec du dialogue au sujet de la r\u00e9admission des clandestins expuls\u00e9s. Comment le pouvoir alg\u00e9rien a-t-il r\u00e9agi\u00a0?<\/b><\/span><\/p>\n<p class=\"p4\"><span class=\"s1\">Il n\u2019y regarde m\u00eame pas, il sait que \u00adMacron ne fera rien, i<b>l est intelligent mais peureux,<\/b> il sait que le pouvoir \u00adalg\u00e9rien ne rigole pas si on touche \u00e0 ses int\u00e9r\u00eats. Alors qu\u2019il n\u2019a rien fait, juste \u00e9mis une id\u00e9e, voil\u00e0 que son vieil ami Tebboune rappelle son ambassadeur \u00e0 Paris, ferme l\u2019espace a\u00e9rien aux avions militaires fran\u00e7ais, interdit l\u2019usage du fran\u00e7ais dans plusieurs minist\u00e8res, rompt 500 contrats avec des PME fran\u00e7aises et appelle les grandes firmes \u00adallemandes et italiennes \u00e0 venir rem\u00adplacer au pied lev\u00e9 les entreprises du CAC\u00a040 op\u00e9rant en Alg\u00e9rie. Que fera-t-il si Macron s\u2019avisait de toucher aux visas dus \u00e0 ces messieurs, \u00e0 leurs familles et \u00adalli\u00e9s. Bravo, \u00e7a, c\u2019est un chef\u00a0! Pauvre Macron, il s\u2019est mis un caillou dans la chaussure et un sacr\u00e9 souci dans la t\u00eate.<\/span><\/p>\n<p class=\"p4\"><span class=\"s1\"><b>Au-del\u00e0 de ces derniers \u00e9pisodes, comment expliquez-vous que soixante\u00a0ans apr\u00e8s la fin de la guerre d\u2019Alg\u00e9rie, les rapports entre les deux pays soient si passionnels\u00a0?<\/b><\/span><\/p>\n<p class=\"p4\"><span class=\"s1\">\u00a0<\/span><span class=\"s1\">Avant d\u2019\u00eatre passionnels, ils sont \u00adint\u00e9ress\u00e9s. La seule source de l\u00e9gi\u00adtimation de la junte a \u00e9t\u00e9 et reste la geste anti coloniale. Elle continue la guerre de lib\u00e9ration pour maintenir le peuple sous l\u2019empire des lois de la guerre clandestine. On lui explique journellement, par \u00adcommuniqu\u00e9s du haut commandement, que la guerre n\u2019est pas finie, que \u00adl\u2019ennemi est toujours l\u00e0, plus dangereux que jamais. Il doit y croire, le voir partout et agir en bon moudjahid et si n\u00e9cessaire mourir en h\u00e9ros. Il doit chaque jour \u00adsacrifier au quart d\u2019heure de la haine du JT de 20 heures contre la France. <b>C\u2019est du pur Orwell<\/b>. L\u2019Alg\u00e9rie est de ces rares pays encore vivants (Cor\u00e9e du Nord, Cuba), \u00e0 avoir r\u00e9ussi \u00e0 faire de la magnifique fiction orwellienne 1984 une r\u00e9alit\u00e9 vivante.<\/span><\/p>\n<p class=\"p4\"><span class=\"s1\">D\u2019un autre c\u00f4t\u00e9 la France a un besoin \u00advital de l\u2019amiti\u00e9 et l\u2019affection des \u00adAlg\u00e9riens pour se persuader et d\u00e9montrer au monde que sa colonisation a \u00e9t\u00e9 pour eux un pur bonheur. La preuve est qu\u2019ils prennent d\u2019assaut ses consulats pour obtenir leur visa ou vont affronter \u00e0 mains nues les \u00addangers de la mer pour venir se jeter dans les bras de la m\u00e8re adoptive \u00adindigne.<\/span><\/p>\n<p class=\"p4\"><span class=\"s1\">\u00a0<\/span><span class=\"s1\"><b>Votre dernier livre prend la forme d\u2019une Lettre d\u2019amiti\u00e9, de respect et de mise en garde aux peuples et aux nations de la terre (Gallimard). En vous lisant, on ne sait trop si c\u2019est un geste de d\u00e9sespoir ou d\u2019optimisme fou\u00a0?<\/b><\/span><\/p>\n<p class=\"p4\"><span class=\"s1\">L\u2019optimisme fou et le d\u00e9sespoir sont les deux faces d\u2019une m\u00eame pi\u00e8ce, la pi\u00e8ce de sagesse, s\u2019entend. Des pans entiers de la vie sont en train de dispara\u00eetre sous nos yeux. La d\u00e9sint\u00e9gration se fait par l\u2019action de ce que dans ma lettre j\u2019ai appel\u00e9 les Grands Destructeurs form\u00e9s par les couples mal\u00e9fiques Argent-March\u00e9, \u00adReligion-Colonisation, Malbouffe- Machinisme, Jeux d\u2019ar\u00e8nes-D\u00e9linquance. Le combat de la jeune Greta Thunberg me para\u00eet ne pas viser la bonne cible. La COP, les partis Verts et autres agitations connexes ne servent \u00e0 rien, ce sont des leurres. Le danger n\u2019est pas le r\u00e9chauffement climatique, ce sont les Destructeurs, il n\u2019est que l\u2019une des innombrables cons\u00e9quences de leur sinistre magist\u00e8re. Ils tuent la raison, la joie, l\u2019amour, l\u2019amiti\u00e9, l\u2019esprit, les \u00e2mes et ensemencent dans ce qui reste de vivant en nous mille maladies et mille poisons. D\u00e9truire les Destructeurs, voil\u00e0 le seul vrai combat.<\/span><\/p>\n<\/div>\n<\/div>\n<\/section>\n<div role=\"listitem\"><a href=\"https:\/\/articles.cafeyn.co\/791155\/le-figaro\/2021-11-12\/face-au-terrorisme-islamiste-frapper-vite-et-fort-cest-cela-que-morts-et-vivants-reclament\">LE FIGARO<\/a><\/div>\n","protected":false},"excerpt":{"rendered":"<p>LETTRE D\u2019AMITI\u00c9, DE RESPECT ET DE MISE EN GARDE AUX PEUPLES ET AUX NATIONS DE LA TERRE boualem sansal, gallimard, 112 p., 12 \u20ac \u00a0 Boualem Sansal\u00a0 \u00a0 Alexandre Devecchio LE FIGARO.\u00a0&#8211; Nous comm\u00e9morons cette ann\u00e9e le sixi\u00e8me anniversaire des attentats du 13 Novembre alors que le proc\u00e8s de ce carnage vient de s\u2019achever. Avons-nous<\/p>\n","protected":false},"author":152,"featured_media":61189,"comment_status":"open","ping_status":"open","sticky":false,"template":"","format":"standard","meta":{"_uf_show_specific_survey":0,"_uf_disable_surveys":false,"footnotes":""},"categories":[37],"tags":[],"class_list":{"0":"post-61184","1":"post","2":"type-post","3":"status-publish","4":"format-standard","5":"has-post-thumbnail","7":"category-alaune-fr"},"aioseo_notices":[],"_links":{"self":[{"href":"https:\/\/middleeasttransparent.com\/fr\/wp-json\/wp\/v2\/posts\/61184","targetHints":{"allow":["GET"]}}],"collection":[{"href":"https:\/\/middleeasttransparent.com\/fr\/wp-json\/wp\/v2\/posts"}],"about":[{"href":"https:\/\/middleeasttransparent.com\/fr\/wp-json\/wp\/v2\/types\/post"}],"author":[{"embeddable":true,"href":"https:\/\/middleeasttransparent.com\/fr\/wp-json\/wp\/v2\/users\/152"}],"replies":[{"embeddable":true,"href":"https:\/\/middleeasttransparent.com\/fr\/wp-json\/wp\/v2\/comments?post=61184"}],"version-history":[{"count":0,"href":"https:\/\/middleeasttransparent.com\/fr\/wp-json\/wp\/v2\/posts\/61184\/revisions"}],"wp:featuredmedia":[{"embeddable":true,"href":"https:\/\/middleeasttransparent.com\/fr\/wp-json\/wp\/v2\/media\/61189"}],"wp:attachment":[{"href":"https:\/\/middleeasttransparent.com\/fr\/wp-json\/wp\/v2\/media?parent=61184"}],"wp:term":[{"taxonomy":"category","embeddable":true,"href":"https:\/\/middleeasttransparent.com\/fr\/wp-json\/wp\/v2\/categories?post=61184"},{"taxonomy":"post_tag","embeddable":true,"href":"https:\/\/middleeasttransparent.com\/fr\/wp-json\/wp\/v2\/tags?post=61184"}],"curies":[{"name":"wp","href":"https:\/\/api.w.org\/{rel}","templated":true}]}}