{"id":60552,"date":"2021-10-25T17:10:11","date_gmt":"2021-10-25T16:10:11","guid":{"rendered":"https:\/\/middleeasttransparent.com\/?p=60552"},"modified":"2021-10-25T17:10:11","modified_gmt":"2021-10-25T16:10:11","slug":"reconquete-et-union-sacree","status":"publish","type":"post","link":"https:\/\/middleeasttransparent.com\/fr\/reconquete-et-union-sacree\/","title":{"rendered":"Reconqu\u00eate et union sacr\u00e9e"},"content":{"rendered":"<h3><span style=\"color: #666699;\">Cette rubrique existe depuis 16 ans d\u00e9j\u00e0. Elle a d\u00e9but\u00e9 modestement comme \u00ab opinion \u00bb d\u2019un universitaire impliqu\u00e9, en tant que citoyen, dans le d\u00e9bat public. \u00c0 aucun moment, cette rubrique n\u2019a cherch\u00e9 \u00e0 adopter l\u2019ambigu\u00eft\u00e9 de la neutralit\u00e9 anonyme. \u00catre objectif ne signifie pas \u00eatre sans opinion.<\/span><\/h3>\n<p>&nbsp;<\/p>\n<p>Durant 16 ans, ces colonnes ont invariablement maintenu le cap d\u2019une conception du Liban comme \u00c9tat moderne postwestphalien; un \u00c9tat souverain ouvert et pluriel o\u00f9 l\u2019homme libre s\u2019honore d\u2019une citoyennet\u00e9 fond\u00e9e sur la loi et non sur l\u2019identit\u00e9. De semaine en semaine, ces colonnes ont t\u00e9moign\u00e9 pour l\u2019esprit de la citadinit\u00e9, cadre naturel du vivre-ensemble \u00e0 l\u2019ombre de la r\u00e8gle du droit et de la loi. Ce sont les lecteurs qui ont fait de cette rubrique ce qu\u2019elle est devenue au fil des ans : un t\u00e9moignage pour le g\u00e9nie immortel de la citadinit\u00e9, du politique centr\u00e9 sur une cit\u00e9 inclusive d\u2019un territoire et non sur un conglom\u00e9rat consensuel de tribus.<\/p>\n<p>Ces colonnes n\u2019ont cess\u00e9 d\u2019affirmer la valeur \u00e9minente de la personne humaine, en elle-m\u00eame et non dans son appartenance \u00e0 une identit\u00e9 collective. En bref, cette rubrique a fait l\u2019effort de refl\u00e9ter la quintessence du Liban et de son message au monde : l\u2019antith\u00e8se d\u2019une th\u00e9ocratie et le contraire absolu des ghettos identitaires. C\u2019est pourquoi nombreux sont les \u00e9chos de l\u2019agora qui ont violemment pris \u00e0 partie les crispations identitaires qui ne reconnaissent pas la primaut\u00e9 en dignit\u00e9 de l\u2019\u00eatre humain en tant que sujet autonome, membre de l\u2019unique famille humaine.<\/p>\n<p>Depuis octobre 2019, cette rubrique a vibr\u00e9 avec l\u2019enthousiasme d\u2019une jeunesse en r\u00e9volte contre les caciques mafieux d\u2019un Liban obsol\u00e8te, celui des notables, des dynasties de notables, des honorables familles affairistes et de toute la n\u00e9buleuse glauque de r\u00e9seaux imperm\u00e9ables \u00e0 la recherche du bien commun selon les r\u00e8gles constitutionnelles. La f\u00e9rocit\u00e9 de l\u2019attaque contre l\u2019enqu\u00eate judiciaire sur la double explosion \u00e0 Beyrouth, les violences bestiales du 14 octobre courant sont l\u00e0 pour affirmer que le Liban a cess\u00e9 d\u2019\u00eatre un \u00c9tat. Certes, c\u2019est une contr\u00e9e occup\u00e9e par l\u2019Iran, mais gr\u00e2ce \u00e0 la complicit\u00e9 de libanais ivres de la volont\u00e9 de puissance.<\/p>\n<p>D\u00e9j\u00e0, en 2005, apr\u00e8s l\u2019assassinat de feu Rafic Hariri et de la s\u00e9rie de meurtres politiques qui suivirent, cette rubrique fut pionni\u00e8re en pointant du doigt le r\u00e9gime des mollahs de T\u00e9h\u00e9ran alors que tout le monde ne parlait que du couple s\u00e9curitaire syro-libanais. Dans un papier pr\u00e9monitoire de juin 2006 intitul\u00e9 \u00ab La revanche de Darius III \u00bb, nous faisions \u00e9tat de la possibilit\u00e9 d\u2019un conflit imminent qui eut lieu un mois apr\u00e8s. Notre papier s\u2019achevait sur cette conclusion : <em>\u00ab Quelle que soit la r\u00e9ponse que l\u2019avenir r\u00e9serve, nous pouvons d\u00e9j\u00e0 affirmer : quelle belle revanche pour Darius III<\/em>. \u00bb Seize ans plus tard, qui oserait affirmer que Darius III et Chosroes II n\u2019ont pas pris leur revanche sur Alexandre et H\u00e9raclius ? La M\u00e9diterran\u00e9e orientale est de nouveau sous contr\u00f4le iranien. Le Liban est enti\u00e8rement sous la botte des h\u00e9ritiers des Ach\u00e9m\u00e9nides, des Sassanides et des S\u00e9f\u00e9vides.<\/p>\n<p>D\u00e8s 2011 et le d\u00e9clenchement du soul\u00e8vement syrien, nous mettions en garde contre la collusion de certains groupes chr\u00e9tiens avec le r\u00e9gime sanguinaire de Damas. L\u2019intervention du Hezbollah en Syrie fut l\u2019occasion de signaler le danger de la disparition de la fronti\u00e8re libano-syrienne au profit d\u2019une sorte de nouvelle satrapie perse de Transeuphrat\u00e8ne qu\u2019on peut appeler Syrie-Utile, voire M\u00e9ga-Liban, et qui serait l\u2019enclos sous garde iranienne de l\u2019alliance des minorit\u00e9s, si ch\u00e8re au r\u00e9gime libanais actuel et \u00e0 sa base chr\u00e9tienne.<\/p>\n<p>Durant toutes ces ann\u00e9es, ces colonnes ont maintenu le cap. En mati\u00e8re de souverainet\u00e9 de l\u2019\u00c9tat et de dignit\u00e9 du citoyen, toute neutralit\u00e9 face \u00e0 l\u2019occupant devient trahison supr\u00eame. Les foules du 17 octobre ont \u00e9t\u00e9 incapables de devenir un peuple. Elles sont demeur\u00e9es des \u00ab foules \u00bb et se sont d\u00e9lit\u00e9es en une multitude de groupuscules affichant l\u2019illusion que le processus d\u00e9mocratique ach\u00e8vera ce qu\u2019ils appellent \u00ab r\u00e9volution \u00bb. Qu\u2019ils soient rassur\u00e9s, tout scrutin l\u00e9gislatif sous occupation \u00e9trang\u00e8re ne fera que l\u00e9gitimer l\u2019occupant.<\/p>\n<p><strong>Cette rubrique a tout dit en 16 ans. L\u2019heure maintenant n\u2019est plus \u00e0 l\u2019analyse et \u00e0 la critique. L\u2019heure n\u2019est plus \u00e0 la parole structur\u00e9e mais \u00e0 l\u2019action planifi\u00e9e. Cette rubrique, comme tribune, a rempli sa mission.<\/strong><\/p>\n<p>L\u2019heure aujourd\u2019hui est \u00e0 l\u2019union sacr\u00e9e de tous, sans exception, en vue de la reconqu\u00eate de l\u2019\u00c9tat et de la lib\u00e9ration du pays.<\/p>\n<p><strong>L\u2019heure est \u00e0 l\u2019initiative d\u2019un vrai leadership qui entreprendrait une Longue Marche<\/strong>, \u00e0 la Mao, ou une Marche sur Rome, \u00e0 la Mussolini, <strong>en partant d\u2019un coin du pays non contr\u00f4l\u00e9 par l\u2019occupant<\/strong>. En chemin, le peuple acclamera l\u2019initiative et l\u2019aidera \u00e0 arriver \u00e0 destination, c\u2019est-\u00e0-dire \u00e0 Beyrouth o\u00f9 le vide politique fait que le pouvoir est \u00e0 prendre.<\/p>\n<p><a href=\"https:\/\/www.lorientlejour.com\/article\/1279094\/reconquete-et-union-sacree.html?fbclid=IwAR3Wfc9YG5gxaHW64p7BrPhwJF0tHVfTUDroR9ghBtErYHQ1wSxSmYi16G4\">OLJ<\/a><\/p>\n","protected":false},"excerpt":{"rendered":"<p>Cette rubrique existe depuis 16 ans d\u00e9j\u00e0. Elle a d\u00e9but\u00e9 modestement comme \u00ab opinion \u00bb d\u2019un universitaire impliqu\u00e9, en tant que citoyen, dans le d\u00e9bat public. \u00c0 aucun moment, cette rubrique n\u2019a cherch\u00e9 \u00e0 adopter l\u2019ambigu\u00eft\u00e9 de la neutralit\u00e9 anonyme. \u00catre objectif ne signifie pas \u00eatre sans opinion. &nbsp; Durant 16 ans, ces colonnes ont<\/p>\n","protected":false},"author":33,"featured_media":60558,"comment_status":"open","ping_status":"open","sticky":false,"template":"","format":"standard","meta":{"_uf_show_specific_survey":0,"_uf_disable_surveys":false,"footnotes":""},"categories":[37],"tags":[],"class_list":{"0":"post-60552","1":"post","2":"type-post","3":"status-publish","4":"format-standard","5":"has-post-thumbnail","7":"category-alaune-fr"},"aioseo_notices":[],"_links":{"self":[{"href":"https:\/\/middleeasttransparent.com\/fr\/wp-json\/wp\/v2\/posts\/60552","targetHints":{"allow":["GET"]}}],"collection":[{"href":"https:\/\/middleeasttransparent.com\/fr\/wp-json\/wp\/v2\/posts"}],"about":[{"href":"https:\/\/middleeasttransparent.com\/fr\/wp-json\/wp\/v2\/types\/post"}],"author":[{"embeddable":true,"href":"https:\/\/middleeasttransparent.com\/fr\/wp-json\/wp\/v2\/users\/33"}],"replies":[{"embeddable":true,"href":"https:\/\/middleeasttransparent.com\/fr\/wp-json\/wp\/v2\/comments?post=60552"}],"version-history":[{"count":0,"href":"https:\/\/middleeasttransparent.com\/fr\/wp-json\/wp\/v2\/posts\/60552\/revisions"}],"wp:featuredmedia":[{"embeddable":true,"href":"https:\/\/middleeasttransparent.com\/fr\/wp-json\/wp\/v2\/media\/60558"}],"wp:attachment":[{"href":"https:\/\/middleeasttransparent.com\/fr\/wp-json\/wp\/v2\/media?parent=60552"}],"wp:term":[{"taxonomy":"category","embeddable":true,"href":"https:\/\/middleeasttransparent.com\/fr\/wp-json\/wp\/v2\/categories?post=60552"},{"taxonomy":"post_tag","embeddable":true,"href":"https:\/\/middleeasttransparent.com\/fr\/wp-json\/wp\/v2\/tags?post=60552"}],"curies":[{"name":"wp","href":"https:\/\/api.w.org\/{rel}","templated":true}]}}