{"id":60405,"date":"2021-10-21T19:58:59","date_gmt":"2021-10-21T18:58:59","guid":{"rendered":"https:\/\/middleeasttransparent.com\/?p=60405"},"modified":"2021-10-21T19:58:59","modified_gmt":"2021-10-21T18:58:59","slug":"une-impossible-unite-politique","status":"publish","type":"post","link":"https:\/\/middleeasttransparent.com\/fr\/une-impossible-unite-politique\/","title":{"rendered":"Une impossible unit\u00e9 politique ?"},"content":{"rendered":"<p><em><span class=\"a-media-legend\" style=\"font-size: 14px; color: #606569;\">(Capture d&rsquo;\u00e9cran montrant un homme, post\u00e9 derri\u00e8re une ambulance, tirer au fusil automatique, jeudi 14 octobre, \u00e0 Beyrouth.<\/span><span style=\"font-size: 14px; color: #606569;\">\u00a0<\/span><span class=\"a-media-legend\" style=\"font-size: 14px; color: #606569;\">\u00a9 Twitter)<\/span><\/em><\/p>\n<div class=\"t-content__authors-tts\">\n<div class=\"m-author-n-reading-time\">\n<div class=\"m-author-n-reading-time__authors\">\n<div class=\"m-from-author\">\n<div class=\"t-content__authors-tts\">\n<div class=\"m-author-n-reading-time\">\n<div class=\"m-from-author\"><\/div>\n<\/div>\n<\/div>\n<\/div>\n<\/div>\n<\/div>\n<\/div>\n<h3><\/h3>\n<h3><span style=\"color: #666699;\">Jeudi 14 octobre 2021 : six heures d\u2019une miniguerre civile comme en 1975-1990, sur les m\u00eames lignes de d\u00e9marcation. Qui a tir\u00e9 le premier ? Qui a allum\u00e9 le brasier ? Autant demander qui a tu\u00e9 Maarouf Saad en mars 1975 ou qui a planifi\u00e9 le passage de l\u2019autobus de A\u00efn el-Remman\u00e9 le 13 avril de la m\u00eame ann\u00e9e, plongeant le Liban dans une guerre civile qui ne parvient pas \u00e0 prendre fin en 2021.<\/span><\/h3>\n<p>&nbsp;<\/p>\n<p>&nbsp;<\/p>\n<p>Regardant les images dantesques des \u00e9changes arm\u00e9s, tout homme dot\u00e9 de raison pouvait se dire : mais pourquoi n\u2019a-t-on jamais mis en application la premi\u00e8re clause de l\u2019accord de Ta\u00ebf de 1989, qui exige la dissolution des milices et le ramassage des armes ? Dans quel but a-t-on sciemment laiss\u00e9 intact l\u2019arsenal des miliciens khomeynistes du Hezbollah et de son acolyte Amal ? La r\u00e9ponse se trouve dans l\u2019\u00e9mergence de la r\u00e9volution islamique iranienne en 1979, et de sa doctrine eschatologique et mill\u00e9nariste de la wilayet el-faqih, ou vicariat du jurisconsulte, expression th\u00e9ologique pour dire l\u2019extension d\u2019un nouvel empire perse \u00e9tendant son h\u00e9g\u00e9monie du golfe Arabique jusqu\u2019\u00e0 la M\u00e9diterran\u00e9e, en passant par le contr\u00f4le des d\u00e9troits d\u2019Ormuz et de Bab el-Mandeb, ainsi que des rivages du Levant.<\/p>\n<p>Rien de ce qui se passe \u00e0 Beyrouth ne peut donc ignorer les int\u00e9r\u00eats g\u00e9ostrat\u00e9giques du r\u00e9gime des mollahs de T\u00e9h\u00e9ran. Est-ce la bonne grille de lecture pour comprendre la f\u00e9rocit\u00e9 inou\u00efe avec laquelle le tandem khomeyniste Hezbollah-Amal lutte pour torpiller l\u2019enqu\u00eate sur la double explosion du port de Beyrouth le 4 ao\u00fbt 2020 ? S\u2019agit-il seulement d\u2019une question de stockage de mat\u00e9riel prohib\u00e9 de contrebande ou s\u2019agit-il de plus que cela ? Mais que repr\u00e9sente donc le port de Beyrouth pour le r\u00e9gime iranien pr\u00eat \u00e0 tout pour d\u00e9fendre son programme nucl\u00e9aire ? Est-ce la bonne question \u00e0 poser, au-del\u00e0 des vulgaires compromissions de quelques hauts fonctionnaires, magistrats et politiciens corrompus du Liban ? Est-ce que l\u2019int\u00e9r\u00eat strat\u00e9gique majeur de T\u00e9h\u00e9ran exige que l\u2019enqu\u00eate sur la double explosion du 4 ao\u00fbt 2020 \u00e0 Beyrouth soit cl\u00f4tur\u00e9e toutes affaires cessantes ?<\/p>\n<p>\u00c0 la lumi\u00e8re de ces questions, on peut mieux comprendre la d\u00e9termination fermement affich\u00e9e du tandem khomeyniste libanais : \u00ab Choisissez : ou la guerre civile d\u00e9vastatrice ou la cl\u00f4ture de cette enqu\u00eate par n\u2019importe quel moyen. \u00bb Au prix du viol de la r\u00e8gle du droit et de la loi ? \u00c0 n\u2019importe quel prix. Tel \u00e9tait le sens du message de la \u00ab protestation \u00bb contre le juge Tarek Bitar du jeudi 14 octobre.<\/p>\n<p>En r\u00e9alit\u00e9, il vaut mieux parler de deux manifestations simultan\u00e9es ou successives en ce jour funeste. Dans un premier temps, on nous dit que des \u00ab \u00e9lites intellectuelles \u00bb se sont rendues au Palais de justice pour protester. Et puis, on ne sait trop comment (et on ne le saura jamais), on a vu des hordes de bassidjis arm\u00e9s jusqu\u2019aux dents, comme ceux du bazar de T\u00e9h\u00e9ran, assaillir, \u00e0 la mitraille, les quartiers r\u00e9sidentiels de Badaro, Furn el-Chebback, A\u00efn el-Remman\u00e9 et Tayoun\u00e9 qui se sont retrouv\u00e9s en \u00e9tat de l\u00e9gitime d\u00e9fense. Le reste de la journ\u00e9e appartient d\u00e9sormais \u00e0 l\u2019histoire sanglante du Liban qui dure depuis 1820.<\/p>\n<p>Le second temps de la manifestation, l\u2019attaque des bassidjis, n\u2019avait rien \u00e0 voir avec une protestation d\u00e9mocratique contre les d\u00e9rives suppos\u00e9es de l\u2019enqu\u00eate judiciaire. Techniquement et politiquement, c\u2019\u00e9tait une authentique ratonnade d\u2019une horde guerri\u00e8re lan\u00e7ant son cri de guerre \u00ab Chiaa, chiaa, chiaa \u00bb qu\u2019on a si souvent entendu quand les m\u00eames bandes, drogu\u00e9es de haine, venaient tabasser, avec leurs gourdins et leurs cha\u00eenes, les manifestants civils des journ\u00e9es m\u00e9morables d\u2019octobre 2019 qu\u2019il ne faut plus appeler \u00ab r\u00e9volution \u00bb. Que faisait l\u2019arm\u00e9e pendant ces six heures de razzia destructrice ? Seule l\u2019enqu\u00eate pourra le dire.<\/p>\n<p>La seule conclusion qu\u2019on pourrait tirer de cette journ\u00e9e de ratonnade, c\u2019est que le Liban unitaire est en train de se d\u00e9sagr\u00e9ger \u00e0 grande vitesse. Le scrutin l\u00e9gislatif du printemps 2022 s\u2019\u00e9loigne de plus en plus, ainsi que l\u2019\u00e9lection pr\u00e9sidentielle de l\u2019automne prochain. On voit mal comment, \u00e0 l\u2019ombre d\u2019un tel arsenal, la population pourrait sereinement exprimer son vote. Il y a clairement un Liban iranis\u00e9 khomeyniste \u00e0 dominante chiite comportant d\u2019autres composantes confessionnelles. Mais il y a aussi un Liban souverainiste multiconfessionnel qu\u2019il serait dramatique de qualifier de \u00ab chr\u00e9tien \u00bb car il ne l\u2019est pas majoritairement.<\/p>\n<p>Toute la question est : comment organiser la s\u00e9paration de corps entre ces deux entit\u00e9s sans effusion de sang, sans massacres, sans violences barbares, sans d\u00e9lires identitaires. Telle est la lourde t\u00e2che pour reconstituer l\u2019unit\u00e9 politique apparemment perdue. Une formule d\u00e9centralis\u00e9e et f\u00e9d\u00e9rative ? Toute f\u00e9d\u00e9ration implique un \u00c9tat central souverain en mati\u00e8re de d\u00e9fense, de diplomatie et de finances ; la Belgique en est une bonne illustration. Le Liban dispose des outils constitutionnels et l\u00e9gaux n\u00e9cessaires pour am\u00e9nager cela : la Constitution de Ta\u00ebf ainsi que les r\u00e9solutions internationales 1559 et 170.<\/p>\n<p>*Beyrouth<\/p>\n<p><a href=\"https:\/\/www.lorientlejour.com\/article\/1278438\/une-impossible-unite-politique-.html\">OLJ<\/a><\/p>\n","protected":false},"excerpt":{"rendered":"<p>(Capture d&rsquo;\u00e9cran montrant un homme, post\u00e9 derri\u00e8re une ambulance, tirer au fusil automatique, jeudi 14 octobre, \u00e0 Beyrouth.\u00a0\u00a9 Twitter) Jeudi 14 octobre 2021 : six heures d\u2019une miniguerre civile comme en 1975-1990, sur les m\u00eames lignes de d\u00e9marcation. Qui a tir\u00e9 le premier ? Qui a allum\u00e9 le brasier ? Autant demander qui a tu\u00e9<\/p>\n","protected":false},"author":33,"featured_media":60409,"comment_status":"open","ping_status":"open","sticky":false,"template":"","format":"standard","meta":{"_uf_show_specific_survey":0,"_uf_disable_surveys":false,"footnotes":""},"categories":[37],"tags":[],"class_list":{"0":"post-60405","1":"post","2":"type-post","3":"status-publish","4":"format-standard","5":"has-post-thumbnail","7":"category-alaune-fr"},"aioseo_notices":[],"_links":{"self":[{"href":"https:\/\/middleeasttransparent.com\/fr\/wp-json\/wp\/v2\/posts\/60405","targetHints":{"allow":["GET"]}}],"collection":[{"href":"https:\/\/middleeasttransparent.com\/fr\/wp-json\/wp\/v2\/posts"}],"about":[{"href":"https:\/\/middleeasttransparent.com\/fr\/wp-json\/wp\/v2\/types\/post"}],"author":[{"embeddable":true,"href":"https:\/\/middleeasttransparent.com\/fr\/wp-json\/wp\/v2\/users\/33"}],"replies":[{"embeddable":true,"href":"https:\/\/middleeasttransparent.com\/fr\/wp-json\/wp\/v2\/comments?post=60405"}],"version-history":[{"count":0,"href":"https:\/\/middleeasttransparent.com\/fr\/wp-json\/wp\/v2\/posts\/60405\/revisions"}],"wp:featuredmedia":[{"embeddable":true,"href":"https:\/\/middleeasttransparent.com\/fr\/wp-json\/wp\/v2\/media\/60409"}],"wp:attachment":[{"href":"https:\/\/middleeasttransparent.com\/fr\/wp-json\/wp\/v2\/media?parent=60405"}],"wp:term":[{"taxonomy":"category","embeddable":true,"href":"https:\/\/middleeasttransparent.com\/fr\/wp-json\/wp\/v2\/categories?post=60405"},{"taxonomy":"post_tag","embeddable":true,"href":"https:\/\/middleeasttransparent.com\/fr\/wp-json\/wp\/v2\/tags?post=60405"}],"curies":[{"name":"wp","href":"https:\/\/api.w.org\/{rel}","templated":true}]}}