{"id":6020,"date":"2015-11-02T15:15:37","date_gmt":"2015-11-02T14:15:37","guid":{"rendered":"http:\/\/middleeasttransparent.com\/news\/?p=6020"},"modified":"2016-05-09T19:57:55","modified_gmt":"2016-05-09T18:57:55","slug":"erdogan-50-des-turcs-ladorent-50-le-haissent","status":"publish","type":"post","link":"https:\/\/middleeasttransparent.com\/fr\/erdogan-50-des-turcs-ladorent-50-le-haissent\/","title":{"rendered":"\u00abErdogan : 50% des Turcs l&rsquo;adorent, 50 % le ha\u00efssent\u00bb"},"content":{"rendered":"<div class=\"fig-article-header\">Par <a class=\"fig-anchor fig-picto-journaliste-haut\" href=\"http:\/\/www.lefigaro.fr\/international\/2015\/11\/02\/01003-20151102ARTFIG00116-erdogan-50-des-turcs-l-adorent-50-le-haissent.php#auteur\">Eug\u00e9nie Basti\u00e9<\/a><\/p>\n<figure class=\"fig-photo\"><figcaption class=\"fig-media-legende\"><\/figcaption><\/figure>\n<\/div>\n<div class=\"fig-main-col\">\n<p class=\"fig-chapo\">INTERVIEW\u00a0&#8211; Pour le politologue turc, Ahmet Insel, si le pr\u00e9sident turc Recep Tayyip Erdogan a remport\u00e9 la majorit\u00e9 aux l\u00e9gislatives de dimanche, c&rsquo;est gr\u00e2ce \u00e0 sa strat\u00e9gie \u00abmoi ou le chaos\u00bb.<\/p>\n<div class=\"fig-article-body\">\n<p><strong>LE FIGARO\u00a0&#8211; Recep Tayyip Erdogan et son parti islamo-conservateur l&rsquo;AKP ont obtenu la majorit\u00e9 dimanche, <a href=\"http:\/\/www.lefigaro.fr\/international\/2015\/06\/07\/01003-20150607ARTFIG00241-turquie-revers-electoral-pour-le-president-erdogan.php\" target=\"\">apr\u00e8s l&rsquo;avoir perdu en juin dernier<\/a>. Cette victoire est-elle \u00e9tonnante? Comment l&rsquo;expliquer?<\/strong><\/p>\n<p><strong>AHMET INSEL*<\/strong>\u00a0&#8211; <a href=\"http:\/\/www.lefigaro.fr\/international\/2015\/11\/01\/01003-20151101ARTFIG00175-erdogan-s-impose-aux-legislatives-turques.php\" target=\"\">Une victoire si large <\/a>est \u00e9tonnante en effet. Toutes les enqu\u00eates d&rsquo;opinion, m\u00eame celles d&rsquo;instituts proches de l&rsquo;AKP, ont sous-estim\u00e9 le report de voix: les sondages les plus favorables mettaient l&rsquo;AKP \u00e0 46\u00a0%, il a obtenu 49,4\u00a0% des suffrages. La menace \u00abmoi ou le chaos\u00bb a fonctionn\u00e9. Il faut dire que les Turcs ont assist\u00e9 ces derniers mois \u00e0 la concr\u00e9tisation de sc\u00e8nes de chaos, <a href=\"http:\/\/www.lefigaro.fr\/international\/2015\/10\/10\/01003-20151010ARTFIG00051-turquie-une-explosion-meurtriere-a-ankara-fait-plusieurs-dizaines-de-morts.php\" target=\"\">avec l&rsquo;attentat tr\u00e8s meurtrier de la branche turque de Daech d\u00e9but octobre<\/a> \u00e0 Ankara ou encore dans des villes kurdes o\u00f9 les jeunes radicaux dressaient des barricades et agressaient les forces de l&rsquo;ordre.<\/p>\n<p>L&rsquo;incapacit\u00e9 des partis d&rsquo;opposition \u00e0 faire une coalition en juin dernier a aussi \u00e9t\u00e9 sanctionn\u00e9e. Le grand perdant de cette \u00e9lection c&rsquo;est d&rsquo;ailleurs le parti d&rsquo;extr\u00eame droite MHP qui a vu deux millions de ses \u00e9lecteurs rejoindre l&rsquo;AKP. Apr\u00e8s le 7 juin, c&rsquo;est lui qui avait bloqu\u00e9 toute solution de coalition en refusant de s&rsquo;allier avec Erdogan. C&rsquo;est le parti du non pour tout.<\/p>\n<p>En Turquie, le centre de gravit\u00e9 de la politique est par ailleurs fortement \u00e0 droite. Il y a un bloc incompressible de 60\u00a0% d&rsquo;\u00e9lecteurs sunnites nationalistes conservateurs.<\/p>\n<p><strong>Est-ce le vote de la peur ou bien le pr\u00e9sident b\u00e9n\u00e9ficie-t-il d&rsquo;une vraie popularit\u00e9?<\/strong><\/p>\n<p>La popularit\u00e9 d&rsquo;Erdogan est \u00e0 deux faces: 50\u00a0% de la population le hait, 50\u00a0% l&rsquo;adore. Les Turcs ont peur des Kurdes, et de la possibilit\u00e9 d&rsquo;une nouvelle guerre civile, c&rsquo;est pourquoi ils ont fait le choix de la stabilit\u00e9 avec l&rsquo;AKP. Les sc\u00e8nes de violence dans les villes kurdes, les d\u00e9clarations autonomistes de certains dirigeants du PKK (parti autonomiste kurde, consid\u00e9r\u00e9 comme terroriste par le gouvernement) ont aussi effray\u00e9 la classe moyenne kurde, qui s&rsquo;est d\u00e9tourn\u00e9 du parti de gauche pro-kurde le HDP. Le PKK est donc en partie responsable de l&rsquo;\u00e9chec du HDP. C&rsquo;est une le\u00e7on: la strat\u00e9gie de la tension, de la violence, du conflit, ne sont pas r\u00e9compens\u00e9s dans les urnes. Au contraire, elles poussent les gens \u00e0 voter pour un chef autoritaire, et renforcent Erdogan, qui se pr\u00e9sentait dans la campagne comme celui qui mettrait en \u0153uvre le processus de paix.<\/p>\n<p><strong>Peut-on s&rsquo;attendre \u00e0 un regain d&rsquo;autoritarisme de la part d&rsquo;Erdogan fort de sa nouvelle l\u00e9gitimit\u00e9?<\/strong><\/p>\n<p>Pas un regain, mais une poursuite d&rsquo;un autoritarisme qui n&rsquo;a jamais ralenti en intensit\u00e9! Nous sommes entr\u00e9s en Turquie dans l&rsquo;\u00e8re d&rsquo;un r\u00e9gime pr\u00e9sidentiel de fait, \u00e0 d\u00e9faut d&rsquo;\u00eatre de droit (la Constitution ne le reconna\u00eet pas). En Ao\u00fbt 2014, Erdogan devenait le premier pr\u00e9sident turc \u00e9lu au suffrage universel (52\u00a0% au premier tour). Cette large majorit\u00e9 parlementaire confirme et renforce sa l\u00e9gitimit\u00e9. Il a les mains libres pour imposer son r\u00e9gime pr\u00e9sidentiel.<\/p>\n<p><i>*Ahmet Insel, est politologue en Turquie, et vice-pr\u00e9sident de l&rsquo;universit\u00e9 Paris-I Panth\u00e9on-Sorbonne. Il est l&rsquo;auteur de <\/i>La nouvelle Turquie d&rsquo;Erdogan<i> (La D\u00e9couverte, mai 2015).<\/i><\/p>\n<\/div>\n<p><a href=\"http:\/\/www.lefigaro.fr\/international\/2015\/11\/02\/01003-20151102ARTFIG00116-erdogan-50-des-turcs-l-adorent-50-le-haissent.php\">Le Figaro<\/a><\/p>\n<\/div>\n","protected":false},"excerpt":{"rendered":"<p>Par Eug\u00e9nie Basti\u00e9 INTERVIEW\u00a0&#8211; Pour le politologue turc, Ahmet Insel, si le pr\u00e9sident turc Recep Tayyip Erdogan a remport\u00e9 la majorit\u00e9 aux l\u00e9gislatives de dimanche, c&rsquo;est gr\u00e2ce \u00e0 sa strat\u00e9gie \u00abmoi ou le chaos\u00bb. LE FIGARO\u00a0&#8211; Recep Tayyip Erdogan et son parti islamo-conservateur l&rsquo;AKP ont obtenu la majorit\u00e9 dimanche, apr\u00e8s l&rsquo;avoir perdu en juin dernier.<\/p>\n","protected":false},"author":152,"featured_media":6021,"comment_status":"open","ping_status":"open","sticky":false,"template":"","format":"standard","meta":{"_uf_show_specific_survey":0,"_uf_disable_surveys":false,"footnotes":""},"categories":[22],"tags":[],"class_list":{"0":"post-6020","1":"post","2":"type-post","3":"status-publish","4":"format-standard","5":"has-post-thumbnail","7":"category-actualites-fr"},"aioseo_notices":[],"_links":{"self":[{"href":"https:\/\/middleeasttransparent.com\/fr\/wp-json\/wp\/v2\/posts\/6020","targetHints":{"allow":["GET"]}}],"collection":[{"href":"https:\/\/middleeasttransparent.com\/fr\/wp-json\/wp\/v2\/posts"}],"about":[{"href":"https:\/\/middleeasttransparent.com\/fr\/wp-json\/wp\/v2\/types\/post"}],"author":[{"embeddable":true,"href":"https:\/\/middleeasttransparent.com\/fr\/wp-json\/wp\/v2\/users\/152"}],"replies":[{"embeddable":true,"href":"https:\/\/middleeasttransparent.com\/fr\/wp-json\/wp\/v2\/comments?post=6020"}],"version-history":[{"count":0,"href":"https:\/\/middleeasttransparent.com\/fr\/wp-json\/wp\/v2\/posts\/6020\/revisions"}],"wp:featuredmedia":[{"embeddable":true,"href":"https:\/\/middleeasttransparent.com\/fr\/wp-json\/wp\/v2\/media\/6021"}],"wp:attachment":[{"href":"https:\/\/middleeasttransparent.com\/fr\/wp-json\/wp\/v2\/media?parent=6020"}],"wp:term":[{"taxonomy":"category","embeddable":true,"href":"https:\/\/middleeasttransparent.com\/fr\/wp-json\/wp\/v2\/categories?post=6020"},{"taxonomy":"post_tag","embeddable":true,"href":"https:\/\/middleeasttransparent.com\/fr\/wp-json\/wp\/v2\/tags?post=6020"}],"curies":[{"name":"wp","href":"https:\/\/api.w.org\/{rel}","templated":true}]}}